{"id":6491,"date":"2020-10-25T10:29:45","date_gmt":"2020-10-25T15:29:45","guid":{"rendered":"https:\/\/profonanpe.org.pe\/?p=6491"},"modified":"2022-03-10T16:49:18","modified_gmt":"2022-03-10T21:49:18","slug":"of-the-nature-and-trajectory-of-maestro-victor-rojas","status":"publish","type":"post","link":"https:\/\/profonanpe.org.pe\/en\/de-la-naturaleza-y-la-trayectoria-del-maestro-victor-rojas\/","title":{"rendered":"On the nature and track record of the master V\u00edctor Rojas"},"content":{"rendered":"<p><strong>Victor Rojas, winner of the Illustrious Park Ranger category of the Carlos Ponce del Prado Conservation Award 2020.<\/strong><\/p>\n<p>&nbsp;<\/p>\n<p><span style=\"font-weight: 400;\">During these 28 years, <strong>During these 28 years, Victor has been a precursor and active promoter of ideas for the conservation of flora and fauna, as well as the proposal of new measures for the sustainable use of natural resources in Natural Protected Areas. In this long period, his incessant activity has been as appreciated and admired as his interest in sharing knowledge with children and rural communities.<\/strong>. Throughout this long period, his tireless activity has been as appreciated and admired as his interest in sharing knowledge with children and rural communities.\u00a0<\/span><\/p>\n<p>&nbsp;<\/p>\n<p><span style=\"font-weight: 400;\">A teacher by vocation and profession, V\u00edctor always harbored a great love for nature and the environment that nurtured his experience and sensitivity. It is for Mother Nature that he has worked, and he is now a role model for younger park rangers. With evident skill, <strong>He combined his rigorous training as an educator and his vision of environmental conservation to develop environmental education workshops in rural communities and educational institutions.<\/strong>. Thus, great was the pleasure when <strong>He received an &quot;Honorable Mention for his outstanding work as a park ranger&quot; at the 2013 Carlos Ponce del Prado Award<\/strong>.<\/span><\/p>\n<p>&nbsp;<\/p>\n<p><span style=\"font-weight: 400;\">The work of Victor Rojas has not been reduced to a specific sector because his hobbies and curiosity have made his horizons extend far beyond what he himself would have contemplated. As a park ranger, he worked in monitoring high Andean flora and fauna, becoming one of the most important representatives and links between Sernanp and the population. From his work as a teacher, Victor works on a solid axis of environmental education for everyone. Thus, he strives every day so that his message for environmental conservation reaches and crosses adversities, such as poaching, a problem that he managed to reduce to a great extent in the Jun\u00edn National Reserve. He did this by raising awareness among poachers in Lake Jun\u00edn, demonstrating once again that it is our convictions that allow us to cultivate where before it seemed infertile.<\/span><\/p>\n<p>&nbsp;<\/p>\n<p><img fetchpriority=\"high\" decoding=\"async\" class=\"wp-image-8579 alignleft\" src=\"https:\/\/profonanpe.org.pe\/wp-content\/uploads\/2020\/10\/VICTOR-ROJAS-2-edit-1-300x200.jpg\" alt=\"\" width=\"390\" height=\"261\" srcset=\"https:\/\/profonanpe.org.pe\/wp-content\/uploads\/2020\/10\/VICTOR-ROJAS-2-edit-1-300x200.jpg 300w, https:\/\/profonanpe.org.pe\/wp-content\/uploads\/2020\/10\/VICTOR-ROJAS-2-edit-1-1024x682.jpg 1024w, https:\/\/profonanpe.org.pe\/wp-content\/uploads\/2020\/10\/VICTOR-ROJAS-2-edit-1.jpg 1280w\" sizes=\"(max-width: 390px) 100vw, 390px\" \/><\/p>\n<p><span style=\"font-weight: 400;\"><strong>For all the reasons mentioned above, Professor Victor is a pioneer of environmental conservation and a great communicator of ideas.<\/strong>. Apa<\/span>A photography enthusiast, he has documented more than 600 species of flora and fauna in the Chacamarca Historical Sanctuary. He is currently working on the book &quot;Memoirs of a Park Ranger,&quot; which is expected to be published very soon. In it, he summarizes and narrates the highlights of his work and experience over the past 28 years, and includes exhaustive research on the wild flora and fauna of Jun\u00edn and Pasco. V\u00edctor Rojas has been recognized in the Distinguished Park Ranger category of the 2020 Carlos Ponce del Prado Conservation Award. Undoubtedly, <strong>It will always be a bastion of the conservation of our Protected Natural Areas<\/strong>.<\/p>\n<p>&nbsp;<\/p>\n<p><span style=\"font-weight: 400;\">\u00a0<\/span><\/p>","protected":false},"excerpt":{"rendered":"<p>Ganador de la categor\u00eda Guardaparque Ilustre del Premio para la Conservaci\u00f3n Carlos Ponce del Prado 2020 &nbsp; Durante estos 28 a\u00f1os, V\u00edctor ha sido precursor y propulsor activo de ideas para la conservaci\u00f3n de la flora y fauna, as\u00ed como de la propuesta de nuevas medidas para el uso sostenible de los recursos naturales de [&hellip;]<\/p>\n","protected":false},"author":16,"featured_media":8578,"comment_status":"open","ping_status":"open","sticky":false,"template":"","format":"standard","meta":{"_acf_changed":false,"footnotes":""},"categories":[92,421],"tags":[120,121,122],"class_list":["post-6491","post","type-post","status-publish","format-standard","has-post-thumbnail","hentry","category-noticias","category-421","tag-guardaparque","tag-premio-carlos-ponce","tag-ilustre"],"acf":[],"yoast_head":"<!-- This site is optimized with the Yoast SEO plugin v27.4 - https:\/\/yoast.com\/product\/yoast-seo-wordpress\/ -->\n<title>De la naturaleza y la trayectoria del maestro V\u00edctor Rojas - Profonanpe<\/title>\n<meta name=\"robots\" content=\"index, follow, max-snippet:-1, max-image-preview:large, max-video-preview:-1\" \/>\n<link rel=\"canonical\" href=\"https:\/\/profonanpe.org.pe\/en\/of-the-nature-and-trajectory-of-maestro-victor-rojas\/\" \/>\n<meta property=\"og:locale\" content=\"en_US\" \/>\n<meta property=\"og:type\" content=\"article\" \/>\n<meta property=\"og:title\" content=\"De la naturaleza y la trayectoria del maestro V\u00edctor Rojas - Profonanpe\" \/>\n<meta property=\"og:description\" content=\"Ganador de la categor\u00eda Guardaparque Ilustre del Premio para la Conservaci\u00f3n Carlos Ponce del Prado 2020 &nbsp; Durante estos 28 a\u00f1os, V\u00edctor ha sido precursor y propulsor activo de ideas para la conservaci\u00f3n de la flora y fauna, as\u00ed como de la propuesta de nuevas medidas para el uso sostenible de los recursos naturales de [&hellip;]\" \/>\n<meta property=\"og:url\" content=\"https:\/\/profonanpe.org.pe\/en\/of-the-nature-and-trajectory-of-maestro-victor-rojas\/\" \/>\n<meta property=\"og:site_name\" content=\"Profonanpe\" \/>\n<meta property=\"article:published_time\" content=\"2020-10-25T15:29:45+00:00\" \/>\n<meta property=\"article:modified_time\" content=\"2022-03-10T21:49:18+00:00\" \/>\n<meta property=\"og:image\" content=\"https:\/\/profonanpe.org.pe\/wp-content\/uploads\/2020\/10\/VICTOR-ROJAS-edit-1.jpg\" \/>\n\t<meta property=\"og:image:width\" content=\"1280\" \/>\n\t<meta property=\"og:image:height\" content=\"852\" \/>\n\t<meta property=\"og:image:type\" content=\"image\/jpeg\" \/>\n<meta name=\"author\" content=\"Comunicaciones\" \/>\n<meta name=\"twitter:card\" content=\"summary_large_image\" \/>\n<meta name=\"twitter:label1\" content=\"Written by\" \/>\n\t<meta name=\"twitter:data1\" content=\"Comunicaciones\" \/>\n\t<meta name=\"twitter:label2\" content=\"Est. reading time\" \/>\n\t<meta name=\"twitter:data2\" content=\"3 minutes\" \/>\n<script type=\"application\/ld+json\" class=\"yoast-schema-graph\">{\"@context\":\"https:\\\/\\\/schema.org\",\"@graph\":[{\"@type\":\"Article\",\"@id\":\"https:\\\/\\\/profonanpe.org.pe\\\/en\\\/de-la-naturaleza-y-la-trayectoria-del-maestro-victor-rojas\\\/#article\",\"isPartOf\":{\"@id\":\"https:\\\/\\\/profonanpe.org.pe\\\/en\\\/de-la-naturaleza-y-la-trayectoria-del-maestro-victor-rojas\\\/\"},\"author\":{\"name\":\"Comunicaciones\",\"@id\":\"https:\\\/\\\/profonanpe.org.pe\\\/#\\\/schema\\\/person\\\/6240c1280fa0faa493147e00b333ed6d\"},\"headline\":\"De la naturaleza y la trayectoria del maestro V\u00edctor Rojas\",\"datePublished\":\"2020-10-25T15:29:45+00:00\",\"dateModified\":\"2022-03-10T21:49:18+00:00\",\"mainEntityOfPage\":{\"@id\":\"https:\\\/\\\/profonanpe.org.pe\\\/en\\\/de-la-naturaleza-y-la-trayectoria-del-maestro-victor-rojas\\\/\"},\"wordCount\":527,\"commentCount\":0,\"publisher\":{\"@id\":\"https:\\\/\\\/profonanpe.org.pe\\\/#organization\"},\"image\":{\"@id\":\"https:\\\/\\\/profonanpe.org.pe\\\/en\\\/de-la-naturaleza-y-la-trayectoria-del-maestro-victor-rojas\\\/#primaryimage\"},\"thumbnailUrl\":\"https:\\\/\\\/profonanpe.org.pe\\\/wp-content\\\/uploads\\\/2020\\\/10\\\/VICTOR-ROJAS-edit-1.jpg\",\"keywords\":[\"Guardaparque\",\"Premio Carlos Ponce\",\"Ilustre\"],\"articleSection\":[\"Noticias\",\"2020\"],\"inLanguage\":\"en-US\",\"potentialAction\":[{\"@type\":\"CommentAction\",\"name\":\"Comment\",\"target\":[\"https:\\\/\\\/profonanpe.org.pe\\\/en\\\/de-la-naturaleza-y-la-trayectoria-del-maestro-victor-rojas\\\/#respond\"]}]},{\"@type\":\"WebPage\",\"@id\":\"https:\\\/\\\/profonanpe.org.pe\\\/en\\\/de-la-naturaleza-y-la-trayectoria-del-maestro-victor-rojas\\\/\",\"url\":\"https:\\\/\\\/profonanpe.org.pe\\\/en\\\/de-la-naturaleza-y-la-trayectoria-del-maestro-victor-rojas\\\/\",\"name\":\"De la naturaleza y la trayectoria del maestro V\u00edctor Rojas - Profonanpe\",\"isPartOf\":{\"@id\":\"https:\\\/\\\/profonanpe.org.pe\\\/#website\"},\"primaryImageOfPage\":{\"@id\":\"https:\\\/\\\/profonanpe.org.pe\\\/en\\\/de-la-naturaleza-y-la-trayectoria-del-maestro-victor-rojas\\\/#primaryimage\"},\"image\":{\"@id\":\"https:\\\/\\\/profonanpe.org.pe\\\/en\\\/de-la-naturaleza-y-la-trayectoria-del-maestro-victor-rojas\\\/#primaryimage\"},\"thumbnailUrl\":\"https:\\\/\\\/profonanpe.org.pe\\\/wp-content\\\/uploads\\\/2020\\\/10\\\/VICTOR-ROJAS-edit-1.jpg\",\"datePublished\":\"2020-10-25T15:29:45+00:00\",\"dateModified\":\"2022-03-10T21:49:18+00:00\",\"breadcrumb\":{\"@id\":\"https:\\\/\\\/profonanpe.org.pe\\\/en\\\/de-la-naturaleza-y-la-trayectoria-del-maestro-victor-rojas\\\/#breadcrumb\"},\"inLanguage\":\"en-US\",\"potentialAction\":[{\"@type\":\"ReadAction\",\"target\":[\"https:\\\/\\\/profonanpe.org.pe\\\/en\\\/de-la-naturaleza-y-la-trayectoria-del-maestro-victor-rojas\\\/\"]}]},{\"@type\":\"ImageObject\",\"inLanguage\":\"en-US\",\"@id\":\"https:\\\/\\\/profonanpe.org.pe\\\/en\\\/de-la-naturaleza-y-la-trayectoria-del-maestro-victor-rojas\\\/#primaryimage\",\"url\":\"https:\\\/\\\/profonanpe.org.pe\\\/wp-content\\\/uploads\\\/2020\\\/10\\\/VICTOR-ROJAS-edit-1.jpg\",\"contentUrl\":\"https:\\\/\\\/profonanpe.org.pe\\\/wp-content\\\/uploads\\\/2020\\\/10\\\/VICTOR-ROJAS-edit-1.jpg\",\"width\":1280,\"height\":852},{\"@type\":\"BreadcrumbList\",\"@id\":\"https:\\\/\\\/profonanpe.org.pe\\\/en\\\/de-la-naturaleza-y-la-trayectoria-del-maestro-victor-rojas\\\/#breadcrumb\",\"itemListElement\":[{\"@type\":\"ListItem\",\"position\":1,\"name\":\"Portada\",\"item\":\"https:\\\/\\\/profonanpe.org.pe\\\/\"},{\"@type\":\"ListItem\",\"position\":2,\"name\":\"De la naturaleza y la trayectoria del maestro V\u00edctor Rojas\"}]},{\"@type\":\"WebSite\",\"@id\":\"https:\\\/\\\/profonanpe.org.pe\\\/#website\",\"url\":\"https:\\\/\\\/profonanpe.org.pe\\\/\",\"name\":\"Profonanpe\",\"description\":\"\",\"publisher\":{\"@id\":\"https:\\\/\\\/profonanpe.org.pe\\\/#organization\"},\"potentialAction\":[{\"@type\":\"SearchAction\",\"target\":{\"@type\":\"EntryPoint\",\"urlTemplate\":\"https:\\\/\\\/profonanpe.org.pe\\\/?s={search_term_string}\"},\"query-input\":{\"@type\":\"PropertyValueSpecification\",\"valueRequired\":true,\"valueName\":\"search_term_string\"}}],\"inLanguage\":\"en-US\"},{\"@type\":\"Organization\",\"@id\":\"https:\\\/\\\/profonanpe.org.pe\\\/#organization\",\"name\":\"Profonanpe\",\"url\":\"https:\\\/\\\/profonanpe.org.pe\\\/\",\"logo\":{\"@type\":\"ImageObject\",\"inLanguage\":\"en-US\",\"@id\":\"https:\\\/\\\/profonanpe.org.pe\\\/#\\\/schema\\\/logo\\\/image\\\/\",\"url\":\"https:\\\/\\\/profonanpe.org.pe\\\/wp-content\\\/uploads\\\/2020\\\/10\\\/Snippet-Profonanpe-v2.jpg\",\"contentUrl\":\"https:\\\/\\\/profonanpe.org.pe\\\/wp-content\\\/uploads\\\/2020\\\/10\\\/Snippet-Profonanpe-v2.jpg\",\"width\":524,\"height\":274,\"caption\":\"Profonanpe\"},\"image\":{\"@id\":\"https:\\\/\\\/profonanpe.org.pe\\\/#\\\/schema\\\/logo\\\/image\\\/\"}},{\"@type\":\"Person\",\"@id\":\"https:\\\/\\\/profonanpe.org.pe\\\/#\\\/schema\\\/person\\\/6240c1280fa0faa493147e00b333ed6d\",\"name\":\"Comunicaciones\",\"url\":\"https:\\\/\\\/profonanpe.org.pe\\\/en\\\/author\\\/comunicaciones-profonanpe\\\/\"}]}<\/script>\n<!-- \/ Yoast SEO plugin. -->","yoast_head_json":{"title":"The nature and trajectory of master Victor Rojas - Profonanpe","robots":{"index":"index","follow":"follow","max-snippet":"max-snippet:-1","max-image-preview":"max-image-preview:large","max-video-preview":"max-video-preview:-1"},"canonical":"https:\/\/profonanpe.org.pe\/en\/of-the-nature-and-trajectory-of-maestro-victor-rojas\/","og_locale":"en_US","og_type":"article","og_title":"De la naturaleza y la trayectoria del maestro V\u00edctor Rojas - Profonanpe","og_description":"Ganador de la categor\u00eda Guardaparque Ilustre del Premio para la Conservaci\u00f3n Carlos Ponce del Prado 2020 &nbsp; Durante estos 28 a\u00f1os, V\u00edctor ha sido precursor y propulsor activo de ideas para la conservaci\u00f3n de la flora y fauna, as\u00ed como de la propuesta de nuevas medidas para el uso sostenible de los recursos naturales de [&hellip;]","og_url":"https:\/\/profonanpe.org.pe\/en\/of-the-nature-and-trajectory-of-maestro-victor-rojas\/","og_site_name":"Profonanpe","article_published_time":"2020-10-25T15:29:45+00:00","article_modified_time":"2022-03-10T21:49:18+00:00","og_image":[{"width":1280,"height":852,"url":"https:\/\/profonanpe.org.pe\/wp-content\/uploads\/2020\/10\/VICTOR-ROJAS-edit-1.jpg","type":"image\/jpeg"}],"author":"Comunicaciones","twitter_card":"summary_large_image","twitter_misc":{"Written by":"Comunicaciones","Est. reading time":"3 minutes"},"schema":{"@context":"https:\/\/schema.org","@graph":[{"@type":"Article","@id":"https:\/\/profonanpe.org.pe\/en\/de-la-naturaleza-y-la-trayectoria-del-maestro-victor-rojas\/#article","isPartOf":{"@id":"https:\/\/profonanpe.org.pe\/en\/de-la-naturaleza-y-la-trayectoria-del-maestro-victor-rojas\/"},"author":{"name":"Comunicaciones","@id":"https:\/\/profonanpe.org.pe\/#\/schema\/person\/6240c1280fa0faa493147e00b333ed6d"},"headline":"De la naturaleza y la trayectoria del maestro V\u00edctor Rojas","datePublished":"2020-10-25T15:29:45+00:00","dateModified":"2022-03-10T21:49:18+00:00","mainEntityOfPage":{"@id":"https:\/\/profonanpe.org.pe\/en\/de-la-naturaleza-y-la-trayectoria-del-maestro-victor-rojas\/"},"wordCount":527,"commentCount":0,"publisher":{"@id":"https:\/\/profonanpe.org.pe\/#organization"},"image":{"@id":"https:\/\/profonanpe.org.pe\/en\/de-la-naturaleza-y-la-trayectoria-del-maestro-victor-rojas\/#primaryimage"},"thumbnailUrl":"https:\/\/profonanpe.org.pe\/wp-content\/uploads\/2020\/10\/VICTOR-ROJAS-edit-1.jpg","keywords":["Guardaparque","Premio Carlos Ponce","Ilustre"],"articleSection":["Noticias","2020"],"inLanguage":"en-US","potentialAction":[{"@type":"CommentAction","name":"Comment","target":["https:\/\/profonanpe.org.pe\/en\/de-la-naturaleza-y-la-trayectoria-del-maestro-victor-rojas\/#respond"]}]},{"@type":"WebPage","@id":"https:\/\/profonanpe.org.pe\/en\/de-la-naturaleza-y-la-trayectoria-del-maestro-victor-rojas\/","url":"https:\/\/profonanpe.org.pe\/en\/de-la-naturaleza-y-la-trayectoria-del-maestro-victor-rojas\/","name":"The nature and trajectory of master Victor Rojas - Profonanpe","isPartOf":{"@id":"https:\/\/profonanpe.org.pe\/#website"},"primaryImageOfPage":{"@id":"https:\/\/profonanpe.org.pe\/en\/de-la-naturaleza-y-la-trayectoria-del-maestro-victor-rojas\/#primaryimage"},"image":{"@id":"https:\/\/profonanpe.org.pe\/en\/de-la-naturaleza-y-la-trayectoria-del-maestro-victor-rojas\/#primaryimage"},"thumbnailUrl":"https:\/\/profonanpe.org.pe\/wp-content\/uploads\/2020\/10\/VICTOR-ROJAS-edit-1.jpg","datePublished":"2020-10-25T15:29:45+00:00","dateModified":"2022-03-10T21:49:18+00:00","breadcrumb":{"@id":"https:\/\/profonanpe.org.pe\/en\/de-la-naturaleza-y-la-trayectoria-del-maestro-victor-rojas\/#breadcrumb"},"inLanguage":"en-US","potentialAction":[{"@type":"ReadAction","target":["https:\/\/profonanpe.org.pe\/en\/de-la-naturaleza-y-la-trayectoria-del-maestro-victor-rojas\/"]}]},{"@type":"ImageObject","inLanguage":"en-US","@id":"https:\/\/profonanpe.org.pe\/en\/de-la-naturaleza-y-la-trayectoria-del-maestro-victor-rojas\/#primaryimage","url":"https:\/\/profonanpe.org.pe\/wp-content\/uploads\/2020\/10\/VICTOR-ROJAS-edit-1.jpg","contentUrl":"https:\/\/profonanpe.org.pe\/wp-content\/uploads\/2020\/10\/VICTOR-ROJAS-edit-1.jpg","width":1280,"height":852},{"@type":"BreadcrumbList","@id":"https:\/\/profonanpe.org.pe\/en\/de-la-naturaleza-y-la-trayectoria-del-maestro-victor-rojas\/#breadcrumb","itemListElement":[{"@type":"ListItem","position":1,"name":"Portada","item":"https:\/\/profonanpe.org.pe\/"},{"@type":"ListItem","position":2,"name":"De la naturaleza y la trayectoria del maestro V\u00edctor Rojas"}]},{"@type":"WebSite","@id":"https:\/\/profonanpe.org.pe\/#website","url":"https:\/\/profonanpe.org.pe\/","name":"Profonanpe","description":"","publisher":{"@id":"https:\/\/profonanpe.org.pe\/#organization"},"potentialAction":[{"@type":"SearchAction","target":{"@type":"EntryPoint","urlTemplate":"https:\/\/profonanpe.org.pe\/?s={search_term_string}"},"query-input":{"@type":"PropertyValueSpecification","valueRequired":true,"valueName":"search_term_string"}}],"inLanguage":"en-US"},{"@type":"Organization","@id":"https:\/\/profonanpe.org.pe\/#organization","name":"Profonanpe","url":"https:\/\/profonanpe.org.pe\/","logo":{"@type":"ImageObject","inLanguage":"en-US","@id":"https:\/\/profonanpe.org.pe\/#\/schema\/logo\/image\/","url":"https:\/\/profonanpe.org.pe\/wp-content\/uploads\/2020\/10\/Snippet-Profonanpe-v2.jpg","contentUrl":"https:\/\/profonanpe.org.pe\/wp-content\/uploads\/2020\/10\/Snippet-Profonanpe-v2.jpg","width":524,"height":274,"caption":"Profonanpe"},"image":{"@id":"https:\/\/profonanpe.org.pe\/#\/schema\/logo\/image\/"}},{"@type":"Person","@id":"https:\/\/profonanpe.org.pe\/#\/schema\/person\/6240c1280fa0faa493147e00b333ed6d","name":"Communications","url":"https:\/\/profonanpe.org.pe\/en\/author\/comunicaciones-profonanpe\/"}]}},"_links":{"self":[{"href":"https:\/\/profonanpe.org.pe\/en\/wp-json\/wp\/v2\/posts\/6491","targetHints":{"allow":["GET"]}}],"collection":[{"href":"https:\/\/profonanpe.org.pe\/en\/wp-json\/wp\/v2\/posts"}],"about":[{"href":"https:\/\/profonanpe.org.pe\/en\/wp-json\/wp\/v2\/types\/post"}],"author":[{"embeddable":true,"href":"https:\/\/profonanpe.org.pe\/en\/wp-json\/wp\/v2\/users\/16"}],"replies":[{"embeddable":true,"href":"https:\/\/profonanpe.org.pe\/en\/wp-json\/wp\/v2\/comments?post=6491"}],"version-history":[{"count":0,"href":"https:\/\/profonanpe.org.pe\/en\/wp-json\/wp\/v2\/posts\/6491\/revisions"}],"wp:featuredmedia":[{"embeddable":true,"href":"https:\/\/profonanpe.org.pe\/en\/wp-json\/wp\/v2\/media\/8578"}],"wp:attachment":[{"href":"https:\/\/profonanpe.org.pe\/en\/wp-json\/wp\/v2\/media?parent=6491"}],"wp:term":[{"taxonomy":"category","embeddable":true,"href":"https:\/\/profonanpe.org.pe\/en\/wp-json\/wp\/v2\/categories?post=6491"},{"taxonomy":"post_tag","embeddable":true,"href":"https:\/\/profonanpe.org.pe\/en\/wp-json\/wp\/v2\/tags?post=6491"}],"curies":[{"name":"wp","href":"https:\/\/api.w.org\/{rel}","templated":true}]}}