{"id":5799,"date":"2020-10-23T12:07:46","date_gmt":"2020-10-23T17:07:46","guid":{"rendered":"https:\/\/profonanpe.org.pe\/?p=5799"},"modified":"2022-03-10T16:49:11","modified_gmt":"2022-03-10T21:49:11","slug":"passages-of-an-eternal-education-the-path-of-solano-perez","status":"publish","type":"post","link":"https:\/\/profonanpe.org.pe\/en\/pasajes-de-una-educacion-eterna-el-camino-de-solano-perez\/","title":{"rendered":"Passages of an everlasting education: the path of Solano P\u00e9rez"},"content":{"rendered":"<p><span style=\"font-weight: 400;\">Two years later, he was promoted to official park ranger. Soon after, he won the admiration and affection of his peers, who identified him as a born leader, one of those who act with sensitivity and resilience, always embracing his community and nature.\u00a0<\/span><\/p>\n<p>&nbsp;<\/p>\n<p><span style=\"font-weight: 400;\">Not only is his commitment to the sustainable development of the country highlighted, but also the noble work he does with the children who grow up in the lands of this vast country. Using his communication skills and mastery of the Quechua language, Solano combines his love for environmental conservation and the moral duty he has acquired with children in the \u00abFriends of the Park Ranger\u00bb Club, where he shares experiences and wisdom with students from different educational institutions and the local population. <strong>Solano combines his love for environmental conservation and the moral duty he acquired from childhood in the &quot;Friends of the Park Ranger&quot; Club, where he shares experiences and wisdom with students from different educational institutions and the local population.<\/strong>.<\/span><\/p>\n<p>&nbsp;<\/p>\n<p><span style=\"font-weight: 400;\">With great ingenuity, <strong>Solano translated his intimate connection with nature into a transformative message that raises awareness among the population about the protection and conservation of Peru&#039;s Natural Heritage.<\/strong>. Through radio programs like \u201cNaturaleza Viva\u201d (Living Nature), he promotes and raises awareness among the local population about participating in the management and conservation of the Machu Picchu Historical Sanctuary. His training as a Forest Firefighter is another noteworthy aspect, as it has enabled him to act swiftly and tenaciously in the face of adversity. Currently, he shares these experiences in the training of new forestry professionals from SINANPE (National System of Protected Natural Areas), INDECI (National Institute of Civil Defense), SERFOR (National Forest and Wildlife Service), the National Police of Peru, the Army, the General Corps of Volunteer Firefighters of Peru, and other entities.<\/span><\/p>\n<p>&nbsp;<\/p>\n<p><img fetchpriority=\"high\" decoding=\"async\" class=\"wp-image-8573 alignleft\" src=\"https:\/\/profonanpe.org.pe\/wp-content\/uploads\/2020\/10\/SOLANO-PEREZ-nota-2-300x225.jpg\" alt=\"\" width=\"410\" height=\"222\" \/><\/p>\n<p class=\"translation-block\">Solano P\u00e9rez is considered one of the best park rangers of the Machu Picchu Historic Sanctuary and of Sernanp. During all these years, he has been an agent of change and his actions continue to leave a mark in the care of the environment. For this, he has received the following recognition: in 2010, he received a commendation from the then Minister of the Environment, Antonio Brack Egg, for his participation in fighting forest fires to protect the biological diversity of the Oxapampa-Ashaninka-Yanesha biosphere reserve and the buffer zone of the Yanachaga Chemillen National Park; and three years ago, he was recognized by the Government of Chile for his support in fighting forest fires in the seventh region of Maule.<\/p>\n<p>&nbsp;<\/p>\n<p><span style=\"font-weight: 400;\">Of Solano, we highlight his nobility and his vocation of service, which have remained intact for years despite the countless crises we have suffered, and thus, we can only say that in Solano Perez we find a remarkable park ranger, teacher and firefighter, and also a friend and mentor, of those who mark our childhood and youth with their kindness and loyalty. That is why his recognition as Outstanding Park Ranger of the Carlos Ponce del Prado Conservation Award 2020 is well deserved.<\/span><\/p>","protected":false},"excerpt":{"rendered":"<p>Dos a\u00f1os despu\u00e9s, fue promovido a guardaparque oficial. Al poco tiempo se gan\u00f3 la admiraci\u00f3n y cari\u00f1o de sus compa\u00f1eros, quienes identificaron en \u00e9l a un l\u00edder nato, de aquellos que act\u00faan con sensibilidad y resistencia, siempre abrazando a su comunidad y la naturaleza.\u00a0 &nbsp; No solo se resalta su compromiso con el desarrollo sostenible [&hellip;]<\/p>\n","protected":false},"author":16,"featured_media":8581,"comment_status":"open","ping_status":"open","sticky":false,"template":"","format":"standard","meta":{"_acf_changed":false,"footnotes":""},"categories":[92,421],"tags":[120,121,123],"class_list":["post-5799","post","type-post","status-publish","format-standard","has-post-thumbnail","hentry","category-noticias","category-421","tag-guardaparque","tag-premio-carlos-ponce","tag-destacado"],"acf":[],"yoast_head":"<!-- This site is optimized with the Yoast SEO plugin v27.4 - https:\/\/yoast.com\/product\/yoast-seo-wordpress\/ -->\n<title>Pasajes de una educaci\u00f3n eterna: el camino de Solano P\u00e9rez - Profonanpe<\/title>\n<meta name=\"robots\" content=\"index, follow, max-snippet:-1, max-image-preview:large, max-video-preview:-1\" \/>\n<link rel=\"canonical\" href=\"https:\/\/profonanpe.org.pe\/en\/passages-of-an-eternal-education-the-path-of-solano-perez\/\" \/>\n<meta property=\"og:locale\" content=\"en_US\" \/>\n<meta property=\"og:type\" content=\"article\" \/>\n<meta property=\"og:title\" content=\"Pasajes de una educaci\u00f3n eterna: el camino de Solano P\u00e9rez - Profonanpe\" \/>\n<meta property=\"og:description\" content=\"Dos a\u00f1os despu\u00e9s, fue promovido a guardaparque oficial. Al poco tiempo se gan\u00f3 la admiraci\u00f3n y cari\u00f1o de sus compa\u00f1eros, quienes identificaron en \u00e9l a un l\u00edder nato, de aquellos que act\u00faan con sensibilidad y resistencia, siempre abrazando a su comunidad y la naturaleza.\u00a0 &nbsp; No solo se resalta su compromiso con el desarrollo sostenible [&hellip;]\" \/>\n<meta property=\"og:url\" content=\"https:\/\/profonanpe.org.pe\/en\/passages-of-an-eternal-education-the-path-of-solano-perez\/\" \/>\n<meta property=\"og:site_name\" content=\"Profonanpe\" \/>\n<meta property=\"article:published_time\" content=\"2020-10-23T17:07:46+00:00\" \/>\n<meta property=\"article:modified_time\" content=\"2022-03-10T21:49:11+00:00\" \/>\n<meta property=\"og:image\" content=\"https:\/\/profonanpe.org.pe\/wp-content\/uploads\/2020\/10\/SOLANO-PEREZ-BOLETIN-1.jpg\" \/>\n\t<meta property=\"og:image:width\" content=\"1078\" \/>\n\t<meta property=\"og:image:height\" content=\"672\" \/>\n\t<meta property=\"og:image:type\" content=\"image\/jpeg\" \/>\n<meta name=\"author\" content=\"Comunicaciones\" \/>\n<meta name=\"twitter:card\" content=\"summary_large_image\" \/>\n<meta name=\"twitter:label1\" content=\"Written by\" \/>\n\t<meta name=\"twitter:data1\" content=\"Comunicaciones\" \/>\n\t<meta name=\"twitter:label2\" content=\"Est. reading time\" \/>\n\t<meta name=\"twitter:data2\" content=\"2 minutes\" \/>\n<script type=\"application\/ld+json\" class=\"yoast-schema-graph\">{\"@context\":\"https:\\\/\\\/schema.org\",\"@graph\":[{\"@type\":\"Article\",\"@id\":\"https:\\\/\\\/profonanpe.org.pe\\\/pasajes-de-una-educacion-eterna-el-camino-de-solano-perez\\\/#article\",\"isPartOf\":{\"@id\":\"https:\\\/\\\/profonanpe.org.pe\\\/pasajes-de-una-educacion-eterna-el-camino-de-solano-perez\\\/\"},\"author\":{\"name\":\"Comunicaciones\",\"@id\":\"https:\\\/\\\/profonanpe.org.pe\\\/#\\\/schema\\\/person\\\/6240c1280fa0faa493147e00b333ed6d\"},\"headline\":\"Pasajes de una educaci\u00f3n eterna: el camino de Solano P\u00e9rez\",\"datePublished\":\"2020-10-23T17:07:46+00:00\",\"dateModified\":\"2022-03-10T21:49:11+00:00\",\"mainEntityOfPage\":{\"@id\":\"https:\\\/\\\/profonanpe.org.pe\\\/pasajes-de-una-educacion-eterna-el-camino-de-solano-perez\\\/\"},\"wordCount\":506,\"commentCount\":0,\"publisher\":{\"@id\":\"https:\\\/\\\/profonanpe.org.pe\\\/#organization\"},\"image\":{\"@id\":\"https:\\\/\\\/profonanpe.org.pe\\\/pasajes-de-una-educacion-eterna-el-camino-de-solano-perez\\\/#primaryimage\"},\"thumbnailUrl\":\"https:\\\/\\\/profonanpe.org.pe\\\/wp-content\\\/uploads\\\/2020\\\/10\\\/SOLANO-PEREZ-BOLETIN-1.jpg\",\"keywords\":[\"Guardaparque\",\"Premio Carlos Ponce\",\"Destacado\"],\"articleSection\":[\"Noticias\",\"2020\"],\"inLanguage\":\"en-US\",\"potentialAction\":[{\"@type\":\"CommentAction\",\"name\":\"Comment\",\"target\":[\"https:\\\/\\\/profonanpe.org.pe\\\/pasajes-de-una-educacion-eterna-el-camino-de-solano-perez\\\/#respond\"]}]},{\"@type\":\"WebPage\",\"@id\":\"https:\\\/\\\/profonanpe.org.pe\\\/pasajes-de-una-educacion-eterna-el-camino-de-solano-perez\\\/\",\"url\":\"https:\\\/\\\/profonanpe.org.pe\\\/pasajes-de-una-educacion-eterna-el-camino-de-solano-perez\\\/\",\"name\":\"Pasajes de una educaci\u00f3n eterna: el camino de Solano P\u00e9rez - Profonanpe\",\"isPartOf\":{\"@id\":\"https:\\\/\\\/profonanpe.org.pe\\\/#website\"},\"primaryImageOfPage\":{\"@id\":\"https:\\\/\\\/profonanpe.org.pe\\\/pasajes-de-una-educacion-eterna-el-camino-de-solano-perez\\\/#primaryimage\"},\"image\":{\"@id\":\"https:\\\/\\\/profonanpe.org.pe\\\/pasajes-de-una-educacion-eterna-el-camino-de-solano-perez\\\/#primaryimage\"},\"thumbnailUrl\":\"https:\\\/\\\/profonanpe.org.pe\\\/wp-content\\\/uploads\\\/2020\\\/10\\\/SOLANO-PEREZ-BOLETIN-1.jpg\",\"datePublished\":\"2020-10-23T17:07:46+00:00\",\"dateModified\":\"2022-03-10T21:49:11+00:00\",\"breadcrumb\":{\"@id\":\"https:\\\/\\\/profonanpe.org.pe\\\/pasajes-de-una-educacion-eterna-el-camino-de-solano-perez\\\/#breadcrumb\"},\"inLanguage\":\"en-US\",\"potentialAction\":[{\"@type\":\"ReadAction\",\"target\":[\"https:\\\/\\\/profonanpe.org.pe\\\/pasajes-de-una-educacion-eterna-el-camino-de-solano-perez\\\/\"]}]},{\"@type\":\"ImageObject\",\"inLanguage\":\"en-US\",\"@id\":\"https:\\\/\\\/profonanpe.org.pe\\\/pasajes-de-una-educacion-eterna-el-camino-de-solano-perez\\\/#primaryimage\",\"url\":\"https:\\\/\\\/profonanpe.org.pe\\\/wp-content\\\/uploads\\\/2020\\\/10\\\/SOLANO-PEREZ-BOLETIN-1.jpg\",\"contentUrl\":\"https:\\\/\\\/profonanpe.org.pe\\\/wp-content\\\/uploads\\\/2020\\\/10\\\/SOLANO-PEREZ-BOLETIN-1.jpg\",\"width\":1078,\"height\":672},{\"@type\":\"BreadcrumbList\",\"@id\":\"https:\\\/\\\/profonanpe.org.pe\\\/pasajes-de-una-educacion-eterna-el-camino-de-solano-perez\\\/#breadcrumb\",\"itemListElement\":[{\"@type\":\"ListItem\",\"position\":1,\"name\":\"Portada\",\"item\":\"https:\\\/\\\/profonanpe.org.pe\\\/\"},{\"@type\":\"ListItem\",\"position\":2,\"name\":\"Pasajes de una educaci\u00f3n eterna: el camino de Solano P\u00e9rez\"}]},{\"@type\":\"WebSite\",\"@id\":\"https:\\\/\\\/profonanpe.org.pe\\\/#website\",\"url\":\"https:\\\/\\\/profonanpe.org.pe\\\/\",\"name\":\"Profonanpe\",\"description\":\"\",\"publisher\":{\"@id\":\"https:\\\/\\\/profonanpe.org.pe\\\/#organization\"},\"potentialAction\":[{\"@type\":\"SearchAction\",\"target\":{\"@type\":\"EntryPoint\",\"urlTemplate\":\"https:\\\/\\\/profonanpe.org.pe\\\/?s={search_term_string}\"},\"query-input\":{\"@type\":\"PropertyValueSpecification\",\"valueRequired\":true,\"valueName\":\"search_term_string\"}}],\"inLanguage\":\"en-US\"},{\"@type\":\"Organization\",\"@id\":\"https:\\\/\\\/profonanpe.org.pe\\\/#organization\",\"name\":\"Profonanpe\",\"url\":\"https:\\\/\\\/profonanpe.org.pe\\\/\",\"logo\":{\"@type\":\"ImageObject\",\"inLanguage\":\"en-US\",\"@id\":\"https:\\\/\\\/profonanpe.org.pe\\\/#\\\/schema\\\/logo\\\/image\\\/\",\"url\":\"https:\\\/\\\/profonanpe.org.pe\\\/wp-content\\\/uploads\\\/2020\\\/10\\\/Snippet-Profonanpe-v2.jpg\",\"contentUrl\":\"https:\\\/\\\/profonanpe.org.pe\\\/wp-content\\\/uploads\\\/2020\\\/10\\\/Snippet-Profonanpe-v2.jpg\",\"width\":524,\"height\":274,\"caption\":\"Profonanpe\"},\"image\":{\"@id\":\"https:\\\/\\\/profonanpe.org.pe\\\/#\\\/schema\\\/logo\\\/image\\\/\"}},{\"@type\":\"Person\",\"@id\":\"https:\\\/\\\/profonanpe.org.pe\\\/#\\\/schema\\\/person\\\/6240c1280fa0faa493147e00b333ed6d\",\"name\":\"Comunicaciones\",\"url\":\"https:\\\/\\\/profonanpe.org.pe\\\/en\\\/author\\\/comunicaciones-profonanpe\\\/\"}]}<\/script>\n<!-- \/ Yoast SEO plugin. -->","yoast_head_json":{"title":"Passages of an eternal education: the path of Solano Perez - Profonanpe","robots":{"index":"index","follow":"follow","max-snippet":"max-snippet:-1","max-image-preview":"max-image-preview:large","max-video-preview":"max-video-preview:-1"},"canonical":"https:\/\/profonanpe.org.pe\/en\/passages-of-an-eternal-education-the-path-of-solano-perez\/","og_locale":"en_US","og_type":"article","og_title":"Pasajes de una educaci\u00f3n eterna: el camino de Solano P\u00e9rez - Profonanpe","og_description":"Dos a\u00f1os despu\u00e9s, fue promovido a guardaparque oficial. Al poco tiempo se gan\u00f3 la admiraci\u00f3n y cari\u00f1o de sus compa\u00f1eros, quienes identificaron en \u00e9l a un l\u00edder nato, de aquellos que act\u00faan con sensibilidad y resistencia, siempre abrazando a su comunidad y la naturaleza.\u00a0 &nbsp; No solo se resalta su compromiso con el desarrollo sostenible [&hellip;]","og_url":"https:\/\/profonanpe.org.pe\/en\/passages-of-an-eternal-education-the-path-of-solano-perez\/","og_site_name":"Profonanpe","article_published_time":"2020-10-23T17:07:46+00:00","article_modified_time":"2022-03-10T21:49:11+00:00","og_image":[{"width":1078,"height":672,"url":"https:\/\/profonanpe.org.pe\/wp-content\/uploads\/2020\/10\/SOLANO-PEREZ-BOLETIN-1.jpg","type":"image\/jpeg"}],"author":"Comunicaciones","twitter_card":"summary_large_image","twitter_misc":{"Written by":"Comunicaciones","Est. reading time":"2 minutes"},"schema":{"@context":"https:\/\/schema.org","@graph":[{"@type":"Article","@id":"https:\/\/profonanpe.org.pe\/pasajes-de-una-educacion-eterna-el-camino-de-solano-perez\/#article","isPartOf":{"@id":"https:\/\/profonanpe.org.pe\/pasajes-de-una-educacion-eterna-el-camino-de-solano-perez\/"},"author":{"name":"Comunicaciones","@id":"https:\/\/profonanpe.org.pe\/#\/schema\/person\/6240c1280fa0faa493147e00b333ed6d"},"headline":"Pasajes de una educaci\u00f3n eterna: el camino de Solano P\u00e9rez","datePublished":"2020-10-23T17:07:46+00:00","dateModified":"2022-03-10T21:49:11+00:00","mainEntityOfPage":{"@id":"https:\/\/profonanpe.org.pe\/pasajes-de-una-educacion-eterna-el-camino-de-solano-perez\/"},"wordCount":506,"commentCount":0,"publisher":{"@id":"https:\/\/profonanpe.org.pe\/#organization"},"image":{"@id":"https:\/\/profonanpe.org.pe\/pasajes-de-una-educacion-eterna-el-camino-de-solano-perez\/#primaryimage"},"thumbnailUrl":"https:\/\/profonanpe.org.pe\/wp-content\/uploads\/2020\/10\/SOLANO-PEREZ-BOLETIN-1.jpg","keywords":["Guardaparque","Premio Carlos Ponce","Destacado"],"articleSection":["Noticias","2020"],"inLanguage":"en-US","potentialAction":[{"@type":"CommentAction","name":"Comment","target":["https:\/\/profonanpe.org.pe\/pasajes-de-una-educacion-eterna-el-camino-de-solano-perez\/#respond"]}]},{"@type":"WebPage","@id":"https:\/\/profonanpe.org.pe\/pasajes-de-una-educacion-eterna-el-camino-de-solano-perez\/","url":"https:\/\/profonanpe.org.pe\/pasajes-de-una-educacion-eterna-el-camino-de-solano-perez\/","name":"Passages of an eternal education: the path of Solano Perez - Profonanpe","isPartOf":{"@id":"https:\/\/profonanpe.org.pe\/#website"},"primaryImageOfPage":{"@id":"https:\/\/profonanpe.org.pe\/pasajes-de-una-educacion-eterna-el-camino-de-solano-perez\/#primaryimage"},"image":{"@id":"https:\/\/profonanpe.org.pe\/pasajes-de-una-educacion-eterna-el-camino-de-solano-perez\/#primaryimage"},"thumbnailUrl":"https:\/\/profonanpe.org.pe\/wp-content\/uploads\/2020\/10\/SOLANO-PEREZ-BOLETIN-1.jpg","datePublished":"2020-10-23T17:07:46+00:00","dateModified":"2022-03-10T21:49:11+00:00","breadcrumb":{"@id":"https:\/\/profonanpe.org.pe\/pasajes-de-una-educacion-eterna-el-camino-de-solano-perez\/#breadcrumb"},"inLanguage":"en-US","potentialAction":[{"@type":"ReadAction","target":["https:\/\/profonanpe.org.pe\/pasajes-de-una-educacion-eterna-el-camino-de-solano-perez\/"]}]},{"@type":"ImageObject","inLanguage":"en-US","@id":"https:\/\/profonanpe.org.pe\/pasajes-de-una-educacion-eterna-el-camino-de-solano-perez\/#primaryimage","url":"https:\/\/profonanpe.org.pe\/wp-content\/uploads\/2020\/10\/SOLANO-PEREZ-BOLETIN-1.jpg","contentUrl":"https:\/\/profonanpe.org.pe\/wp-content\/uploads\/2020\/10\/SOLANO-PEREZ-BOLETIN-1.jpg","width":1078,"height":672},{"@type":"BreadcrumbList","@id":"https:\/\/profonanpe.org.pe\/pasajes-de-una-educacion-eterna-el-camino-de-solano-perez\/#breadcrumb","itemListElement":[{"@type":"ListItem","position":1,"name":"Portada","item":"https:\/\/profonanpe.org.pe\/"},{"@type":"ListItem","position":2,"name":"Pasajes de una educaci\u00f3n eterna: el camino de Solano P\u00e9rez"}]},{"@type":"WebSite","@id":"https:\/\/profonanpe.org.pe\/#website","url":"https:\/\/profonanpe.org.pe\/","name":"Profonanpe","description":"","publisher":{"@id":"https:\/\/profonanpe.org.pe\/#organization"},"potentialAction":[{"@type":"SearchAction","target":{"@type":"EntryPoint","urlTemplate":"https:\/\/profonanpe.org.pe\/?s={search_term_string}"},"query-input":{"@type":"PropertyValueSpecification","valueRequired":true,"valueName":"search_term_string"}}],"inLanguage":"en-US"},{"@type":"Organization","@id":"https:\/\/profonanpe.org.pe\/#organization","name":"Profonanpe","url":"https:\/\/profonanpe.org.pe\/","logo":{"@type":"ImageObject","inLanguage":"en-US","@id":"https:\/\/profonanpe.org.pe\/#\/schema\/logo\/image\/","url":"https:\/\/profonanpe.org.pe\/wp-content\/uploads\/2020\/10\/Snippet-Profonanpe-v2.jpg","contentUrl":"https:\/\/profonanpe.org.pe\/wp-content\/uploads\/2020\/10\/Snippet-Profonanpe-v2.jpg","width":524,"height":274,"caption":"Profonanpe"},"image":{"@id":"https:\/\/profonanpe.org.pe\/#\/schema\/logo\/image\/"}},{"@type":"Person","@id":"https:\/\/profonanpe.org.pe\/#\/schema\/person\/6240c1280fa0faa493147e00b333ed6d","name":"Communications","url":"https:\/\/profonanpe.org.pe\/en\/author\/comunicaciones-profonanpe\/"}]}},"_links":{"self":[{"href":"https:\/\/profonanpe.org.pe\/en\/wp-json\/wp\/v2\/posts\/5799","targetHints":{"allow":["GET"]}}],"collection":[{"href":"https:\/\/profonanpe.org.pe\/en\/wp-json\/wp\/v2\/posts"}],"about":[{"href":"https:\/\/profonanpe.org.pe\/en\/wp-json\/wp\/v2\/types\/post"}],"author":[{"embeddable":true,"href":"https:\/\/profonanpe.org.pe\/en\/wp-json\/wp\/v2\/users\/16"}],"replies":[{"embeddable":true,"href":"https:\/\/profonanpe.org.pe\/en\/wp-json\/wp\/v2\/comments?post=5799"}],"version-history":[{"count":0,"href":"https:\/\/profonanpe.org.pe\/en\/wp-json\/wp\/v2\/posts\/5799\/revisions"}],"wp:featuredmedia":[{"embeddable":true,"href":"https:\/\/profonanpe.org.pe\/en\/wp-json\/wp\/v2\/media\/8581"}],"wp:attachment":[{"href":"https:\/\/profonanpe.org.pe\/en\/wp-json\/wp\/v2\/media?parent=5799"}],"wp:term":[{"taxonomy":"category","embeddable":true,"href":"https:\/\/profonanpe.org.pe\/en\/wp-json\/wp\/v2\/categories?post=5799"},{"taxonomy":"post_tag","embeddable":true,"href":"https:\/\/profonanpe.org.pe\/en\/wp-json\/wp\/v2\/tags?post=5799"}],"curies":[{"name":"wp","href":"https:\/\/api.w.org\/{rel}","templated":true}]}}