{"id":53557,"date":"2026-04-29T17:11:28","date_gmt":"2026-04-29T22:11:28","guid":{"rendered":"https:\/\/profonanpe.org.pe\/?p=53557"},"modified":"2026-04-29T18:59:42","modified_gmt":"2026-04-29T23:59:42","slug":"oxapampa-procompite-provincial-incorporates-pollinator-protection-criteria-with-poli-lac","status":"publish","type":"post","link":"https:\/\/profonanpe.org.pe\/en\/oxapampa-procompite-provincial-incorpora-criterios-de-proteccion-a-polinizadores-junto-a-poli-lac\/","title":{"rendered":"Municipality of Oxapampa coordinates efforts with Poli-LAC to promote pollinator-friendly production chains"},"content":{"rendered":"<p>En un hito para la gesti\u00f3n del desarrollo econ\u00f3mico local en la Reserva de Bi\u00f3sfera Oxapampa-Ash\u00e1ninka-Y\u00e1nesha (BIOAY), la Municipalidad Provincial de Oxapampa (MPO), Devida y el proyecto Poli-LAC celebraron la firma del acta de cofinanciamiento con la Cooperativa Agraria Industrial Lorencillo, marcando el inicio de una nueva era de un programa Procompite sostenible.<\/p>\n<p>&nbsp;<\/p>\n<p>El Procompite Provincial se ha consolidado como uno de los principales instrumentos financieros p\u00fablicos para dinamizar los emprendimientos locales. En esta edici\u00f3n, sin embargo, el enfoque va m\u00e1s all\u00e1 de la rentabilidad econ\u00f3mica, incorporando criterios de sostenibilidad ambiental gracias a la asistencia t\u00e9cnica del proyecto Poli-LAC, que ha impulsado la inclusi\u00f3n de criterios de biodiversidad en las bases del concurso y en la priorizaci\u00f3n de cadenas productivas.<\/p>\n<p>&nbsp;<\/p>\n<p>Esta intervenci\u00f3n estrat\u00e9gica garantiza que los planes de negocio financiados no solo sean competitivos, sino tambi\u00e9n que adopten pr\u00e1cticas amigables con los insectos polinizadores. Entre los principales criterios incorporados destacan el compromiso de deforestaci\u00f3n cero, la reducci\u00f3n del uso de agroqu\u00edmicos que afectan a los polinizadores y el reconocimiento de los servicios ecosist\u00e9micos, como la polinizaci\u00f3n, fundamental para cultivos locales como el caf\u00e9, granadilla y el cacao.<\/p>\n<p>&nbsp;<\/p>\n<p>Durante la ceremonia, Ignacio Piqueras, coordinador del proyecto Poli-LAC en la BIOAY, destac\u00f3 el liderazgo de la Cooperativa Agraria Industrial Lorencillo por su visi\u00f3n empresarial y por ser referentes de este cambio de paradigma.<\/p>\n<p>&nbsp;<\/p>\n<p><em>\u201cEsto es resultado de una voluntad pol\u00edtica clara. Felicitamos a la Municipalidad Provincial de Oxapampa y, de manera muy especial, a la Gerencia de Desarrollo Econ\u00f3mico, por su apertura para transformar el Procompite en un veh\u00edculo de sostenibilidad\u201d,<\/em> afirm\u00f3.<\/p>\n<p>&nbsp;<\/p>\n<p>En esa misma l\u00ednea, subray\u00f3 que<em> \u201capostar por cadenas productivas amigables con la BIOAY es asegurar el futuro de nuestra seguridad alimentaria y nuestra identidad territorial\u201d.<\/em><\/p>\n<p>&nbsp;<\/p>\n<p><img fetchpriority=\"high\" decoding=\"async\" class=\"alignnone wp-image-53559 aligncenter\" src=\"https:\/\/profonanpe.org.pe\/wp-content\/uploads\/2026\/04\/FOTO-02-CREDITOS-MPO-300x206.jpg\" alt=\"Cooperativa Agraria Industrial Lorencillo ganador en la cadena productiva del cacao Foto: Municipalidad Provincial de Oxapampa \" width=\"398\" height=\"273\" srcset=\"https:\/\/profonanpe.org.pe\/wp-content\/uploads\/2026\/04\/FOTO-02-CREDITOS-MPO-300x206.jpg 300w, https:\/\/profonanpe.org.pe\/wp-content\/uploads\/2026\/04\/FOTO-02-CREDITOS-MPO-1024x703.jpg 1024w, https:\/\/profonanpe.org.pe\/wp-content\/uploads\/2026\/04\/FOTO-02-CREDITOS-MPO-768x527.jpg 768w, https:\/\/profonanpe.org.pe\/wp-content\/uploads\/2026\/04\/FOTO-02-CREDITOS-MPO-1536x1055.jpg 1536w, https:\/\/profonanpe.org.pe\/wp-content\/uploads\/2026\/04\/FOTO-02-CREDITOS-MPO-18x12.jpg 18w, https:\/\/profonanpe.org.pe\/wp-content\/uploads\/2026\/04\/FOTO-02-CREDITOS-MPO.jpg 2048w\" sizes=\"(max-width: 398px) 100vw, 398px\" \/><\/p>\n<p style=\"text-align: center;\"><span style=\"font-size: 10pt;\"><i><span style=\"font-weight: 400;\">Cooperativa Agraria Industrial Lorencillo ganador en la cadena productiva del cacao<\/span><\/i><\/span><\/p>\n<p style=\"text-align: center;\"><span style=\"font-size: 10pt;\"><i>Foto: Municipalidad Provincial de Oxapampa<\/i><\/span><\/p>\n<p>&nbsp;<\/p>\n<p><span style=\"font-weight: 400;\">Con la firma de este acuerdo, Oxapampa se posiciona como un referente a nivel nacional, demostrando que los fondos concursables del Estado pueden convertirse en herramientas efectivas de conservaci\u00f3n activa. El acompa\u00f1amiento t\u00e9cnico de Poli-LAC continuar\u00e1 fortaleciendo este modelo, promoviendo un desarrollo que articule el crecimiento econ\u00f3mico con la protecci\u00f3n de los polinizadores y la biodiversidad.<\/span><\/p>\n<p>&nbsp;<\/p>\n<p><b>About Poli-LAC<\/b><\/p>\n<p>&nbsp;<\/p>\n<p><span style=\"font-weight: 400;\">En Per\u00fa, el proyecto regional \u201cProtecci\u00f3n de insectos polinizadores en Am\u00e9rica Latina y el Caribe (Poli-LAC)\u201d es liderado por el Ministerio del Ambiente, en alianza con el Grupo T\u00e9cnico de Polinizadores, el Ministerio de Desarrollo Agrario y Riego y Profonanpe, con el apoyo de la cooperaci\u00f3n alemana para el desarrollo, implementada por la GIZ, por encargo de la Iniciativa Internacional del Clima (IKI) del Gobierno Federal de Alemania.\u200b<\/span><\/p>","protected":false},"excerpt":{"rendered":"<p>En un hito para la gesti\u00f3n del desarrollo econ\u00f3mico local en la Reserva de Bi\u00f3sfera Oxapampa-Ash\u00e1ninka-Y\u00e1nesha (BIOAY), la Municipalidad Provincial de Oxapampa (MPO), Devida y el proyecto Poli-LAC celebraron la firma del acta de cofinanciamiento con la Cooperativa Agraria Industrial Lorencillo, marcando el inicio de una nueva era de un programa Procompite sostenible. &nbsp; El [&hellip;]<\/p>\n","protected":false},"author":169,"featured_media":53558,"comment_status":"closed","ping_status":"open","sticky":false,"template":"","format":"standard","meta":{"_acf_changed":false,"footnotes":""},"categories":[701,92],"tags":[],"class_list":["post-53557","post","type-post","status-publish","format-standard","has-post-thumbnail","hentry","category-2026-es","category-noticias"],"acf":[],"yoast_head":"<!-- This site is optimized with the Yoast SEO plugin v27.4 - https:\/\/yoast.com\/product\/yoast-seo-wordpress\/ -->\n<title>Municipalidad de Oxapampa articula esfuerzos con Poli-LAC para impulsar cadenas productivas amigables con polinizadores - Profonanpe<\/title>\n<meta name=\"description\" content=\"En un hito para la gesti\u00f3n del desarrollo econ\u00f3mico local en la Reserva de Bi\u00f3sfera Oxapampa-Ash\u00e1ninka-Y\u00e1nesha (BIOAY), la Municipalidad Provincial de Oxapampa (MPO), Devida y el proyecto Poli-LAC celebraron la firma del acta de cofinanciamiento con la Cooperativa Agraria Industrial Lorencillo, marcando el inicio de una nueva era de un programa Procompite sostenible.\" \/>\n<meta name=\"robots\" content=\"index, follow, max-snippet:-1, max-image-preview:large, max-video-preview:-1\" \/>\n<link rel=\"canonical\" href=\"https:\/\/profonanpe.org.pe\/en\/oxapampa-procompite-provincial-incorporates-pollinator-protection-criteria-with-poli-lac\/\" \/>\n<meta property=\"og:locale\" content=\"en_US\" \/>\n<meta property=\"og:type\" content=\"article\" \/>\n<meta property=\"og:title\" content=\"Municipalidad de Oxapampa articula esfuerzos con Poli-LAC para impulsar cadenas productivas amigables con polinizadores - Profonanpe\" \/>\n<meta property=\"og:description\" content=\"En un hito para la gesti\u00f3n del desarrollo econ\u00f3mico local en la Reserva de Bi\u00f3sfera Oxapampa-Ash\u00e1ninka-Y\u00e1nesha (BIOAY), la Municipalidad Provincial de Oxapampa (MPO), Devida y el proyecto Poli-LAC celebraron la firma del acta de cofinanciamiento con la Cooperativa Agraria Industrial Lorencillo, marcando el inicio de una nueva era de un programa Procompite sostenible.\" \/>\n<meta property=\"og:url\" content=\"https:\/\/profonanpe.org.pe\/en\/oxapampa-procompite-provincial-incorporates-pollinator-protection-criteria-with-poli-lac\/\" \/>\n<meta property=\"og:site_name\" content=\"Profonanpe\" \/>\n<meta property=\"article:published_time\" content=\"2026-04-29T22:11:28+00:00\" \/>\n<meta property=\"article:modified_time\" content=\"2026-04-29T23:59:42+00:00\" \/>\n<meta property=\"og:image\" content=\"https:\/\/profonanpe.org.pe\/wp-content\/uploads\/2026\/04\/FOTO-01-CREDITOS-MPO-1024x625.jpeg\" \/>\n\t<meta property=\"og:image:width\" content=\"1024\" \/>\n\t<meta property=\"og:image:height\" content=\"625\" \/>\n\t<meta property=\"og:image:type\" content=\"image\/jpeg\" \/>\n<meta name=\"author\" content=\"Comunicaciones\" \/>\n<meta name=\"twitter:card\" content=\"summary_large_image\" \/>\n<meta name=\"twitter:label1\" content=\"Written by\" \/>\n\t<meta name=\"twitter:data1\" content=\"Comunicaciones\" \/>\n\t<meta name=\"twitter:label2\" content=\"Est. reading time\" \/>\n\t<meta name=\"twitter:data2\" content=\"3 minutes\" \/>\n<script type=\"application\/ld+json\" class=\"yoast-schema-graph\">{\"@context\":\"https:\\\/\\\/schema.org\",\"@graph\":[{\"@type\":\"Article\",\"@id\":\"https:\\\/\\\/profonanpe.org.pe\\\/oxapampa-procompite-provincial-incorpora-criterios-de-proteccion-a-polinizadores-junto-a-poli-lac\\\/#article\",\"isPartOf\":{\"@id\":\"https:\\\/\\\/profonanpe.org.pe\\\/oxapampa-procompite-provincial-incorpora-criterios-de-proteccion-a-polinizadores-junto-a-poli-lac\\\/\"},\"author\":{\"name\":\"Comunicaciones\",\"@id\":\"https:\\\/\\\/profonanpe.org.pe\\\/#\\\/schema\\\/person\\\/0d896971cc0ff713ccf06239157e4014\"},\"headline\":\"Municipalidad de Oxapampa articula esfuerzos con Poli-LAC para impulsar cadenas productivas amigables con polinizadores\",\"datePublished\":\"2026-04-29T22:11:28+00:00\",\"dateModified\":\"2026-04-29T23:59:42+00:00\",\"mainEntityOfPage\":{\"@id\":\"https:\\\/\\\/profonanpe.org.pe\\\/oxapampa-procompite-provincial-incorpora-criterios-de-proteccion-a-polinizadores-junto-a-poli-lac\\\/\"},\"wordCount\":486,\"publisher\":{\"@id\":\"https:\\\/\\\/profonanpe.org.pe\\\/#organization\"},\"image\":{\"@id\":\"https:\\\/\\\/profonanpe.org.pe\\\/oxapampa-procompite-provincial-incorpora-criterios-de-proteccion-a-polinizadores-junto-a-poli-lac\\\/#primaryimage\"},\"thumbnailUrl\":\"https:\\\/\\\/profonanpe.org.pe\\\/wp-content\\\/uploads\\\/2026\\\/04\\\/FOTO-01-CREDITOS-MPO.jpeg\",\"articleSection\":[\"2026\",\"Noticias\"],\"inLanguage\":\"en-US\"},{\"@type\":\"WebPage\",\"@id\":\"https:\\\/\\\/profonanpe.org.pe\\\/oxapampa-procompite-provincial-incorpora-criterios-de-proteccion-a-polinizadores-junto-a-poli-lac\\\/\",\"url\":\"https:\\\/\\\/profonanpe.org.pe\\\/oxapampa-procompite-provincial-incorpora-criterios-de-proteccion-a-polinizadores-junto-a-poli-lac\\\/\",\"name\":\"Municipalidad de Oxapampa articula esfuerzos con Poli-LAC para impulsar cadenas productivas amigables con polinizadores - Profonanpe\",\"isPartOf\":{\"@id\":\"https:\\\/\\\/profonanpe.org.pe\\\/#website\"},\"primaryImageOfPage\":{\"@id\":\"https:\\\/\\\/profonanpe.org.pe\\\/oxapampa-procompite-provincial-incorpora-criterios-de-proteccion-a-polinizadores-junto-a-poli-lac\\\/#primaryimage\"},\"image\":{\"@id\":\"https:\\\/\\\/profonanpe.org.pe\\\/oxapampa-procompite-provincial-incorpora-criterios-de-proteccion-a-polinizadores-junto-a-poli-lac\\\/#primaryimage\"},\"thumbnailUrl\":\"https:\\\/\\\/profonanpe.org.pe\\\/wp-content\\\/uploads\\\/2026\\\/04\\\/FOTO-01-CREDITOS-MPO.jpeg\",\"datePublished\":\"2026-04-29T22:11:28+00:00\",\"dateModified\":\"2026-04-29T23:59:42+00:00\",\"description\":\"En un hito para la gesti\u00f3n del desarrollo econ\u00f3mico local en la Reserva de Bi\u00f3sfera Oxapampa-Ash\u00e1ninka-Y\u00e1nesha (BIOAY), la Municipalidad Provincial de Oxapampa (MPO), Devida y el proyecto Poli-LAC celebraron la firma del acta de cofinanciamiento con la Cooperativa Agraria Industrial Lorencillo, marcando el inicio de una nueva era de un programa Procompite sostenible.\",\"breadcrumb\":{\"@id\":\"https:\\\/\\\/profonanpe.org.pe\\\/oxapampa-procompite-provincial-incorpora-criterios-de-proteccion-a-polinizadores-junto-a-poli-lac\\\/#breadcrumb\"},\"inLanguage\":\"en-US\",\"potentialAction\":[{\"@type\":\"ReadAction\",\"target\":[\"https:\\\/\\\/profonanpe.org.pe\\\/oxapampa-procompite-provincial-incorpora-criterios-de-proteccion-a-polinizadores-junto-a-poli-lac\\\/\"]}]},{\"@type\":\"ImageObject\",\"inLanguage\":\"en-US\",\"@id\":\"https:\\\/\\\/profonanpe.org.pe\\\/oxapampa-procompite-provincial-incorpora-criterios-de-proteccion-a-polinizadores-junto-a-poli-lac\\\/#primaryimage\",\"url\":\"https:\\\/\\\/profonanpe.org.pe\\\/wp-content\\\/uploads\\\/2026\\\/04\\\/FOTO-01-CREDITOS-MPO.jpeg\",\"contentUrl\":\"https:\\\/\\\/profonanpe.org.pe\\\/wp-content\\\/uploads\\\/2026\\\/04\\\/FOTO-01-CREDITOS-MPO.jpeg\",\"width\":5931,\"height\":3619,\"caption\":\"Nueva edici\u00f3n de Procompite incorpora criterios ambientales para proteger polinizadores y potenciar cadenas productivas sostenibles como el caf\u00e9, cacao y granadilla\"},{\"@type\":\"BreadcrumbList\",\"@id\":\"https:\\\/\\\/profonanpe.org.pe\\\/oxapampa-procompite-provincial-incorpora-criterios-de-proteccion-a-polinizadores-junto-a-poli-lac\\\/#breadcrumb\",\"itemListElement\":[{\"@type\":\"ListItem\",\"position\":1,\"name\":\"Portada\",\"item\":\"https:\\\/\\\/profonanpe.org.pe\\\/\"},{\"@type\":\"ListItem\",\"position\":2,\"name\":\"Municipalidad de Oxapampa articula esfuerzos con Poli-LAC para impulsar cadenas productivas amigables con polinizadores\"}]},{\"@type\":\"WebSite\",\"@id\":\"https:\\\/\\\/profonanpe.org.pe\\\/#website\",\"url\":\"https:\\\/\\\/profonanpe.org.pe\\\/\",\"name\":\"Profonanpe\",\"description\":\"\",\"publisher\":{\"@id\":\"https:\\\/\\\/profonanpe.org.pe\\\/#organization\"},\"potentialAction\":[{\"@type\":\"SearchAction\",\"target\":{\"@type\":\"EntryPoint\",\"urlTemplate\":\"https:\\\/\\\/profonanpe.org.pe\\\/?s={search_term_string}\"},\"query-input\":{\"@type\":\"PropertyValueSpecification\",\"valueRequired\":true,\"valueName\":\"search_term_string\"}}],\"inLanguage\":\"en-US\"},{\"@type\":\"Organization\",\"@id\":\"https:\\\/\\\/profonanpe.org.pe\\\/#organization\",\"name\":\"Profonanpe\",\"url\":\"https:\\\/\\\/profonanpe.org.pe\\\/\",\"logo\":{\"@type\":\"ImageObject\",\"inLanguage\":\"en-US\",\"@id\":\"https:\\\/\\\/profonanpe.org.pe\\\/#\\\/schema\\\/logo\\\/image\\\/\",\"url\":\"https:\\\/\\\/profonanpe.org.pe\\\/wp-content\\\/uploads\\\/2020\\\/10\\\/Snippet-Profonanpe-v2.jpg\",\"contentUrl\":\"https:\\\/\\\/profonanpe.org.pe\\\/wp-content\\\/uploads\\\/2020\\\/10\\\/Snippet-Profonanpe-v2.jpg\",\"width\":524,\"height\":274,\"caption\":\"Profonanpe\"},\"image\":{\"@id\":\"https:\\\/\\\/profonanpe.org.pe\\\/#\\\/schema\\\/logo\\\/image\\\/\"}},{\"@type\":\"Person\",\"@id\":\"https:\\\/\\\/profonanpe.org.pe\\\/#\\\/schema\\\/person\\\/0d896971cc0ff713ccf06239157e4014\",\"name\":\"Comunicaciones\",\"url\":\"https:\\\/\\\/profonanpe.org.pe\\\/en\\\/author\\\/comunicaciones-web\\\/\"}]}<\/script>\n<!-- \/ Yoast SEO plugin. -->","yoast_head_json":{"title":"Municipalidad de Oxapampa articula esfuerzos con Poli-LAC para impulsar cadenas productivas amigables con polinizadores - Profonanpe","description":"En un hito para la gesti\u00f3n del desarrollo econ\u00f3mico local en la Reserva de Bi\u00f3sfera Oxapampa-Ash\u00e1ninka-Y\u00e1nesha (BIOAY), la Municipalidad Provincial de Oxapampa (MPO), Devida y el proyecto Poli-LAC celebraron la firma del acta de cofinanciamiento con la Cooperativa Agraria Industrial Lorencillo, marcando el inicio de una nueva era de un programa Procompite sostenible.","robots":{"index":"index","follow":"follow","max-snippet":"max-snippet:-1","max-image-preview":"max-image-preview:large","max-video-preview":"max-video-preview:-1"},"canonical":"https:\/\/profonanpe.org.pe\/en\/oxapampa-procompite-provincial-incorporates-pollinator-protection-criteria-with-poli-lac\/","og_locale":"en_US","og_type":"article","og_title":"Municipalidad de Oxapampa articula esfuerzos con Poli-LAC para impulsar cadenas productivas amigables con polinizadores - Profonanpe","og_description":"En un hito para la gesti\u00f3n del desarrollo econ\u00f3mico local en la Reserva de Bi\u00f3sfera Oxapampa-Ash\u00e1ninka-Y\u00e1nesha (BIOAY), la Municipalidad Provincial de Oxapampa (MPO), Devida y el proyecto Poli-LAC celebraron la firma del acta de cofinanciamiento con la Cooperativa Agraria Industrial Lorencillo, marcando el inicio de una nueva era de un programa Procompite sostenible.","og_url":"https:\/\/profonanpe.org.pe\/en\/oxapampa-procompite-provincial-incorporates-pollinator-protection-criteria-with-poli-lac\/","og_site_name":"Profonanpe","article_published_time":"2026-04-29T22:11:28+00:00","article_modified_time":"2026-04-29T23:59:42+00:00","og_image":[{"width":1024,"height":625,"url":"https:\/\/profonanpe.org.pe\/wp-content\/uploads\/2026\/04\/FOTO-01-CREDITOS-MPO-1024x625.jpeg","type":"image\/jpeg"}],"author":"Comunicaciones","twitter_card":"summary_large_image","twitter_misc":{"Written by":"Comunicaciones","Est. reading time":"3 minutes"},"schema":{"@context":"https:\/\/schema.org","@graph":[{"@type":"Article","@id":"https:\/\/profonanpe.org.pe\/oxapampa-procompite-provincial-incorpora-criterios-de-proteccion-a-polinizadores-junto-a-poli-lac\/#article","isPartOf":{"@id":"https:\/\/profonanpe.org.pe\/oxapampa-procompite-provincial-incorpora-criterios-de-proteccion-a-polinizadores-junto-a-poli-lac\/"},"author":{"name":"Comunicaciones","@id":"https:\/\/profonanpe.org.pe\/#\/schema\/person\/0d896971cc0ff713ccf06239157e4014"},"headline":"Municipalidad de Oxapampa articula esfuerzos con Poli-LAC para impulsar cadenas productivas amigables con polinizadores","datePublished":"2026-04-29T22:11:28+00:00","dateModified":"2026-04-29T23:59:42+00:00","mainEntityOfPage":{"@id":"https:\/\/profonanpe.org.pe\/oxapampa-procompite-provincial-incorpora-criterios-de-proteccion-a-polinizadores-junto-a-poli-lac\/"},"wordCount":486,"publisher":{"@id":"https:\/\/profonanpe.org.pe\/#organization"},"image":{"@id":"https:\/\/profonanpe.org.pe\/oxapampa-procompite-provincial-incorpora-criterios-de-proteccion-a-polinizadores-junto-a-poli-lac\/#primaryimage"},"thumbnailUrl":"https:\/\/profonanpe.org.pe\/wp-content\/uploads\/2026\/04\/FOTO-01-CREDITOS-MPO.jpeg","articleSection":["2026","Noticias"],"inLanguage":"en-US"},{"@type":"WebPage","@id":"https:\/\/profonanpe.org.pe\/oxapampa-procompite-provincial-incorpora-criterios-de-proteccion-a-polinizadores-junto-a-poli-lac\/","url":"https:\/\/profonanpe.org.pe\/oxapampa-procompite-provincial-incorpora-criterios-de-proteccion-a-polinizadores-junto-a-poli-lac\/","name":"Municipalidad de Oxapampa articula esfuerzos con Poli-LAC para impulsar cadenas productivas amigables con polinizadores - Profonanpe","isPartOf":{"@id":"https:\/\/profonanpe.org.pe\/#website"},"primaryImageOfPage":{"@id":"https:\/\/profonanpe.org.pe\/oxapampa-procompite-provincial-incorpora-criterios-de-proteccion-a-polinizadores-junto-a-poli-lac\/#primaryimage"},"image":{"@id":"https:\/\/profonanpe.org.pe\/oxapampa-procompite-provincial-incorpora-criterios-de-proteccion-a-polinizadores-junto-a-poli-lac\/#primaryimage"},"thumbnailUrl":"https:\/\/profonanpe.org.pe\/wp-content\/uploads\/2026\/04\/FOTO-01-CREDITOS-MPO.jpeg","datePublished":"2026-04-29T22:11:28+00:00","dateModified":"2026-04-29T23:59:42+00:00","description":"En un hito para la gesti\u00f3n del desarrollo econ\u00f3mico local en la Reserva de Bi\u00f3sfera Oxapampa-Ash\u00e1ninka-Y\u00e1nesha (BIOAY), la Municipalidad Provincial de Oxapampa (MPO), Devida y el proyecto Poli-LAC celebraron la firma del acta de cofinanciamiento con la Cooperativa Agraria Industrial Lorencillo, marcando el inicio de una nueva era de un programa Procompite sostenible.","breadcrumb":{"@id":"https:\/\/profonanpe.org.pe\/oxapampa-procompite-provincial-incorpora-criterios-de-proteccion-a-polinizadores-junto-a-poli-lac\/#breadcrumb"},"inLanguage":"en-US","potentialAction":[{"@type":"ReadAction","target":["https:\/\/profonanpe.org.pe\/oxapampa-procompite-provincial-incorpora-criterios-de-proteccion-a-polinizadores-junto-a-poli-lac\/"]}]},{"@type":"ImageObject","inLanguage":"en-US","@id":"https:\/\/profonanpe.org.pe\/oxapampa-procompite-provincial-incorpora-criterios-de-proteccion-a-polinizadores-junto-a-poli-lac\/#primaryimage","url":"https:\/\/profonanpe.org.pe\/wp-content\/uploads\/2026\/04\/FOTO-01-CREDITOS-MPO.jpeg","contentUrl":"https:\/\/profonanpe.org.pe\/wp-content\/uploads\/2026\/04\/FOTO-01-CREDITOS-MPO.jpeg","width":5931,"height":3619,"caption":"Nueva edici\u00f3n de Procompite incorpora criterios ambientales para proteger polinizadores y potenciar cadenas productivas sostenibles como el caf\u00e9, cacao y granadilla"},{"@type":"BreadcrumbList","@id":"https:\/\/profonanpe.org.pe\/oxapampa-procompite-provincial-incorpora-criterios-de-proteccion-a-polinizadores-junto-a-poli-lac\/#breadcrumb","itemListElement":[{"@type":"ListItem","position":1,"name":"Portada","item":"https:\/\/profonanpe.org.pe\/"},{"@type":"ListItem","position":2,"name":"Municipalidad de Oxapampa articula esfuerzos con Poli-LAC para impulsar cadenas productivas amigables con polinizadores"}]},{"@type":"WebSite","@id":"https:\/\/profonanpe.org.pe\/#website","url":"https:\/\/profonanpe.org.pe\/","name":"Profonanpe","description":"","publisher":{"@id":"https:\/\/profonanpe.org.pe\/#organization"},"potentialAction":[{"@type":"SearchAction","target":{"@type":"EntryPoint","urlTemplate":"https:\/\/profonanpe.org.pe\/?s={search_term_string}"},"query-input":{"@type":"PropertyValueSpecification","valueRequired":true,"valueName":"search_term_string"}}],"inLanguage":"en-US"},{"@type":"Organization","@id":"https:\/\/profonanpe.org.pe\/#organization","name":"Profonanpe","url":"https:\/\/profonanpe.org.pe\/","logo":{"@type":"ImageObject","inLanguage":"en-US","@id":"https:\/\/profonanpe.org.pe\/#\/schema\/logo\/image\/","url":"https:\/\/profonanpe.org.pe\/wp-content\/uploads\/2020\/10\/Snippet-Profonanpe-v2.jpg","contentUrl":"https:\/\/profonanpe.org.pe\/wp-content\/uploads\/2020\/10\/Snippet-Profonanpe-v2.jpg","width":524,"height":274,"caption":"Profonanpe"},"image":{"@id":"https:\/\/profonanpe.org.pe\/#\/schema\/logo\/image\/"}},{"@type":"Person","@id":"https:\/\/profonanpe.org.pe\/#\/schema\/person\/0d896971cc0ff713ccf06239157e4014","name":"Communications","url":"https:\/\/profonanpe.org.pe\/en\/author\/comunicaciones-web\/"}]}},"_links":{"self":[{"href":"https:\/\/profonanpe.org.pe\/en\/wp-json\/wp\/v2\/posts\/53557","targetHints":{"allow":["GET"]}}],"collection":[{"href":"https:\/\/profonanpe.org.pe\/en\/wp-json\/wp\/v2\/posts"}],"about":[{"href":"https:\/\/profonanpe.org.pe\/en\/wp-json\/wp\/v2\/types\/post"}],"author":[{"embeddable":true,"href":"https:\/\/profonanpe.org.pe\/en\/wp-json\/wp\/v2\/users\/169"}],"replies":[{"embeddable":true,"href":"https:\/\/profonanpe.org.pe\/en\/wp-json\/wp\/v2\/comments?post=53557"}],"version-history":[{"count":4,"href":"https:\/\/profonanpe.org.pe\/en\/wp-json\/wp\/v2\/posts\/53557\/revisions"}],"predecessor-version":[{"id":53563,"href":"https:\/\/profonanpe.org.pe\/en\/wp-json\/wp\/v2\/posts\/53557\/revisions\/53563"}],"wp:featuredmedia":[{"embeddable":true,"href":"https:\/\/profonanpe.org.pe\/en\/wp-json\/wp\/v2\/media\/53558"}],"wp:attachment":[{"href":"https:\/\/profonanpe.org.pe\/en\/wp-json\/wp\/v2\/media?parent=53557"}],"wp:term":[{"taxonomy":"category","embeddable":true,"href":"https:\/\/profonanpe.org.pe\/en\/wp-json\/wp\/v2\/categories?post=53557"},{"taxonomy":"post_tag","embeddable":true,"href":"https:\/\/profonanpe.org.pe\/en\/wp-json\/wp\/v2\/tags?post=53557"}],"curies":[{"name":"wp","href":"https:\/\/api.w.org\/{rel}","templated":true}]}}