{"id":53550,"date":"2026-04-28T23:05:42","date_gmt":"2026-04-29T04:05:42","guid":{"rendered":"https:\/\/profonanpe.org.pe\/?p=53550"},"modified":"2026-04-28T23:07:20","modified_gmt":"2026-04-29T04:07:20","slug":"se-ratifico-la-creacion-del-area-de-conservacion-privada-huata-con-firma-comunal","status":"publish","type":"post","link":"https:\/\/profonanpe.org.pe\/en\/se-ratifico-la-creacion-del-area-de-conservacion-privada-huata-con-firma-comunal\/","title":{"rendered":"The creation of the Huata Private Conservation Area was ratified with communal signature"},"content":{"rendered":"<p><span style=\"font-weight: 400;\">El pasado 18 de enero de 2026 represent\u00f3 un punto de inflexi\u00f3n hist\u00f3rico para el proyecto. En una reuni\u00f3n celebrada en el local comunal, la Asociaci\u00f3n Andinus y la Comunidad Campesina de Huata suscribieron un acta de compromiso que ratifica la continuidad del proceso de creaci\u00f3n del ACP, contando con la presencia institucional de la Administraci\u00f3n T\u00e9cnica Forestal y de Fauna Silvestre Sierra Central (ATFFS &#8211; SERFOR). Este acuerdo oficializa la voluntad comunal de conservaci\u00f3n, activa la continuidad del proyecto e inicia la formalizaci\u00f3n ante el Servicio Nacional Forestal y de Fauna Silvestre (<\/span><a href=\"https:\/\/www.gob.pe\/sernanp\"><span style=\"font-weight: 400;\">SERNANP<\/span><\/a><span style=\"font-weight: 400;\">) de la documentaci\u00f3n requerida para avanzar hacia la declaratoria definitiva del \u00e1rea, consolidando a Huata como un referente de conservaci\u00f3n comunal proactiva en los Andes centrales.<\/span><\/p>\n<p>&nbsp;<\/p>\n<p><span style=\"font-weight: 400;\">De esta manera, la participaci\u00f3n ciudadana juega un rol determinante en este proceso. A trav\u00e9s de talleres de organizaci\u00f3n comunal realizados en diciembre de 2025, las mujeres de Huata fortalecieron sus capacidades de liderazgo, toma de decisiones colectivas y trabajo colaborativo. Las din\u00e1micas participativas permitieron ordenar roles, responsabilidades y acuerdos, incrementando significativamente la confianza de las participantes para expresar ideas y gestionar proyectos comunales.<\/span><\/p>\n<p>&nbsp;<\/p>\n<p><span style=\"font-weight: 400;\">Esta organizaci\u00f3n se refleja en la gesti\u00f3n del vivero comunal, que contin\u00faa su desarrollo con enfoque productivo y de restauraci\u00f3n. Entre los logros t\u00e9cnicos m\u00e1s recientes destaca la implementaci\u00f3n de t\u00e9cnicas de injerto en palto para mejorar la productividad de las plantaciones comunales, as\u00ed como la producci\u00f3n de especies nativas como el nogal negro (<\/span><i><span style=\"font-weight: 400;\">Juglans neotropica<\/span><\/i><span style=\"font-weight: 400;\">), contribuyendo tanto a la sostenibilidad econ\u00f3mica local como a la recuperaci\u00f3n del paisaje.<\/span><\/p>\n<p>&nbsp;<\/p>\n<p><img fetchpriority=\"high\" decoding=\"async\" class=\"alignnone wp-image-53552 aligncenter\" src=\"https:\/\/profonanpe.org.pe\/wp-content\/uploads\/2026\/04\/Imagen2-4-300x135.jpg\" alt=\"\" width=\"500\" height=\"225\" srcset=\"https:\/\/profonanpe.org.pe\/wp-content\/uploads\/2026\/04\/Imagen2-4-300x135.jpg 300w, https:\/\/profonanpe.org.pe\/wp-content\/uploads\/2026\/04\/Imagen2-4-18x8.jpg 18w, https:\/\/profonanpe.org.pe\/wp-content\/uploads\/2026\/04\/Imagen2-4.jpg 561w\" sizes=\"(max-width: 500px) 100vw, 500px\" \/><\/p>\n<p style=\"text-align: center;\"><span style=\"font-size: 10pt;\"><em><span style=\"font-weight: 400;\">Pobladora de la comunidad campesina de Huata, realizando injerto en el vivero comunal. Fotograf\u00eda: Isaac Tinoco Paucar<\/span><\/em><\/span><\/p>\n<p>&nbsp;<\/p>\n<p><span style=\"font-weight: 400;\">Con el acta de compromiso firmada entre Andinus y la comunidad de Huata, el proyecto ingresa a una fase crucial de formalizaci\u00f3n ante SERNANP. La comunidad campesina de Huata, de manera m\u00e1s organizada, se va posicionando como protagonista de la conservaci\u00f3n en esta parte del territorio peruano, demostrando que la protecci\u00f3n de la biodiversidad, el agua y la cultura ancestral pueden constituir un modelo de desarrollo territorial sostenible.<\/span><\/p>\n<p>&nbsp;<\/p>\n<p><span style=\"font-weight: 400;\">Huata no solo preservar\u00e1 el h\u00e1bitat del prioritario <\/span><i><span style=\"font-weight: 400;\">Atlapetes melanopsis<\/span><\/i><span style=\"font-weight: 400;\"> y la rica avifauna documentada, sino que asegurar\u00e1 la continuidad h\u00eddrica del r\u00edo Chilacamayo, beneficiando a anexos como Antacucho, Lauca, Huata, Andamarca, y tributando a la red h\u00eddrica del r\u00edo San Fernando.<\/span><\/p>\n<p>&nbsp;<\/p>\n<p><img decoding=\"async\" class=\"alignnone wp-image-53551 aligncenter\" src=\"https:\/\/profonanpe.org.pe\/wp-content\/uploads\/2026\/04\/Imagen3-2-300x225.jpg\" alt=\"Reuni\u00f3n para firma de acta de ratificaci\u00f3n del proyecto. Fotograf\u00eda: Jonathan Chancasana Villacorta\" width=\"327\" height=\"245\" srcset=\"https:\/\/profonanpe.org.pe\/wp-content\/uploads\/2026\/04\/Imagen3-2-300x225.jpg 300w, https:\/\/profonanpe.org.pe\/wp-content\/uploads\/2026\/04\/Imagen3-2-16x12.jpg 16w, https:\/\/profonanpe.org.pe\/wp-content\/uploads\/2026\/04\/Imagen3-2.jpg 567w\" sizes=\"(max-width: 327px) 100vw, 327px\" \/><\/p>\n<p style=\"text-align: center;\"><span style=\"font-size: 10pt;\"><em><span style=\"font-weight: 400;\">Reuni\u00f3n para firma de acta de ratificaci\u00f3n del proyecto. Fotograf\u00eda: Jonathan Chancasana Villacorta<\/span><\/em><\/span><\/p>\n<p>&nbsp;<\/p>\n<p><span style=\"font-weight: 400;\">The project is part of the international initiative <\/span><a href=\"https:\/\/conserva-aves.org\/\"><span style=\"font-weight: 400;\">Preserves Birds<\/span><\/a><span style=\"font-weight: 400;\">, led by<\/span><a href=\"https:\/\/abcbirds.org\/\"><span style=\"font-weight: 400;\"> American Bird Conservancy (ABC)<\/span><\/a><span style=\"font-weight: 400;\">, <\/span><a href=\"https:\/\/www.audubon.org\/es\"><span style=\"font-weight: 400;\">National Audubon Society (Audubon)<\/span><\/a><span style=\"font-weight: 400;\">, <\/span><a href=\"https:\/\/redlac.org\/\"><span style=\"font-weight: 400;\">BirdLife International and the Network of Environmental Funds of Latin America and the Caribbean (RedLAC)<\/span><\/a><span style=\"font-weight: 400;\">, with the participation of <\/span><a href=\"https:\/\/ecoanperu.org\/\"><span style=\"font-weight: 400;\">ECOAN<\/span><\/a><span style=\"font-weight: 400;\">,<\/span><a href=\"https:\/\/profonanpe.org.pe\/en\/\"><span style=\"font-weight: 400;\"> Profonanpe<\/span><\/a><span style=\"font-weight: 400;\"> y<\/span><a href=\"https:\/\/idmaperu.org\/\"><span style=\"font-weight: 400;\"> IDMA<\/span><\/a><span style=\"font-weight: 400;\">, and the financial backing of the <\/span><a href=\"https:\/\/www.bezosearthfund.org\/\"><span style=\"font-weight: 400;\">Bezos Earth Fund.<\/span><\/a><span style=\"font-weight: 400;\">\u00a0<\/span><\/p>","protected":false},"excerpt":{"rendered":"<p>El pasado 18 de enero de 2026 represent\u00f3 un punto de inflexi\u00f3n hist\u00f3rico para el proyecto. En una reuni\u00f3n celebrada en el local comunal, la Asociaci\u00f3n Andinus y la Comunidad Campesina de Huata suscribieron un acta de compromiso que ratifica la continuidad del proceso de creaci\u00f3n del ACP, contando con la presencia institucional de la [&hellip;]<\/p>\n","protected":false},"author":169,"featured_media":53553,"comment_status":"closed","ping_status":"open","sticky":false,"template":"","format":"standard","meta":{"_acf_changed":false,"footnotes":""},"categories":[701,92],"tags":[],"class_list":["post-53550","post","type-post","status-publish","format-standard","has-post-thumbnail","hentry","category-2026-es","category-noticias"],"acf":[],"yoast_head":"<!-- This site is optimized with the Yoast SEO plugin v27.4 - https:\/\/yoast.com\/product\/yoast-seo-wordpress\/ -->\n<title>Se ratific\u00f3 la creaci\u00f3n del \u00c1rea de Conservaci\u00f3n Privada Huata con firma comunal - Profonanpe<\/title>\n<meta name=\"description\" content=\"El pasado 18 de enero de 2026 represent\u00f3 un punto de inflexi\u00f3n hist\u00f3rico para el proyecto. En una reuni\u00f3n celebrada en el local comunal, la Asociaci\u00f3n Andinus y la Comunidad Campesina de Huata suscribieron un acta de compromiso que ratifica la continuidad del proceso de creaci\u00f3n del ACP, contando con la presencia institucional de la Administraci\u00f3n T\u00e9cnica Forestal y de Fauna Silvestre Sierra Central (ATFFS - SERFOR).\" \/>\n<meta name=\"robots\" content=\"index, follow, max-snippet:-1, max-image-preview:large, max-video-preview:-1\" \/>\n<link rel=\"canonical\" href=\"https:\/\/profonanpe.org.pe\/en\/se-ratifico-la-creacion-del-area-de-conservacion-privada-huata-con-firma-comunal\/\" \/>\n<meta property=\"og:locale\" content=\"en_US\" \/>\n<meta property=\"og:type\" content=\"article\" \/>\n<meta property=\"og:title\" content=\"Se ratific\u00f3 la creaci\u00f3n del \u00c1rea de Conservaci\u00f3n Privada Huata con firma comunal - Profonanpe\" \/>\n<meta property=\"og:description\" content=\"El pasado 18 de enero de 2026 represent\u00f3 un punto de inflexi\u00f3n hist\u00f3rico para el proyecto. En una reuni\u00f3n celebrada en el local comunal, la Asociaci\u00f3n Andinus y la Comunidad Campesina de Huata suscribieron un acta de compromiso que ratifica la continuidad del proceso de creaci\u00f3n del ACP, contando con la presencia institucional de la Administraci\u00f3n T\u00e9cnica Forestal y de Fauna Silvestre Sierra Central (ATFFS - SERFOR).\" \/>\n<meta property=\"og:url\" content=\"https:\/\/profonanpe.org.pe\/en\/se-ratifico-la-creacion-del-area-de-conservacion-privada-huata-con-firma-comunal\/\" \/>\n<meta property=\"og:site_name\" content=\"Profonanpe\" \/>\n<meta property=\"article:published_time\" content=\"2026-04-29T04:05:42+00:00\" \/>\n<meta property=\"article:modified_time\" content=\"2026-04-29T04:07:20+00:00\" \/>\n<meta property=\"og:image\" content=\"https:\/\/profonanpe.org.pe\/wp-content\/uploads\/2026\/04\/Imagen1.png\" \/>\n\t<meta property=\"og:image:width\" content=\"460\" \/>\n\t<meta property=\"og:image:height\" content=\"299\" \/>\n\t<meta property=\"og:image:type\" content=\"image\/png\" \/>\n<meta name=\"author\" content=\"Comunicaciones\" \/>\n<meta name=\"twitter:card\" content=\"summary_large_image\" \/>\n<meta name=\"twitter:label1\" content=\"Written by\" \/>\n\t<meta name=\"twitter:data1\" content=\"Comunicaciones\" \/>\n\t<meta name=\"twitter:label2\" content=\"Est. reading time\" \/>\n\t<meta name=\"twitter:data2\" content=\"3 minutes\" \/>\n<script type=\"application\/ld+json\" class=\"yoast-schema-graph\">{\"@context\":\"https:\\\/\\\/schema.org\",\"@graph\":[{\"@type\":\"Article\",\"@id\":\"https:\\\/\\\/profonanpe.org.pe\\\/se-ratifico-la-creacion-del-area-de-conservacion-privada-huata-con-firma-comunal\\\/#article\",\"isPartOf\":{\"@id\":\"https:\\\/\\\/profonanpe.org.pe\\\/se-ratifico-la-creacion-del-area-de-conservacion-privada-huata-con-firma-comunal\\\/\"},\"author\":{\"name\":\"Comunicaciones\",\"@id\":\"https:\\\/\\\/profonanpe.org.pe\\\/#\\\/schema\\\/person\\\/0d896971cc0ff713ccf06239157e4014\"},\"headline\":\"Se ratific\u00f3 la creaci\u00f3n del \u00c1rea de Conservaci\u00f3n Privada Huata con firma comunal\",\"datePublished\":\"2026-04-29T04:05:42+00:00\",\"dateModified\":\"2026-04-29T04:07:20+00:00\",\"mainEntityOfPage\":{\"@id\":\"https:\\\/\\\/profonanpe.org.pe\\\/se-ratifico-la-creacion-del-area-de-conservacion-privada-huata-con-firma-comunal\\\/\"},\"wordCount\":503,\"publisher\":{\"@id\":\"https:\\\/\\\/profonanpe.org.pe\\\/#organization\"},\"image\":{\"@id\":\"https:\\\/\\\/profonanpe.org.pe\\\/se-ratifico-la-creacion-del-area-de-conservacion-privada-huata-con-firma-comunal\\\/#primaryimage\"},\"thumbnailUrl\":\"https:\\\/\\\/profonanpe.org.pe\\\/wp-content\\\/uploads\\\/2026\\\/04\\\/Imagen1.png\",\"articleSection\":[\"2026\",\"Noticias\"],\"inLanguage\":\"en-US\"},{\"@type\":\"WebPage\",\"@id\":\"https:\\\/\\\/profonanpe.org.pe\\\/se-ratifico-la-creacion-del-area-de-conservacion-privada-huata-con-firma-comunal\\\/\",\"url\":\"https:\\\/\\\/profonanpe.org.pe\\\/se-ratifico-la-creacion-del-area-de-conservacion-privada-huata-con-firma-comunal\\\/\",\"name\":\"Se ratific\u00f3 la creaci\u00f3n del \u00c1rea de Conservaci\u00f3n Privada Huata con firma comunal - Profonanpe\",\"isPartOf\":{\"@id\":\"https:\\\/\\\/profonanpe.org.pe\\\/#website\"},\"primaryImageOfPage\":{\"@id\":\"https:\\\/\\\/profonanpe.org.pe\\\/se-ratifico-la-creacion-del-area-de-conservacion-privada-huata-con-firma-comunal\\\/#primaryimage\"},\"image\":{\"@id\":\"https:\\\/\\\/profonanpe.org.pe\\\/se-ratifico-la-creacion-del-area-de-conservacion-privada-huata-con-firma-comunal\\\/#primaryimage\"},\"thumbnailUrl\":\"https:\\\/\\\/profonanpe.org.pe\\\/wp-content\\\/uploads\\\/2026\\\/04\\\/Imagen1.png\",\"datePublished\":\"2026-04-29T04:05:42+00:00\",\"dateModified\":\"2026-04-29T04:07:20+00:00\",\"description\":\"El pasado 18 de enero de 2026 represent\u00f3 un punto de inflexi\u00f3n hist\u00f3rico para el proyecto. En una reuni\u00f3n celebrada en el local comunal, la Asociaci\u00f3n Andinus y la Comunidad Campesina de Huata suscribieron un acta de compromiso que ratifica la continuidad del proceso de creaci\u00f3n del ACP, contando con la presencia institucional de la Administraci\u00f3n T\u00e9cnica Forestal y de Fauna Silvestre Sierra Central (ATFFS - SERFOR).\",\"breadcrumb\":{\"@id\":\"https:\\\/\\\/profonanpe.org.pe\\\/se-ratifico-la-creacion-del-area-de-conservacion-privada-huata-con-firma-comunal\\\/#breadcrumb\"},\"inLanguage\":\"en-US\",\"potentialAction\":[{\"@type\":\"ReadAction\",\"target\":[\"https:\\\/\\\/profonanpe.org.pe\\\/se-ratifico-la-creacion-del-area-de-conservacion-privada-huata-con-firma-comunal\\\/\"]}]},{\"@type\":\"ImageObject\",\"inLanguage\":\"en-US\",\"@id\":\"https:\\\/\\\/profonanpe.org.pe\\\/se-ratifico-la-creacion-del-area-de-conservacion-privada-huata-con-firma-comunal\\\/#primaryimage\",\"url\":\"https:\\\/\\\/profonanpe.org.pe\\\/wp-content\\\/uploads\\\/2026\\\/04\\\/Imagen1.png\",\"contentUrl\":\"https:\\\/\\\/profonanpe.org.pe\\\/wp-content\\\/uploads\\\/2026\\\/04\\\/Imagen1.png\",\"width\":460,\"height\":299,\"caption\":\"\u201cMatorralero de anteojos negros (Atlapetes melanopsis)\u201d Fotograf\u00eda: Jonathan Chancasana Villacorta\"},{\"@type\":\"BreadcrumbList\",\"@id\":\"https:\\\/\\\/profonanpe.org.pe\\\/se-ratifico-la-creacion-del-area-de-conservacion-privada-huata-con-firma-comunal\\\/#breadcrumb\",\"itemListElement\":[{\"@type\":\"ListItem\",\"position\":1,\"name\":\"Portada\",\"item\":\"https:\\\/\\\/profonanpe.org.pe\\\/\"},{\"@type\":\"ListItem\",\"position\":2,\"name\":\"Se ratific\u00f3 la creaci\u00f3n del \u00c1rea de Conservaci\u00f3n Privada Huata con firma comunal\"}]},{\"@type\":\"WebSite\",\"@id\":\"https:\\\/\\\/profonanpe.org.pe\\\/#website\",\"url\":\"https:\\\/\\\/profonanpe.org.pe\\\/\",\"name\":\"Profonanpe\",\"description\":\"\",\"publisher\":{\"@id\":\"https:\\\/\\\/profonanpe.org.pe\\\/#organization\"},\"potentialAction\":[{\"@type\":\"SearchAction\",\"target\":{\"@type\":\"EntryPoint\",\"urlTemplate\":\"https:\\\/\\\/profonanpe.org.pe\\\/?s={search_term_string}\"},\"query-input\":{\"@type\":\"PropertyValueSpecification\",\"valueRequired\":true,\"valueName\":\"search_term_string\"}}],\"inLanguage\":\"en-US\"},{\"@type\":\"Organization\",\"@id\":\"https:\\\/\\\/profonanpe.org.pe\\\/#organization\",\"name\":\"Profonanpe\",\"url\":\"https:\\\/\\\/profonanpe.org.pe\\\/\",\"logo\":{\"@type\":\"ImageObject\",\"inLanguage\":\"en-US\",\"@id\":\"https:\\\/\\\/profonanpe.org.pe\\\/#\\\/schema\\\/logo\\\/image\\\/\",\"url\":\"https:\\\/\\\/profonanpe.org.pe\\\/wp-content\\\/uploads\\\/2020\\\/10\\\/Snippet-Profonanpe-v2.jpg\",\"contentUrl\":\"https:\\\/\\\/profonanpe.org.pe\\\/wp-content\\\/uploads\\\/2020\\\/10\\\/Snippet-Profonanpe-v2.jpg\",\"width\":524,\"height\":274,\"caption\":\"Profonanpe\"},\"image\":{\"@id\":\"https:\\\/\\\/profonanpe.org.pe\\\/#\\\/schema\\\/logo\\\/image\\\/\"}},{\"@type\":\"Person\",\"@id\":\"https:\\\/\\\/profonanpe.org.pe\\\/#\\\/schema\\\/person\\\/0d896971cc0ff713ccf06239157e4014\",\"name\":\"Comunicaciones\",\"url\":\"https:\\\/\\\/profonanpe.org.pe\\\/en\\\/author\\\/comunicaciones-web\\\/\"}]}<\/script>\n<!-- \/ Yoast SEO plugin. -->","yoast_head_json":{"title":"Se ratific\u00f3 la creaci\u00f3n del \u00c1rea de Conservaci\u00f3n Privada Huata con firma comunal - Profonanpe","description":"El pasado 18 de enero de 2026 represent\u00f3 un punto de inflexi\u00f3n hist\u00f3rico para el proyecto. En una reuni\u00f3n celebrada en el local comunal, la Asociaci\u00f3n Andinus y la Comunidad Campesina de Huata suscribieron un acta de compromiso que ratifica la continuidad del proceso de creaci\u00f3n del ACP, contando con la presencia institucional de la Administraci\u00f3n T\u00e9cnica Forestal y de Fauna Silvestre Sierra Central (ATFFS - SERFOR).","robots":{"index":"index","follow":"follow","max-snippet":"max-snippet:-1","max-image-preview":"max-image-preview:large","max-video-preview":"max-video-preview:-1"},"canonical":"https:\/\/profonanpe.org.pe\/en\/se-ratifico-la-creacion-del-area-de-conservacion-privada-huata-con-firma-comunal\/","og_locale":"en_US","og_type":"article","og_title":"Se ratific\u00f3 la creaci\u00f3n del \u00c1rea de Conservaci\u00f3n Privada Huata con firma comunal - Profonanpe","og_description":"El pasado 18 de enero de 2026 represent\u00f3 un punto de inflexi\u00f3n hist\u00f3rico para el proyecto. En una reuni\u00f3n celebrada en el local comunal, la Asociaci\u00f3n Andinus y la Comunidad Campesina de Huata suscribieron un acta de compromiso que ratifica la continuidad del proceso de creaci\u00f3n del ACP, contando con la presencia institucional de la Administraci\u00f3n T\u00e9cnica Forestal y de Fauna Silvestre Sierra Central (ATFFS - SERFOR).","og_url":"https:\/\/profonanpe.org.pe\/en\/se-ratifico-la-creacion-del-area-de-conservacion-privada-huata-con-firma-comunal\/","og_site_name":"Profonanpe","article_published_time":"2026-04-29T04:05:42+00:00","article_modified_time":"2026-04-29T04:07:20+00:00","og_image":[{"width":460,"height":299,"url":"https:\/\/profonanpe.org.pe\/wp-content\/uploads\/2026\/04\/Imagen1.png","type":"image\/png"}],"author":"Comunicaciones","twitter_card":"summary_large_image","twitter_misc":{"Written by":"Comunicaciones","Est. reading time":"3 minutes"},"schema":{"@context":"https:\/\/schema.org","@graph":[{"@type":"Article","@id":"https:\/\/profonanpe.org.pe\/se-ratifico-la-creacion-del-area-de-conservacion-privada-huata-con-firma-comunal\/#article","isPartOf":{"@id":"https:\/\/profonanpe.org.pe\/se-ratifico-la-creacion-del-area-de-conservacion-privada-huata-con-firma-comunal\/"},"author":{"name":"Comunicaciones","@id":"https:\/\/profonanpe.org.pe\/#\/schema\/person\/0d896971cc0ff713ccf06239157e4014"},"headline":"Se ratific\u00f3 la creaci\u00f3n del \u00c1rea de Conservaci\u00f3n Privada Huata con firma comunal","datePublished":"2026-04-29T04:05:42+00:00","dateModified":"2026-04-29T04:07:20+00:00","mainEntityOfPage":{"@id":"https:\/\/profonanpe.org.pe\/se-ratifico-la-creacion-del-area-de-conservacion-privada-huata-con-firma-comunal\/"},"wordCount":503,"publisher":{"@id":"https:\/\/profonanpe.org.pe\/#organization"},"image":{"@id":"https:\/\/profonanpe.org.pe\/se-ratifico-la-creacion-del-area-de-conservacion-privada-huata-con-firma-comunal\/#primaryimage"},"thumbnailUrl":"https:\/\/profonanpe.org.pe\/wp-content\/uploads\/2026\/04\/Imagen1.png","articleSection":["2026","Noticias"],"inLanguage":"en-US"},{"@type":"WebPage","@id":"https:\/\/profonanpe.org.pe\/se-ratifico-la-creacion-del-area-de-conservacion-privada-huata-con-firma-comunal\/","url":"https:\/\/profonanpe.org.pe\/se-ratifico-la-creacion-del-area-de-conservacion-privada-huata-con-firma-comunal\/","name":"Se ratific\u00f3 la creaci\u00f3n del \u00c1rea de Conservaci\u00f3n Privada Huata con firma comunal - Profonanpe","isPartOf":{"@id":"https:\/\/profonanpe.org.pe\/#website"},"primaryImageOfPage":{"@id":"https:\/\/profonanpe.org.pe\/se-ratifico-la-creacion-del-area-de-conservacion-privada-huata-con-firma-comunal\/#primaryimage"},"image":{"@id":"https:\/\/profonanpe.org.pe\/se-ratifico-la-creacion-del-area-de-conservacion-privada-huata-con-firma-comunal\/#primaryimage"},"thumbnailUrl":"https:\/\/profonanpe.org.pe\/wp-content\/uploads\/2026\/04\/Imagen1.png","datePublished":"2026-04-29T04:05:42+00:00","dateModified":"2026-04-29T04:07:20+00:00","description":"El pasado 18 de enero de 2026 represent\u00f3 un punto de inflexi\u00f3n hist\u00f3rico para el proyecto. En una reuni\u00f3n celebrada en el local comunal, la Asociaci\u00f3n Andinus y la Comunidad Campesina de Huata suscribieron un acta de compromiso que ratifica la continuidad del proceso de creaci\u00f3n del ACP, contando con la presencia institucional de la Administraci\u00f3n T\u00e9cnica Forestal y de Fauna Silvestre Sierra Central (ATFFS - SERFOR).","breadcrumb":{"@id":"https:\/\/profonanpe.org.pe\/se-ratifico-la-creacion-del-area-de-conservacion-privada-huata-con-firma-comunal\/#breadcrumb"},"inLanguage":"en-US","potentialAction":[{"@type":"ReadAction","target":["https:\/\/profonanpe.org.pe\/se-ratifico-la-creacion-del-area-de-conservacion-privada-huata-con-firma-comunal\/"]}]},{"@type":"ImageObject","inLanguage":"en-US","@id":"https:\/\/profonanpe.org.pe\/se-ratifico-la-creacion-del-area-de-conservacion-privada-huata-con-firma-comunal\/#primaryimage","url":"https:\/\/profonanpe.org.pe\/wp-content\/uploads\/2026\/04\/Imagen1.png","contentUrl":"https:\/\/profonanpe.org.pe\/wp-content\/uploads\/2026\/04\/Imagen1.png","width":460,"height":299,"caption":"\u201cMatorralero de anteojos negros (Atlapetes melanopsis)\u201d Fotograf\u00eda: Jonathan Chancasana Villacorta"},{"@type":"BreadcrumbList","@id":"https:\/\/profonanpe.org.pe\/se-ratifico-la-creacion-del-area-de-conservacion-privada-huata-con-firma-comunal\/#breadcrumb","itemListElement":[{"@type":"ListItem","position":1,"name":"Portada","item":"https:\/\/profonanpe.org.pe\/"},{"@type":"ListItem","position":2,"name":"Se ratific\u00f3 la creaci\u00f3n del \u00c1rea de Conservaci\u00f3n Privada Huata con firma comunal"}]},{"@type":"WebSite","@id":"https:\/\/profonanpe.org.pe\/#website","url":"https:\/\/profonanpe.org.pe\/","name":"Profonanpe","description":"","publisher":{"@id":"https:\/\/profonanpe.org.pe\/#organization"},"potentialAction":[{"@type":"SearchAction","target":{"@type":"EntryPoint","urlTemplate":"https:\/\/profonanpe.org.pe\/?s={search_term_string}"},"query-input":{"@type":"PropertyValueSpecification","valueRequired":true,"valueName":"search_term_string"}}],"inLanguage":"en-US"},{"@type":"Organization","@id":"https:\/\/profonanpe.org.pe\/#organization","name":"Profonanpe","url":"https:\/\/profonanpe.org.pe\/","logo":{"@type":"ImageObject","inLanguage":"en-US","@id":"https:\/\/profonanpe.org.pe\/#\/schema\/logo\/image\/","url":"https:\/\/profonanpe.org.pe\/wp-content\/uploads\/2020\/10\/Snippet-Profonanpe-v2.jpg","contentUrl":"https:\/\/profonanpe.org.pe\/wp-content\/uploads\/2020\/10\/Snippet-Profonanpe-v2.jpg","width":524,"height":274,"caption":"Profonanpe"},"image":{"@id":"https:\/\/profonanpe.org.pe\/#\/schema\/logo\/image\/"}},{"@type":"Person","@id":"https:\/\/profonanpe.org.pe\/#\/schema\/person\/0d896971cc0ff713ccf06239157e4014","name":"Communications","url":"https:\/\/profonanpe.org.pe\/en\/author\/comunicaciones-web\/"}]}},"_links":{"self":[{"href":"https:\/\/profonanpe.org.pe\/en\/wp-json\/wp\/v2\/posts\/53550","targetHints":{"allow":["GET"]}}],"collection":[{"href":"https:\/\/profonanpe.org.pe\/en\/wp-json\/wp\/v2\/posts"}],"about":[{"href":"https:\/\/profonanpe.org.pe\/en\/wp-json\/wp\/v2\/types\/post"}],"author":[{"embeddable":true,"href":"https:\/\/profonanpe.org.pe\/en\/wp-json\/wp\/v2\/users\/169"}],"replies":[{"embeddable":true,"href":"https:\/\/profonanpe.org.pe\/en\/wp-json\/wp\/v2\/comments?post=53550"}],"version-history":[{"count":2,"href":"https:\/\/profonanpe.org.pe\/en\/wp-json\/wp\/v2\/posts\/53550\/revisions"}],"predecessor-version":[{"id":53555,"href":"https:\/\/profonanpe.org.pe\/en\/wp-json\/wp\/v2\/posts\/53550\/revisions\/53555"}],"wp:featuredmedia":[{"embeddable":true,"href":"https:\/\/profonanpe.org.pe\/en\/wp-json\/wp\/v2\/media\/53553"}],"wp:attachment":[{"href":"https:\/\/profonanpe.org.pe\/en\/wp-json\/wp\/v2\/media?parent=53550"}],"wp:term":[{"taxonomy":"category","embeddable":true,"href":"https:\/\/profonanpe.org.pe\/en\/wp-json\/wp\/v2\/categories?post=53550"},{"taxonomy":"post_tag","embeddable":true,"href":"https:\/\/profonanpe.org.pe\/en\/wp-json\/wp\/v2\/tags?post=53550"}],"curies":[{"name":"wp","href":"https:\/\/api.w.org\/{rel}","templated":true}]}}