{"id":53541,"date":"2026-04-27T15:23:41","date_gmt":"2026-04-27T20:23:41","guid":{"rendered":"https:\/\/profonanpe.org.pe\/?p=53541"},"modified":"2026-04-27T15:25:36","modified_gmt":"2026-04-27T20:25:36","slug":"paliapampa-families-and-authorities-mobilized-to-reforest-the-headwaters-of-the-basin-in-junin","status":"publish","type":"post","link":"https:\/\/profonanpe.org.pe\/en\/familias-y-autoridades-de-paliapampa-se-movilizaron-para-reforestar-cabeceras-de-cuenca-en-junin\/","title":{"rendered":"Families and authorities of Paliapampa mobilized to reforest headwaters of Jun\u00edn watershed"},"content":{"rendered":"<p><span style=\"font-weight: 400;\">Since the end of 2025, in the proposed San Crist\u00f3bal de Pucut\u00e1-Menkori Regional Conservation Area (Jun\u00edn), the Hu\u00e1nuco farming community began reforesting a sector of its territory, mobilizing families, students and local authorities to protect their headwaters and strengthen the landscape's capacity to cope with climate change.<\/span><\/p>\n<p>&nbsp;<\/p>\n<p><span style=\"font-weight: 400;\">In the Paliapampa communal area, seedlings and seeds of native high Andean species, such as que\u00f1uales and talhuis, were planted and a perimeter fence was installed for their protection. These actions were co-organized with the Regional Management of Natural Resources and Environmental Management of the Regional Government of Jun\u00edn, <\/span><a href=\"https:\/\/yunkawasiperu.org\/\"><span style=\"font-weight: 400;\">Yunkawasi <\/span><\/a><span style=\"font-weight: 400;\">and the PAIS Program, included maintenance work to improve the survival of the plantations in the face of erosion and extreme weather events.<\/span><\/p>\n<p>&nbsp;<\/p>\n<p><img fetchpriority=\"high\" decoding=\"async\" class=\"alignnone size-medium wp-image-53542 aligncenter\" src=\"https:\/\/profonanpe.org.pe\/wp-content\/uploads\/2026\/04\/Imagen4-1-300x200.jpg\" alt=\"Young people and adults from the Hu\u00e1nuco farming community at the beginning of one of the reforestation days in the ACR San Crist\u00f3bal de Pucuta - Menkori proposal. \" width=\"300\" height=\"200\" srcset=\"https:\/\/profonanpe.org.pe\/wp-content\/uploads\/2026\/04\/Imagen4-1-300x200.jpg 300w, https:\/\/profonanpe.org.pe\/wp-content\/uploads\/2026\/04\/Imagen4-1-18x12.jpg 18w, https:\/\/profonanpe.org.pe\/wp-content\/uploads\/2026\/04\/Imagen4-1.jpg 457w\" sizes=\"(max-width: 300px) 100vw, 300px\" \/><\/p>\n<p style=\"text-align: center;\"><em><span style=\"font-weight: 400; font-size: 10pt;\">Young people and adults from the Hu\u00e1nuco farming community at the start of one of the workshops. <\/span><\/em><em><span style=\"font-weight: 400; font-size: 10pt;\">of reforestation in the proposed ACR San Crist\u00f3bal de Pucuta - Menkori.<\/span><\/em><\/p>\n<p style=\"text-align: center;\"><em><span style=\"font-weight: 400; font-size: 10pt;\">\u00a0\u00a9 Gerson Ferrer | Yunkawasi<\/span><\/em><\/p>\n<p>&nbsp;<\/p>\n<p><span style=\"font-weight: 400;\">Actions such as reforestation are strategic measures for biodiversity conservation and to strengthen water security in the area. In this regard, Alcides Salva, president of the Hu\u00e1nuco Campesino Community, said: <\/span><i><span style=\"font-weight: 400;\">\u201cWe join the reforestation activities at the national level from our community in the heights of Jun\u00edn, we are grateful for the support and hope to continue working with the regional government.\u201d.<\/span><\/i><\/p>\n<p>&nbsp;<\/p>\n<p><span style=\"font-weight: 400;\">The community, together with its allies, has been designing a plan to monitor the evolution of the seedlings and replicate the reforestation in other areas, consolidating it as a sustained landscape management and conservation practice that protects the territories of life and its benefits.<\/span><\/p>\n<p>&nbsp;<\/p>\n<p><b>From local action to regional recognition<\/b><\/p>\n<p>&nbsp;<\/p>\n<p><span style=\"font-weight: 400;\">This initiative, promoted by the Regional Government of Jun\u00edn, has the technical and financial support of <\/span><a href=\"https:\/\/yunkawasiperu.org\/\"><span style=\"font-weight: 400;\">Yunkawas<\/span><\/a><span style=\"font-weight: 400;\">i, <\/span><a href=\"https:\/\/www.rainforesttrust.org\/\"><span style=\"font-weight: 400;\">Rainforest Trust<\/span><\/a><span style=\"font-weight: 400;\">, <\/span><a href=\"https:\/\/www.andesamazonfund.org\/\"><span style=\"font-weight: 400;\">Andes Amazon Fund<\/span><\/a><span style=\"font-weight: 400;\"> and the <\/span><a href=\"https:\/\/profonanpe.org.pe\/en\/canned-birds\/\"><span style=\"font-weight: 400;\">Bird Conservation Initiative<\/span><\/a><span style=\"font-weight: 400;\">, through its national partners <\/span><a href=\"https:\/\/profonanpe.org.pe\/en\/\"><span style=\"font-weight: 400;\">Profonanpe<\/span><\/a><span style=\"font-weight: 400;\"> y <\/span><a href=\"https:\/\/ecoanperu.org\/\"><span style=\"font-weight: 400;\">Ecoan<\/span><\/a><span style=\"font-weight: 400;\">. In addition to the institutional support of partners such as the PA\u00cdS Program, SERFOR and SERNANP.<\/span><\/p>\n<p>&nbsp;<\/p>\n<p><span style=\"font-weight: 400;\">The project is part of the international initiative <\/span><a href=\"https:\/\/conserva-aves.org\/\"><span style=\"font-weight: 400;\">Preserves Birds<\/span><\/a><span style=\"font-weight: 400;\">, led by<\/span><a href=\"https:\/\/abcbirds.org\/\"><span style=\"font-weight: 400;\"> American Bird Conservancy (ABC)<\/span><\/a><span style=\"font-weight: 400;\">, <\/span><a href=\"https:\/\/www.audubon.org\/es\"><span style=\"font-weight: 400;\">National Audubon Society (Audubon)<\/span><\/a><span style=\"font-weight: 400;\">, <\/span><a href=\"https:\/\/redlac.org\/\"><span style=\"font-weight: 400;\">BirdLife International and the Network of Environmental Funds of Latin America and the Caribbean (RedLAC)<\/span><\/a><span style=\"font-weight: 400;\">, with the participation of <\/span><a href=\"https:\/\/ecoanperu.org\/\"><span style=\"font-weight: 400;\">ECOAN<\/span><\/a><span style=\"font-weight: 400;\">,<\/span><a href=\"https:\/\/profonanpe.org.pe\/en\/\"><span style=\"font-weight: 400;\"> Profonanpe<\/span><\/a><span style=\"font-weight: 400;\"> y<\/span><a href=\"https:\/\/idmaperu.org\/\"><span style=\"font-weight: 400;\"> IDMA<\/span><\/a><span style=\"font-weight: 400;\">, and the financial backing of the <\/span><a href=\"https:\/\/www.bezosearthfund.org\/\"><span style=\"font-weight: 400;\">Bezos Earth Fund.<\/span><\/a><span style=\"font-weight: 400;\">\u00a0<\/span><\/p>","protected":false},"excerpt":{"rendered":"<p>Desde fines de 2025, en la propuesta de \u00c1rea de Conservaci\u00f3n Regional San Crist\u00f3bal de Pucut\u00e1\u2013Menkori (Jun\u00edn), la comunidad campesina Hu\u00e1nuco puso en marcha la reforestaci\u00f3n de un sector de su territorio, movilizando a familias, estudiantes y autoridades locales para proteger sus cabeceras de cuenca y fortalecer la capacidad del paisaje para enfrentar el cambio [&hellip;]<\/p>\n","protected":false},"author":169,"featured_media":53543,"comment_status":"closed","ping_status":"open","sticky":false,"template":"","format":"standard","meta":{"_acf_changed":false,"footnotes":""},"categories":[701,92],"tags":[],"class_list":["post-53541","post","type-post","status-publish","format-standard","has-post-thumbnail","hentry","category-2026-es","category-noticias"],"acf":[],"yoast_head":"<!-- This site is optimized with the Yoast SEO plugin v27.4 - https:\/\/yoast.com\/product\/yoast-seo-wordpress\/ -->\n<title>Familias y autoridades de Paliapampa se movilizaron para reforestar cabeceras de cuenca en Jun\u00edn - Profonanpe<\/title>\n<meta name=\"description\" content=\"Desde fines de 2025, en la propuesta de \u00c1rea de Conservaci\u00f3n Regional San Crist\u00f3bal de Pucut\u00e1\u2013Menkori (Jun\u00edn), la comunidad campesina Hu\u00e1nuco puso en marcha la reforestaci\u00f3n de un sector de su territorio, movilizando a familias, estudiantes y autoridades locales para proteger sus cabeceras de cuenca y fortalecer la capacidad del paisaje para enfrentar el cambio clim\u00e1tico.\" \/>\n<meta name=\"robots\" content=\"index, follow, max-snippet:-1, max-image-preview:large, max-video-preview:-1\" \/>\n<link rel=\"canonical\" href=\"https:\/\/profonanpe.org.pe\/en\/paliapampa-families-and-authorities-mobilized-to-reforest-the-headwaters-of-the-basin-in-junin\/\" \/>\n<meta property=\"og:locale\" content=\"en_US\" \/>\n<meta property=\"og:type\" content=\"article\" \/>\n<meta property=\"og:title\" content=\"Familias y autoridades de Paliapampa se movilizaron para reforestar cabeceras de cuenca en Jun\u00edn - Profonanpe\" \/>\n<meta property=\"og:description\" content=\"Desde fines de 2025, en la propuesta de \u00c1rea de Conservaci\u00f3n Regional San Crist\u00f3bal de Pucut\u00e1\u2013Menkori (Jun\u00edn), la comunidad campesina Hu\u00e1nuco puso en marcha la reforestaci\u00f3n de un sector de su territorio, movilizando a familias, estudiantes y autoridades locales para proteger sus cabeceras de cuenca y fortalecer la capacidad del paisaje para enfrentar el cambio clim\u00e1tico.\" \/>\n<meta property=\"og:url\" content=\"https:\/\/profonanpe.org.pe\/en\/paliapampa-families-and-authorities-mobilized-to-reforest-the-headwaters-of-the-basin-in-junin\/\" \/>\n<meta property=\"og:site_name\" content=\"Profonanpe\" \/>\n<meta property=\"article:published_time\" content=\"2026-04-27T20:23:41+00:00\" \/>\n<meta property=\"article:modified_time\" content=\"2026-04-27T20:25:36+00:00\" \/>\n<meta property=\"og:image\" content=\"https:\/\/profonanpe.org.pe\/wp-content\/uploads\/2026\/04\/Imagen3-1.jpg\" \/>\n\t<meta property=\"og:image:width\" content=\"444\" \/>\n\t<meta property=\"og:image:height\" content=\"296\" \/>\n\t<meta property=\"og:image:type\" content=\"image\/jpeg\" \/>\n<meta name=\"author\" content=\"Comunicaciones\" \/>\n<meta name=\"twitter:card\" content=\"summary_large_image\" \/>\n<meta name=\"twitter:label1\" content=\"Written by\" \/>\n\t<meta name=\"twitter:data1\" content=\"Comunicaciones\" \/>\n\t<meta name=\"twitter:label2\" content=\"Est. reading time\" \/>\n\t<meta name=\"twitter:data2\" content=\"3 minutes\" \/>\n<script type=\"application\/ld+json\" class=\"yoast-schema-graph\">{\"@context\":\"https:\\\/\\\/schema.org\",\"@graph\":[{\"@type\":\"Article\",\"@id\":\"https:\\\/\\\/profonanpe.org.pe\\\/familias-y-autoridades-de-paliapampa-se-movilizaron-para-reforestar-cabeceras-de-cuenca-en-junin\\\/#article\",\"isPartOf\":{\"@id\":\"https:\\\/\\\/profonanpe.org.pe\\\/familias-y-autoridades-de-paliapampa-se-movilizaron-para-reforestar-cabeceras-de-cuenca-en-junin\\\/\"},\"author\":{\"name\":\"Comunicaciones\",\"@id\":\"https:\\\/\\\/profonanpe.org.pe\\\/#\\\/schema\\\/person\\\/0d896971cc0ff713ccf06239157e4014\"},\"headline\":\"Familias y autoridades de Paliapampa se movilizaron para reforestar cabeceras de cuenca en Jun\u00edn\",\"datePublished\":\"2026-04-27T20:23:41+00:00\",\"dateModified\":\"2026-04-27T20:25:36+00:00\",\"mainEntityOfPage\":{\"@id\":\"https:\\\/\\\/profonanpe.org.pe\\\/familias-y-autoridades-de-paliapampa-se-movilizaron-para-reforestar-cabeceras-de-cuenca-en-junin\\\/\"},\"wordCount\":436,\"publisher\":{\"@id\":\"https:\\\/\\\/profonanpe.org.pe\\\/#organization\"},\"image\":{\"@id\":\"https:\\\/\\\/profonanpe.org.pe\\\/familias-y-autoridades-de-paliapampa-se-movilizaron-para-reforestar-cabeceras-de-cuenca-en-junin\\\/#primaryimage\"},\"thumbnailUrl\":\"https:\\\/\\\/profonanpe.org.pe\\\/wp-content\\\/uploads\\\/2026\\\/04\\\/Imagen3-1.jpg\",\"articleSection\":[\"2026\",\"Noticias\"],\"inLanguage\":\"en-US\"},{\"@type\":\"WebPage\",\"@id\":\"https:\\\/\\\/profonanpe.org.pe\\\/familias-y-autoridades-de-paliapampa-se-movilizaron-para-reforestar-cabeceras-de-cuenca-en-junin\\\/\",\"url\":\"https:\\\/\\\/profonanpe.org.pe\\\/familias-y-autoridades-de-paliapampa-se-movilizaron-para-reforestar-cabeceras-de-cuenca-en-junin\\\/\",\"name\":\"Familias y autoridades de Paliapampa se movilizaron para reforestar cabeceras de cuenca en Jun\u00edn - Profonanpe\",\"isPartOf\":{\"@id\":\"https:\\\/\\\/profonanpe.org.pe\\\/#website\"},\"primaryImageOfPage\":{\"@id\":\"https:\\\/\\\/profonanpe.org.pe\\\/familias-y-autoridades-de-paliapampa-se-movilizaron-para-reforestar-cabeceras-de-cuenca-en-junin\\\/#primaryimage\"},\"image\":{\"@id\":\"https:\\\/\\\/profonanpe.org.pe\\\/familias-y-autoridades-de-paliapampa-se-movilizaron-para-reforestar-cabeceras-de-cuenca-en-junin\\\/#primaryimage\"},\"thumbnailUrl\":\"https:\\\/\\\/profonanpe.org.pe\\\/wp-content\\\/uploads\\\/2026\\\/04\\\/Imagen3-1.jpg\",\"datePublished\":\"2026-04-27T20:23:41+00:00\",\"dateModified\":\"2026-04-27T20:25:36+00:00\",\"description\":\"Desde fines de 2025, en la propuesta de \u00c1rea de Conservaci\u00f3n Regional San Crist\u00f3bal de Pucut\u00e1\u2013Menkori (Jun\u00edn), la comunidad campesina Hu\u00e1nuco puso en marcha la reforestaci\u00f3n de un sector de su territorio, movilizando a familias, estudiantes y autoridades locales para proteger sus cabeceras de cuenca y fortalecer la capacidad del paisaje para enfrentar el cambio clim\u00e1tico.\",\"breadcrumb\":{\"@id\":\"https:\\\/\\\/profonanpe.org.pe\\\/familias-y-autoridades-de-paliapampa-se-movilizaron-para-reforestar-cabeceras-de-cuenca-en-junin\\\/#breadcrumb\"},\"inLanguage\":\"en-US\",\"potentialAction\":[{\"@type\":\"ReadAction\",\"target\":[\"https:\\\/\\\/profonanpe.org.pe\\\/familias-y-autoridades-de-paliapampa-se-movilizaron-para-reforestar-cabeceras-de-cuenca-en-junin\\\/\"]}]},{\"@type\":\"ImageObject\",\"inLanguage\":\"en-US\",\"@id\":\"https:\\\/\\\/profonanpe.org.pe\\\/familias-y-autoridades-de-paliapampa-se-movilizaron-para-reforestar-cabeceras-de-cuenca-en-junin\\\/#primaryimage\",\"url\":\"https:\\\/\\\/profonanpe.org.pe\\\/wp-content\\\/uploads\\\/2026\\\/04\\\/Imagen3-1.jpg\",\"contentUrl\":\"https:\\\/\\\/profonanpe.org.pe\\\/wp-content\\\/uploads\\\/2026\\\/04\\\/Imagen3-1.jpg\",\"width\":444,\"height\":296,\"caption\":\"\u00a9 Gerson Ferrer | Yunkawasi\"},{\"@type\":\"BreadcrumbList\",\"@id\":\"https:\\\/\\\/profonanpe.org.pe\\\/familias-y-autoridades-de-paliapampa-se-movilizaron-para-reforestar-cabeceras-de-cuenca-en-junin\\\/#breadcrumb\",\"itemListElement\":[{\"@type\":\"ListItem\",\"position\":1,\"name\":\"Portada\",\"item\":\"https:\\\/\\\/profonanpe.org.pe\\\/\"},{\"@type\":\"ListItem\",\"position\":2,\"name\":\"Familias y autoridades de Paliapampa se movilizaron para reforestar cabeceras de cuenca en Jun\u00edn\"}]},{\"@type\":\"WebSite\",\"@id\":\"https:\\\/\\\/profonanpe.org.pe\\\/#website\",\"url\":\"https:\\\/\\\/profonanpe.org.pe\\\/\",\"name\":\"Profonanpe\",\"description\":\"\",\"publisher\":{\"@id\":\"https:\\\/\\\/profonanpe.org.pe\\\/#organization\"},\"potentialAction\":[{\"@type\":\"SearchAction\",\"target\":{\"@type\":\"EntryPoint\",\"urlTemplate\":\"https:\\\/\\\/profonanpe.org.pe\\\/?s={search_term_string}\"},\"query-input\":{\"@type\":\"PropertyValueSpecification\",\"valueRequired\":true,\"valueName\":\"search_term_string\"}}],\"inLanguage\":\"en-US\"},{\"@type\":\"Organization\",\"@id\":\"https:\\\/\\\/profonanpe.org.pe\\\/#organization\",\"name\":\"Profonanpe\",\"url\":\"https:\\\/\\\/profonanpe.org.pe\\\/\",\"logo\":{\"@type\":\"ImageObject\",\"inLanguage\":\"en-US\",\"@id\":\"https:\\\/\\\/profonanpe.org.pe\\\/#\\\/schema\\\/logo\\\/image\\\/\",\"url\":\"https:\\\/\\\/profonanpe.org.pe\\\/wp-content\\\/uploads\\\/2020\\\/10\\\/Snippet-Profonanpe-v2.jpg\",\"contentUrl\":\"https:\\\/\\\/profonanpe.org.pe\\\/wp-content\\\/uploads\\\/2020\\\/10\\\/Snippet-Profonanpe-v2.jpg\",\"width\":524,\"height\":274,\"caption\":\"Profonanpe\"},\"image\":{\"@id\":\"https:\\\/\\\/profonanpe.org.pe\\\/#\\\/schema\\\/logo\\\/image\\\/\"}},{\"@type\":\"Person\",\"@id\":\"https:\\\/\\\/profonanpe.org.pe\\\/#\\\/schema\\\/person\\\/0d896971cc0ff713ccf06239157e4014\",\"name\":\"Comunicaciones\",\"url\":\"https:\\\/\\\/profonanpe.org.pe\\\/en\\\/author\\\/comunicaciones-web\\\/\"}]}<\/script>\n<!-- \/ Yoast SEO plugin. -->","yoast_head_json":{"title":"Families and authorities of Paliapampa mobilized to reforest headwaters in Jun\u00edn - Profonanpe","description":"Since the end of 2025, in the proposed San Crist\u00f3bal de Pucut\u00e1-Menkori Regional Conservation Area (Jun\u00edn), the Hu\u00e1nuco farming community began reforesting a sector of its territory, mobilizing families, students and local authorities to protect their headwaters and strengthen the landscape's capacity to cope with climate change.","robots":{"index":"index","follow":"follow","max-snippet":"max-snippet:-1","max-image-preview":"max-image-preview:large","max-video-preview":"max-video-preview:-1"},"canonical":"https:\/\/profonanpe.org.pe\/en\/paliapampa-families-and-authorities-mobilized-to-reforest-the-headwaters-of-the-basin-in-junin\/","og_locale":"en_US","og_type":"article","og_title":"Familias y autoridades de Paliapampa se movilizaron para reforestar cabeceras de cuenca en Jun\u00edn - Profonanpe","og_description":"Desde fines de 2025, en la propuesta de \u00c1rea de Conservaci\u00f3n Regional San Crist\u00f3bal de Pucut\u00e1\u2013Menkori (Jun\u00edn), la comunidad campesina Hu\u00e1nuco puso en marcha la reforestaci\u00f3n de un sector de su territorio, movilizando a familias, estudiantes y autoridades locales para proteger sus cabeceras de cuenca y fortalecer la capacidad del paisaje para enfrentar el cambio clim\u00e1tico.","og_url":"https:\/\/profonanpe.org.pe\/en\/paliapampa-families-and-authorities-mobilized-to-reforest-the-headwaters-of-the-basin-in-junin\/","og_site_name":"Profonanpe","article_published_time":"2026-04-27T20:23:41+00:00","article_modified_time":"2026-04-27T20:25:36+00:00","og_image":[{"width":444,"height":296,"url":"https:\/\/profonanpe.org.pe\/wp-content\/uploads\/2026\/04\/Imagen3-1.jpg","type":"image\/jpeg"}],"author":"Comunicaciones","twitter_card":"summary_large_image","twitter_misc":{"Written by":"Comunicaciones","Est. reading time":"3 minutes"},"schema":{"@context":"https:\/\/schema.org","@graph":[{"@type":"Article","@id":"https:\/\/profonanpe.org.pe\/familias-y-autoridades-de-paliapampa-se-movilizaron-para-reforestar-cabeceras-de-cuenca-en-junin\/#article","isPartOf":{"@id":"https:\/\/profonanpe.org.pe\/familias-y-autoridades-de-paliapampa-se-movilizaron-para-reforestar-cabeceras-de-cuenca-en-junin\/"},"author":{"name":"Comunicaciones","@id":"https:\/\/profonanpe.org.pe\/#\/schema\/person\/0d896971cc0ff713ccf06239157e4014"},"headline":"Familias y autoridades de Paliapampa se movilizaron para reforestar cabeceras de cuenca en Jun\u00edn","datePublished":"2026-04-27T20:23:41+00:00","dateModified":"2026-04-27T20:25:36+00:00","mainEntityOfPage":{"@id":"https:\/\/profonanpe.org.pe\/familias-y-autoridades-de-paliapampa-se-movilizaron-para-reforestar-cabeceras-de-cuenca-en-junin\/"},"wordCount":436,"publisher":{"@id":"https:\/\/profonanpe.org.pe\/#organization"},"image":{"@id":"https:\/\/profonanpe.org.pe\/familias-y-autoridades-de-paliapampa-se-movilizaron-para-reforestar-cabeceras-de-cuenca-en-junin\/#primaryimage"},"thumbnailUrl":"https:\/\/profonanpe.org.pe\/wp-content\/uploads\/2026\/04\/Imagen3-1.jpg","articleSection":["2026","Noticias"],"inLanguage":"en-US"},{"@type":"WebPage","@id":"https:\/\/profonanpe.org.pe\/familias-y-autoridades-de-paliapampa-se-movilizaron-para-reforestar-cabeceras-de-cuenca-en-junin\/","url":"https:\/\/profonanpe.org.pe\/familias-y-autoridades-de-paliapampa-se-movilizaron-para-reforestar-cabeceras-de-cuenca-en-junin\/","name":"Families and authorities of Paliapampa mobilized to reforest headwaters in Jun\u00edn - Profonanpe","isPartOf":{"@id":"https:\/\/profonanpe.org.pe\/#website"},"primaryImageOfPage":{"@id":"https:\/\/profonanpe.org.pe\/familias-y-autoridades-de-paliapampa-se-movilizaron-para-reforestar-cabeceras-de-cuenca-en-junin\/#primaryimage"},"image":{"@id":"https:\/\/profonanpe.org.pe\/familias-y-autoridades-de-paliapampa-se-movilizaron-para-reforestar-cabeceras-de-cuenca-en-junin\/#primaryimage"},"thumbnailUrl":"https:\/\/profonanpe.org.pe\/wp-content\/uploads\/2026\/04\/Imagen3-1.jpg","datePublished":"2026-04-27T20:23:41+00:00","dateModified":"2026-04-27T20:25:36+00:00","description":"Since the end of 2025, in the proposed San Crist\u00f3bal de Pucut\u00e1-Menkori Regional Conservation Area (Jun\u00edn), the Hu\u00e1nuco farming community began reforesting a sector of its territory, mobilizing families, students and local authorities to protect their headwaters and strengthen the landscape's capacity to cope with climate change.","breadcrumb":{"@id":"https:\/\/profonanpe.org.pe\/familias-y-autoridades-de-paliapampa-se-movilizaron-para-reforestar-cabeceras-de-cuenca-en-junin\/#breadcrumb"},"inLanguage":"en-US","potentialAction":[{"@type":"ReadAction","target":["https:\/\/profonanpe.org.pe\/familias-y-autoridades-de-paliapampa-se-movilizaron-para-reforestar-cabeceras-de-cuenca-en-junin\/"]}]},{"@type":"ImageObject","inLanguage":"en-US","@id":"https:\/\/profonanpe.org.pe\/familias-y-autoridades-de-paliapampa-se-movilizaron-para-reforestar-cabeceras-de-cuenca-en-junin\/#primaryimage","url":"https:\/\/profonanpe.org.pe\/wp-content\/uploads\/2026\/04\/Imagen3-1.jpg","contentUrl":"https:\/\/profonanpe.org.pe\/wp-content\/uploads\/2026\/04\/Imagen3-1.jpg","width":444,"height":296,"caption":"\u00a9 Gerson Ferrer | Yunkawasi"},{"@type":"BreadcrumbList","@id":"https:\/\/profonanpe.org.pe\/familias-y-autoridades-de-paliapampa-se-movilizaron-para-reforestar-cabeceras-de-cuenca-en-junin\/#breadcrumb","itemListElement":[{"@type":"ListItem","position":1,"name":"Portada","item":"https:\/\/profonanpe.org.pe\/"},{"@type":"ListItem","position":2,"name":"Familias y autoridades de Paliapampa se movilizaron para reforestar cabeceras de cuenca en Jun\u00edn"}]},{"@type":"WebSite","@id":"https:\/\/profonanpe.org.pe\/#website","url":"https:\/\/profonanpe.org.pe\/","name":"Profonanpe","description":"","publisher":{"@id":"https:\/\/profonanpe.org.pe\/#organization"},"potentialAction":[{"@type":"SearchAction","target":{"@type":"EntryPoint","urlTemplate":"https:\/\/profonanpe.org.pe\/?s={search_term_string}"},"query-input":{"@type":"PropertyValueSpecification","valueRequired":true,"valueName":"search_term_string"}}],"inLanguage":"en-US"},{"@type":"Organization","@id":"https:\/\/profonanpe.org.pe\/#organization","name":"Profonanpe","url":"https:\/\/profonanpe.org.pe\/","logo":{"@type":"ImageObject","inLanguage":"en-US","@id":"https:\/\/profonanpe.org.pe\/#\/schema\/logo\/image\/","url":"https:\/\/profonanpe.org.pe\/wp-content\/uploads\/2020\/10\/Snippet-Profonanpe-v2.jpg","contentUrl":"https:\/\/profonanpe.org.pe\/wp-content\/uploads\/2020\/10\/Snippet-Profonanpe-v2.jpg","width":524,"height":274,"caption":"Profonanpe"},"image":{"@id":"https:\/\/profonanpe.org.pe\/#\/schema\/logo\/image\/"}},{"@type":"Person","@id":"https:\/\/profonanpe.org.pe\/#\/schema\/person\/0d896971cc0ff713ccf06239157e4014","name":"Communications","url":"https:\/\/profonanpe.org.pe\/en\/author\/comunicaciones-web\/"}]}},"_links":{"self":[{"href":"https:\/\/profonanpe.org.pe\/en\/wp-json\/wp\/v2\/posts\/53541","targetHints":{"allow":["GET"]}}],"collection":[{"href":"https:\/\/profonanpe.org.pe\/en\/wp-json\/wp\/v2\/posts"}],"about":[{"href":"https:\/\/profonanpe.org.pe\/en\/wp-json\/wp\/v2\/types\/post"}],"author":[{"embeddable":true,"href":"https:\/\/profonanpe.org.pe\/en\/wp-json\/wp\/v2\/users\/169"}],"replies":[{"embeddable":true,"href":"https:\/\/profonanpe.org.pe\/en\/wp-json\/wp\/v2\/comments?post=53541"}],"version-history":[{"count":3,"href":"https:\/\/profonanpe.org.pe\/en\/wp-json\/wp\/v2\/posts\/53541\/revisions"}],"predecessor-version":[{"id":53546,"href":"https:\/\/profonanpe.org.pe\/en\/wp-json\/wp\/v2\/posts\/53541\/revisions\/53546"}],"wp:featuredmedia":[{"embeddable":true,"href":"https:\/\/profonanpe.org.pe\/en\/wp-json\/wp\/v2\/media\/53543"}],"wp:attachment":[{"href":"https:\/\/profonanpe.org.pe\/en\/wp-json\/wp\/v2\/media?parent=53541"}],"wp:term":[{"taxonomy":"category","embeddable":true,"href":"https:\/\/profonanpe.org.pe\/en\/wp-json\/wp\/v2\/categories?post=53541"},{"taxonomy":"post_tag","embeddable":true,"href":"https:\/\/profonanpe.org.pe\/en\/wp-json\/wp\/v2\/tags?post=53541"}],"curies":[{"name":"wp","href":"https:\/\/api.w.org\/{rel}","templated":true}]}}