{"id":51061,"date":"2026-02-17T19:50:56","date_gmt":"2026-02-18T00:50:56","guid":{"rendered":"https:\/\/profonanpe.org.pe\/?p=51061"},"modified":"2026-02-17T19:53:26","modified_gmt":"2026-02-18T00:53:26","slug":"peruvian-natural-heritage-amazon-and-climate-project-unveils-its-social-and-environmental-safeguards-documents","status":"publish","type":"post","link":"https:\/\/profonanpe.org.pe\/en\/proyecto-patrimonio-natural-del-peru-amazonia-y-clima-da-a-conocer-sus-documentos-de-salvaguardas-sociales-y-ambientales\/","title":{"rendered":"Peru's Natural Heritage Project - Amazon &amp; Climate unveils its social and environmental safeguards documents"},"content":{"rendered":"<p>&nbsp;<\/p>\n<p><span style=\"font-weight: 400;\">This is done within the framework of the project \u00abPatrimonio Natural del Per\u00fa - Amazon\u00eda y Clima: Gesti\u00f3n efectiva de las \u00c1reas Naturales Protegidas de la Amazon\u00eda del Per\u00fa para la mitigaci\u00f3n y adaptaci\u00f3n al cambio clim\u00e1tico\u00bb and in compliance with the requirements of the Green Climate Fund, the socio-environmental safeguards documents developed for this project are made available to the public. This, with the objective of receiving contributions from citizens and key stakeholders that contribute to the strengthening of its implementation, for a period of 30 calendar days.<\/span><\/p>\n<p>&nbsp;<\/p>\n<p><span style=\"font-weight: 400;\">\u00a0The documents are:<\/span><\/p>\n<ul>\n<li style=\"font-weight: 400;\" aria-level=\"1\"><a href=\"https:\/\/profonanpe.org.pe\/wp-content\/uploads\/2026\/02\/Anexo-6-MGAS_v12-2026_Espanol.pdf\"><span style=\"font-weight: 400;\">Environmental and Social Management Framework (ESMF \/ ESMF)<\/span><\/a><\/li>\n<li style=\"font-weight: 400;\" aria-level=\"1\"><a href=\"https:\/\/profonanpe.org.pe\/wp-content\/uploads\/2026\/02\/Anexo-7-PIA_v12_Espanol.pdf\"><span style=\"font-weight: 400;\">Stakeholder Involvement Plan (PIA \/ SEP)<\/span><\/a><\/li>\n<\/ul>\n<p>&nbsp;<\/p>\n<p><span style=\"font-weight: 400;\">The documents can be reviewed in digital format through this platform, and will also be available in physical format at the offices of the heads of the following protected natural areas <\/span><b>as of February 13 of this year<\/b><span style=\"font-weight: 400;\">:  G\u00fcepp\u00ed-Sekime National Park, Sierra del Divisor National Park, Yaguas National Park, Pacaya Samiria National Reserve, Allpahuayo Mishana National Reserve, Mats\u00e9s National Reserve, Pucacuro National Reserve, Altomayo Protected Forest, Abiseo River National Park, Cordillera Azul National Park, Ichigkat Muja-Cordillera del C\u00f3ndor National Park, Tabaconas-Namballe National Sanctuary, Cordillera de Col\u00e1n National Sanctuary, Pui Pui Protected Forest, San Mat\u00edas-San Carlos Protected Forest, Tingo Mar\u00eda National Park, Yanachaga-Chemill\u00e9n National Park, Pampa Hermosa National Sanctuary, Manu National Park, Bahuaja Sonene National Park, Otishi National Park, and Alto Pur\u00fas National Park.<\/span><\/p>\n<p>&nbsp;<\/p>\n<p><span style=\"font-weight: 400;\">Likewise, the documents may be consulted at the offices of the project's partner Indigenous Organizations: AIDESEP, CONAP, FENAMAD, ORAU, ORDEPIAA, ORNAU, ORPIO and ORNAL, as of February 20 of this year.<\/span><\/p>\n<p><span style=\"font-weight: 400;\">Contributions, queries, complaints or suggestions can be channeled through the SERNANP's Mechanism for Attention to Complaints, Queries and Suggestions (MAQS) through the following link <\/span><a href=\"https:\/\/sis.sernanp.gob.pe\/maqs\/maqsOnline\"><span style=\"font-weight: 400;\">https:\/\/sis.sernanp.gob.pe\/maqs\/maqsOnline<\/span><\/a><span style=\"font-weight: 400;\">, The information is also in the physical books of the administrative headquarters and surveillance posts of the natural protected areas in question.<\/span><\/p>","protected":false},"excerpt":{"rendered":"<p>&nbsp; Esto se realiza en el marco del proyecto \u00abPatrimonio Natural del Per\u00fa \u2013 Amazon\u00eda y Clima: Gesti\u00f3n efectiva de las \u00c1reas Naturales Protegidas de la Amazon\u00eda del Per\u00fa para la mitigaci\u00f3n y adaptaci\u00f3n al cambio clim\u00e1tico\u00bb y en cumplimiento con los requerimientos del Green Climate Fund (Fondo Verde para el Clima), se pone a [&hellip;]<\/p>\n","protected":false},"author":169,"featured_media":51062,"comment_status":"closed","ping_status":"open","sticky":false,"template":"","format":"standard","meta":{"_acf_changed":false,"footnotes":""},"categories":[684],"tags":[],"class_list":["post-51061","post","type-post","status-publish","format-standard","has-post-thumbnail","hentry","category-684"],"acf":[],"yoast_head":"<!-- This site is optimized with the Yoast SEO plugin v27.4 - https:\/\/yoast.com\/product\/yoast-seo-wordpress\/ -->\n<title>Proyecto Patrimonio Natural del Per\u00fa - Amazon\u00eda y Clima da a conocer sus documentos de salvaguardas sociales y ambientales - Profonanpe<\/title>\n<meta name=\"description\" content=\"Con el fin de impulsar la participaci\u00f3n de actores clave, la inclusi\u00f3n, transparencia, respeto y la sostenibilidad en las acciones del proyecto, se pone a disposici\u00f3n del p\u00fablico los documentos de salvaguardas socioambientales.\" \/>\n<meta name=\"robots\" content=\"index, follow, max-snippet:-1, max-image-preview:large, max-video-preview:-1\" \/>\n<link rel=\"canonical\" href=\"https:\/\/profonanpe.org.pe\/en\/peruvian-natural-heritage-amazon-and-climate-project-unveils-its-social-and-environmental-safeguards-documents\/\" \/>\n<meta property=\"og:locale\" content=\"en_US\" \/>\n<meta property=\"og:type\" content=\"article\" \/>\n<meta property=\"og:title\" content=\"Proyecto Patrimonio Natural del Per\u00fa - Amazon\u00eda y Clima da a conocer sus documentos de salvaguardas sociales y ambientales - Profonanpe\" \/>\n<meta property=\"og:description\" content=\"Con el fin de impulsar la participaci\u00f3n de actores clave, la inclusi\u00f3n, transparencia, respeto y la sostenibilidad en las acciones del proyecto, se pone a disposici\u00f3n del p\u00fablico los documentos de salvaguardas socioambientales.\" \/>\n<meta property=\"og:url\" content=\"https:\/\/profonanpe.org.pe\/en\/peruvian-natural-heritage-amazon-and-climate-project-unveils-its-social-and-environmental-safeguards-documents\/\" \/>\n<meta property=\"og:site_name\" content=\"Profonanpe\" \/>\n<meta property=\"article:published_time\" content=\"2026-02-18T00:50:56+00:00\" \/>\n<meta property=\"article:modified_time\" content=\"2026-02-18T00:53:26+00:00\" \/>\n<meta property=\"og:image\" content=\"https:\/\/profonanpe.org.pe\/wp-content\/uploads\/2026\/02\/Captura-de-pantalla-2026-02-17-194111.png\" \/>\n\t<meta property=\"og:image:width\" content=\"494\" \/>\n\t<meta property=\"og:image:height\" content=\"455\" \/>\n\t<meta property=\"og:image:type\" content=\"image\/png\" \/>\n<meta name=\"author\" content=\"Comunicaciones\" \/>\n<meta name=\"twitter:card\" content=\"summary_large_image\" \/>\n<meta name=\"twitter:label1\" content=\"Written by\" \/>\n\t<meta name=\"twitter:data1\" content=\"Comunicaciones\" \/>\n\t<meta name=\"twitter:label2\" content=\"Est. reading time\" \/>\n\t<meta name=\"twitter:data2\" content=\"2 minutes\" \/>\n<script type=\"application\/ld+json\" class=\"yoast-schema-graph\">{\"@context\":\"https:\\\/\\\/schema.org\",\"@graph\":[{\"@type\":\"Article\",\"@id\":\"https:\\\/\\\/profonanpe.org.pe\\\/proyecto-patrimonio-natural-del-peru-amazonia-y-clima-da-a-conocer-sus-documentos-de-salvaguardas-sociales-y-ambientales\\\/#article\",\"isPartOf\":{\"@id\":\"https:\\\/\\\/profonanpe.org.pe\\\/proyecto-patrimonio-natural-del-peru-amazonia-y-clima-da-a-conocer-sus-documentos-de-salvaguardas-sociales-y-ambientales\\\/\"},\"author\":{\"name\":\"Comunicaciones\",\"@id\":\"https:\\\/\\\/profonanpe.org.pe\\\/#\\\/schema\\\/person\\\/0d896971cc0ff713ccf06239157e4014\"},\"headline\":\"Proyecto Patrimonio Natural del Per\u00fa &#8211; Amazon\u00eda y Clima da a conocer sus documentos de salvaguardas sociales y ambientales\",\"datePublished\":\"2026-02-18T00:50:56+00:00\",\"dateModified\":\"2026-02-18T00:53:26+00:00\",\"mainEntityOfPage\":{\"@id\":\"https:\\\/\\\/profonanpe.org.pe\\\/proyecto-patrimonio-natural-del-peru-amazonia-y-clima-da-a-conocer-sus-documentos-de-salvaguardas-sociales-y-ambientales\\\/\"},\"wordCount\":393,\"publisher\":{\"@id\":\"https:\\\/\\\/profonanpe.org.pe\\\/#organization\"},\"image\":{\"@id\":\"https:\\\/\\\/profonanpe.org.pe\\\/proyecto-patrimonio-natural-del-peru-amazonia-y-clima-da-a-conocer-sus-documentos-de-salvaguardas-sociales-y-ambientales\\\/#primaryimage\"},\"thumbnailUrl\":\"https:\\\/\\\/profonanpe.org.pe\\\/wp-content\\\/uploads\\\/2026\\\/02\\\/Captura-de-pantalla-2026-02-17-194111.png\",\"articleSection\":[\"2025\"],\"inLanguage\":\"en-US\"},{\"@type\":\"WebPage\",\"@id\":\"https:\\\/\\\/profonanpe.org.pe\\\/proyecto-patrimonio-natural-del-peru-amazonia-y-clima-da-a-conocer-sus-documentos-de-salvaguardas-sociales-y-ambientales\\\/\",\"url\":\"https:\\\/\\\/profonanpe.org.pe\\\/proyecto-patrimonio-natural-del-peru-amazonia-y-clima-da-a-conocer-sus-documentos-de-salvaguardas-sociales-y-ambientales\\\/\",\"name\":\"Proyecto Patrimonio Natural del Per\u00fa - Amazon\u00eda y Clima da a conocer sus documentos de salvaguardas sociales y ambientales - Profonanpe\",\"isPartOf\":{\"@id\":\"https:\\\/\\\/profonanpe.org.pe\\\/#website\"},\"primaryImageOfPage\":{\"@id\":\"https:\\\/\\\/profonanpe.org.pe\\\/proyecto-patrimonio-natural-del-peru-amazonia-y-clima-da-a-conocer-sus-documentos-de-salvaguardas-sociales-y-ambientales\\\/#primaryimage\"},\"image\":{\"@id\":\"https:\\\/\\\/profonanpe.org.pe\\\/proyecto-patrimonio-natural-del-peru-amazonia-y-clima-da-a-conocer-sus-documentos-de-salvaguardas-sociales-y-ambientales\\\/#primaryimage\"},\"thumbnailUrl\":\"https:\\\/\\\/profonanpe.org.pe\\\/wp-content\\\/uploads\\\/2026\\\/02\\\/Captura-de-pantalla-2026-02-17-194111.png\",\"datePublished\":\"2026-02-18T00:50:56+00:00\",\"dateModified\":\"2026-02-18T00:53:26+00:00\",\"description\":\"Con el fin de impulsar la participaci\u00f3n de actores clave, la inclusi\u00f3n, transparencia, respeto y la sostenibilidad en las acciones del proyecto, se pone a disposici\u00f3n del p\u00fablico los documentos de salvaguardas socioambientales.\",\"breadcrumb\":{\"@id\":\"https:\\\/\\\/profonanpe.org.pe\\\/proyecto-patrimonio-natural-del-peru-amazonia-y-clima-da-a-conocer-sus-documentos-de-salvaguardas-sociales-y-ambientales\\\/#breadcrumb\"},\"inLanguage\":\"en-US\",\"potentialAction\":[{\"@type\":\"ReadAction\",\"target\":[\"https:\\\/\\\/profonanpe.org.pe\\\/proyecto-patrimonio-natural-del-peru-amazonia-y-clima-da-a-conocer-sus-documentos-de-salvaguardas-sociales-y-ambientales\\\/\"]}]},{\"@type\":\"ImageObject\",\"inLanguage\":\"en-US\",\"@id\":\"https:\\\/\\\/profonanpe.org.pe\\\/proyecto-patrimonio-natural-del-peru-amazonia-y-clima-da-a-conocer-sus-documentos-de-salvaguardas-sociales-y-ambientales\\\/#primaryimage\",\"url\":\"https:\\\/\\\/profonanpe.org.pe\\\/wp-content\\\/uploads\\\/2026\\\/02\\\/Captura-de-pantalla-2026-02-17-194111.png\",\"contentUrl\":\"https:\\\/\\\/profonanpe.org.pe\\\/wp-content\\\/uploads\\\/2026\\\/02\\\/Captura-de-pantalla-2026-02-17-194111.png\",\"width\":494,\"height\":455,\"caption\":\"Foto: Profonanpe\"},{\"@type\":\"BreadcrumbList\",\"@id\":\"https:\\\/\\\/profonanpe.org.pe\\\/proyecto-patrimonio-natural-del-peru-amazonia-y-clima-da-a-conocer-sus-documentos-de-salvaguardas-sociales-y-ambientales\\\/#breadcrumb\",\"itemListElement\":[{\"@type\":\"ListItem\",\"position\":1,\"name\":\"Portada\",\"item\":\"https:\\\/\\\/profonanpe.org.pe\\\/\"},{\"@type\":\"ListItem\",\"position\":2,\"name\":\"Proyecto Patrimonio Natural del Per\u00fa &#8211; Amazon\u00eda y Clima da a conocer sus documentos de salvaguardas sociales y ambientales\"}]},{\"@type\":\"WebSite\",\"@id\":\"https:\\\/\\\/profonanpe.org.pe\\\/#website\",\"url\":\"https:\\\/\\\/profonanpe.org.pe\\\/\",\"name\":\"Profonanpe\",\"description\":\"\",\"publisher\":{\"@id\":\"https:\\\/\\\/profonanpe.org.pe\\\/#organization\"},\"potentialAction\":[{\"@type\":\"SearchAction\",\"target\":{\"@type\":\"EntryPoint\",\"urlTemplate\":\"https:\\\/\\\/profonanpe.org.pe\\\/?s={search_term_string}\"},\"query-input\":{\"@type\":\"PropertyValueSpecification\",\"valueRequired\":true,\"valueName\":\"search_term_string\"}}],\"inLanguage\":\"en-US\"},{\"@type\":\"Organization\",\"@id\":\"https:\\\/\\\/profonanpe.org.pe\\\/#organization\",\"name\":\"Profonanpe\",\"url\":\"https:\\\/\\\/profonanpe.org.pe\\\/\",\"logo\":{\"@type\":\"ImageObject\",\"inLanguage\":\"en-US\",\"@id\":\"https:\\\/\\\/profonanpe.org.pe\\\/#\\\/schema\\\/logo\\\/image\\\/\",\"url\":\"https:\\\/\\\/profonanpe.org.pe\\\/wp-content\\\/uploads\\\/2020\\\/10\\\/Snippet-Profonanpe-v2.jpg\",\"contentUrl\":\"https:\\\/\\\/profonanpe.org.pe\\\/wp-content\\\/uploads\\\/2020\\\/10\\\/Snippet-Profonanpe-v2.jpg\",\"width\":524,\"height\":274,\"caption\":\"Profonanpe\"},\"image\":{\"@id\":\"https:\\\/\\\/profonanpe.org.pe\\\/#\\\/schema\\\/logo\\\/image\\\/\"}},{\"@type\":\"Person\",\"@id\":\"https:\\\/\\\/profonanpe.org.pe\\\/#\\\/schema\\\/person\\\/0d896971cc0ff713ccf06239157e4014\",\"name\":\"Comunicaciones\",\"url\":\"https:\\\/\\\/profonanpe.org.pe\\\/en\\\/author\\\/comunicaciones-web\\\/\"}]}<\/script>\n<!-- \/ Yoast SEO plugin. -->","yoast_head_json":{"title":"Peru's Natural Heritage Project - Amazon and Climate unveils its social and environmental safeguards documents - Profonanpe","description":"In order to promote stakeholder participation, inclusion, transparency, respect and sustainability in the project's actions, the socio-environmental safeguards documents are made available to the public.","robots":{"index":"index","follow":"follow","max-snippet":"max-snippet:-1","max-image-preview":"max-image-preview:large","max-video-preview":"max-video-preview:-1"},"canonical":"https:\/\/profonanpe.org.pe\/en\/peruvian-natural-heritage-amazon-and-climate-project-unveils-its-social-and-environmental-safeguards-documents\/","og_locale":"en_US","og_type":"article","og_title":"Proyecto Patrimonio Natural del Per\u00fa - Amazon\u00eda y Clima da a conocer sus documentos de salvaguardas sociales y ambientales - Profonanpe","og_description":"Con el fin de impulsar la participaci\u00f3n de actores clave, la inclusi\u00f3n, transparencia, respeto y la sostenibilidad en las acciones del proyecto, se pone a disposici\u00f3n del p\u00fablico los documentos de salvaguardas socioambientales.","og_url":"https:\/\/profonanpe.org.pe\/en\/peruvian-natural-heritage-amazon-and-climate-project-unveils-its-social-and-environmental-safeguards-documents\/","og_site_name":"Profonanpe","article_published_time":"2026-02-18T00:50:56+00:00","article_modified_time":"2026-02-18T00:53:26+00:00","og_image":[{"width":494,"height":455,"url":"https:\/\/profonanpe.org.pe\/wp-content\/uploads\/2026\/02\/Captura-de-pantalla-2026-02-17-194111.png","type":"image\/png"}],"author":"Comunicaciones","twitter_card":"summary_large_image","twitter_misc":{"Written by":"Comunicaciones","Est. reading time":"2 minutes"},"schema":{"@context":"https:\/\/schema.org","@graph":[{"@type":"Article","@id":"https:\/\/profonanpe.org.pe\/proyecto-patrimonio-natural-del-peru-amazonia-y-clima-da-a-conocer-sus-documentos-de-salvaguardas-sociales-y-ambientales\/#article","isPartOf":{"@id":"https:\/\/profonanpe.org.pe\/proyecto-patrimonio-natural-del-peru-amazonia-y-clima-da-a-conocer-sus-documentos-de-salvaguardas-sociales-y-ambientales\/"},"author":{"name":"Comunicaciones","@id":"https:\/\/profonanpe.org.pe\/#\/schema\/person\/0d896971cc0ff713ccf06239157e4014"},"headline":"Proyecto Patrimonio Natural del Per\u00fa &#8211; Amazon\u00eda y Clima da a conocer sus documentos de salvaguardas sociales y ambientales","datePublished":"2026-02-18T00:50:56+00:00","dateModified":"2026-02-18T00:53:26+00:00","mainEntityOfPage":{"@id":"https:\/\/profonanpe.org.pe\/proyecto-patrimonio-natural-del-peru-amazonia-y-clima-da-a-conocer-sus-documentos-de-salvaguardas-sociales-y-ambientales\/"},"wordCount":393,"publisher":{"@id":"https:\/\/profonanpe.org.pe\/#organization"},"image":{"@id":"https:\/\/profonanpe.org.pe\/proyecto-patrimonio-natural-del-peru-amazonia-y-clima-da-a-conocer-sus-documentos-de-salvaguardas-sociales-y-ambientales\/#primaryimage"},"thumbnailUrl":"https:\/\/profonanpe.org.pe\/wp-content\/uploads\/2026\/02\/Captura-de-pantalla-2026-02-17-194111.png","articleSection":["2025"],"inLanguage":"en-US"},{"@type":"WebPage","@id":"https:\/\/profonanpe.org.pe\/proyecto-patrimonio-natural-del-peru-amazonia-y-clima-da-a-conocer-sus-documentos-de-salvaguardas-sociales-y-ambientales\/","url":"https:\/\/profonanpe.org.pe\/proyecto-patrimonio-natural-del-peru-amazonia-y-clima-da-a-conocer-sus-documentos-de-salvaguardas-sociales-y-ambientales\/","name":"Peru's Natural Heritage Project - Amazon and Climate unveils its social and environmental safeguards documents - Profonanpe","isPartOf":{"@id":"https:\/\/profonanpe.org.pe\/#website"},"primaryImageOfPage":{"@id":"https:\/\/profonanpe.org.pe\/proyecto-patrimonio-natural-del-peru-amazonia-y-clima-da-a-conocer-sus-documentos-de-salvaguardas-sociales-y-ambientales\/#primaryimage"},"image":{"@id":"https:\/\/profonanpe.org.pe\/proyecto-patrimonio-natural-del-peru-amazonia-y-clima-da-a-conocer-sus-documentos-de-salvaguardas-sociales-y-ambientales\/#primaryimage"},"thumbnailUrl":"https:\/\/profonanpe.org.pe\/wp-content\/uploads\/2026\/02\/Captura-de-pantalla-2026-02-17-194111.png","datePublished":"2026-02-18T00:50:56+00:00","dateModified":"2026-02-18T00:53:26+00:00","description":"In order to promote stakeholder participation, inclusion, transparency, respect and sustainability in the project's actions, the socio-environmental safeguards documents are made available to the public.","breadcrumb":{"@id":"https:\/\/profonanpe.org.pe\/proyecto-patrimonio-natural-del-peru-amazonia-y-clima-da-a-conocer-sus-documentos-de-salvaguardas-sociales-y-ambientales\/#breadcrumb"},"inLanguage":"en-US","potentialAction":[{"@type":"ReadAction","target":["https:\/\/profonanpe.org.pe\/proyecto-patrimonio-natural-del-peru-amazonia-y-clima-da-a-conocer-sus-documentos-de-salvaguardas-sociales-y-ambientales\/"]}]},{"@type":"ImageObject","inLanguage":"en-US","@id":"https:\/\/profonanpe.org.pe\/proyecto-patrimonio-natural-del-peru-amazonia-y-clima-da-a-conocer-sus-documentos-de-salvaguardas-sociales-y-ambientales\/#primaryimage","url":"https:\/\/profonanpe.org.pe\/wp-content\/uploads\/2026\/02\/Captura-de-pantalla-2026-02-17-194111.png","contentUrl":"https:\/\/profonanpe.org.pe\/wp-content\/uploads\/2026\/02\/Captura-de-pantalla-2026-02-17-194111.png","width":494,"height":455,"caption":"Foto: Profonanpe"},{"@type":"BreadcrumbList","@id":"https:\/\/profonanpe.org.pe\/proyecto-patrimonio-natural-del-peru-amazonia-y-clima-da-a-conocer-sus-documentos-de-salvaguardas-sociales-y-ambientales\/#breadcrumb","itemListElement":[{"@type":"ListItem","position":1,"name":"Portada","item":"https:\/\/profonanpe.org.pe\/"},{"@type":"ListItem","position":2,"name":"Proyecto Patrimonio Natural del Per\u00fa &#8211; Amazon\u00eda y Clima da a conocer sus documentos de salvaguardas sociales y ambientales"}]},{"@type":"WebSite","@id":"https:\/\/profonanpe.org.pe\/#website","url":"https:\/\/profonanpe.org.pe\/","name":"Profonanpe","description":"","publisher":{"@id":"https:\/\/profonanpe.org.pe\/#organization"},"potentialAction":[{"@type":"SearchAction","target":{"@type":"EntryPoint","urlTemplate":"https:\/\/profonanpe.org.pe\/?s={search_term_string}"},"query-input":{"@type":"PropertyValueSpecification","valueRequired":true,"valueName":"search_term_string"}}],"inLanguage":"en-US"},{"@type":"Organization","@id":"https:\/\/profonanpe.org.pe\/#organization","name":"Profonanpe","url":"https:\/\/profonanpe.org.pe\/","logo":{"@type":"ImageObject","inLanguage":"en-US","@id":"https:\/\/profonanpe.org.pe\/#\/schema\/logo\/image\/","url":"https:\/\/profonanpe.org.pe\/wp-content\/uploads\/2020\/10\/Snippet-Profonanpe-v2.jpg","contentUrl":"https:\/\/profonanpe.org.pe\/wp-content\/uploads\/2020\/10\/Snippet-Profonanpe-v2.jpg","width":524,"height":274,"caption":"Profonanpe"},"image":{"@id":"https:\/\/profonanpe.org.pe\/#\/schema\/logo\/image\/"}},{"@type":"Person","@id":"https:\/\/profonanpe.org.pe\/#\/schema\/person\/0d896971cc0ff713ccf06239157e4014","name":"Communications","url":"https:\/\/profonanpe.org.pe\/en\/author\/comunicaciones-web\/"}]}},"_links":{"self":[{"href":"https:\/\/profonanpe.org.pe\/en\/wp-json\/wp\/v2\/posts\/51061","targetHints":{"allow":["GET"]}}],"collection":[{"href":"https:\/\/profonanpe.org.pe\/en\/wp-json\/wp\/v2\/posts"}],"about":[{"href":"https:\/\/profonanpe.org.pe\/en\/wp-json\/wp\/v2\/types\/post"}],"author":[{"embeddable":true,"href":"https:\/\/profonanpe.org.pe\/en\/wp-json\/wp\/v2\/users\/169"}],"replies":[{"embeddable":true,"href":"https:\/\/profonanpe.org.pe\/en\/wp-json\/wp\/v2\/comments?post=51061"}],"version-history":[{"count":0,"href":"https:\/\/profonanpe.org.pe\/en\/wp-json\/wp\/v2\/posts\/51061\/revisions"}],"wp:featuredmedia":[{"embeddable":true,"href":"https:\/\/profonanpe.org.pe\/en\/wp-json\/wp\/v2\/media\/51062"}],"wp:attachment":[{"href":"https:\/\/profonanpe.org.pe\/en\/wp-json\/wp\/v2\/media?parent=51061"}],"wp:term":[{"taxonomy":"category","embeddable":true,"href":"https:\/\/profonanpe.org.pe\/en\/wp-json\/wp\/v2\/categories?post=51061"},{"taxonomy":"post_tag","embeddable":true,"href":"https:\/\/profonanpe.org.pe\/en\/wp-json\/wp\/v2\/tags?post=51061"}],"curies":[{"name":"wp","href":"https:\/\/api.w.org\/{rel}","templated":true}]}}