{"id":49184,"date":"2025-11-28T11:20:25","date_gmt":"2025-11-28T16:20:25","guid":{"rendered":"https:\/\/profonanpe.org.pe\/?p=49184"},"modified":"2026-01-09T00:24:13","modified_gmt":"2026-01-09T05:24:13","slug":"conserva-aves-promotes-national-articulation-to-strengthen-new-conservation-areas-in-peru","status":"publish","type":"post","link":"https:\/\/profonanpe.org.pe\/en\/conserva-aves-impulsa-la-articulacion-nacional-para-fortalecer-nuevas-areas-de-conservacion-en-peru\/","title":{"rendered":"Conserva Aves promotes national coordination to strengthen new conservation areas in Peru"},"content":{"rendered":"<p>&nbsp;<\/p>\n<p><b>Projects, allies and territories<\/b><\/p>\n<p><span style=\"font-weight: 400;\">During the meeting, sessions were devoted to the exchange of lessons learned among regional, national and local partners. The presentations included the participation of <\/span><b>Evelyne Morin<\/b><span style=\"font-weight: 400;\"> (Birds Canada), <\/span><b>Annie Hawkinson<\/b><span style=\"font-weight: 400;\"> (American Bird Conservancy), <\/span><b>Marcela Cabrera<\/b><span style=\"font-weight: 400;\"> (RedLAC), <\/span><b>Karime L\u00f3pez D\u00edaz<\/b><span style=\"font-weight: 400;\"> (Audubon) and <\/span><b>Mar\u00eda In\u00e9s Salazar<\/b><span style=\"font-weight: 400;\"> (BirdLife International), who shared the initiative's priorities and joint work approaches for the region.<\/span><\/p>\n<p><span style=\"font-weight: 400;\">In addition, the national partners<\/span><b> Profonanpe<\/b><span style=\"font-weight: 400;\">, represented by Odile Sanchez, Project Manager, and Yuliana Castro, Communications and Corporate Affairs Manager; and <\/span><b>ECOAN<\/b><span style=\"font-weight: 400;\">, Constantino Aucca, president of the Andean Ecosystems Association, highlighted the progress achieved in the country and presented the actions they are promoting in coordination with the six local organizations, whose representatives presented the progress of their projects, the territories in which they intervene and the challenges they face.<\/span> <span style=\"font-weight: 400;\">in the process of creating and expanding Private Conservation Areas (PCAs) and Regional Conservation Areas (RCAs).<\/span><\/p>\n<p>&nbsp;<\/p>\n<p>&nbsp;<\/p>\n<p><img fetchpriority=\"high\" decoding=\"async\" class=\"size-large wp-image-49186 aligncenter\" src=\"https:\/\/profonanpe.org.pe\/wp-content\/uploads\/2025\/11\/14102025-P1069155-1024x683.jpg\" alt=\"\" width=\"800\" height=\"534\" srcset=\"https:\/\/profonanpe.org.pe\/wp-content\/uploads\/2025\/11\/14102025-P1069155-1024x683.jpg 1024w, https:\/\/profonanpe.org.pe\/wp-content\/uploads\/2025\/11\/14102025-P1069155-300x200.jpg 300w, https:\/\/profonanpe.org.pe\/wp-content\/uploads\/2025\/11\/14102025-P1069155-768x512.jpg 768w, https:\/\/profonanpe.org.pe\/wp-content\/uploads\/2025\/11\/14102025-P1069155-1536x1024.jpg 1536w, https:\/\/profonanpe.org.pe\/wp-content\/uploads\/2025\/11\/14102025-P1069155-2048x1365.jpg 2048w, https:\/\/profonanpe.org.pe\/wp-content\/uploads\/2025\/11\/14102025-P1069155-scaled.jpg 1600w\" sizes=\"(max-width: 800px) 100vw, 800px\" \/><\/p>\n<p style=\"text-align: center;\"><i><span style=\"font-weight: 400;\">Mar\u00eda In\u00e9s Salazar, Gender Specialist BirdLife International.<br \/>\n<\/span><\/i><i><span style=\"font-weight: 400;\">Credits: Profonananpe<\/span><\/i><\/p>\n<p>&nbsp;<\/p>\n<p>&nbsp;<\/p>\n<p><b>Capacity-building and management tools<\/b><\/p>\n<p><span style=\"font-weight: 400;\">The workshop also provided an opportunity to delve deeper into key aspects of conservation management, from the creation of protected areas to the integration of social and administrative approaches. Jorge Catpo, representative of SERNANP, explained the technical, legal and social aspects related to the creation, recognition and expansion of RCAs and PCAs.<\/span><\/p>\n<p><span style=\"font-weight: 400;\">Yohannaliz Vega, head of Profonanpe's Indigenous and Native Peoples Office, promoted a space for dialogue on interculturality, highlighting the importance of recognizing cultural diversity and local knowledge present in the territories where Conserva Aves projects intervene.<\/span><\/p>\n<p><span style=\"font-weight: 400;\">Likewise, Mar\u00eda In\u00e9s Salazar, from BirdLife International, stressed the relevance of incorporating gender equality and social inclusion in conservation processes; while Franco Panza, from Birds Canada, presented the administrative and financial guidelines that guide the implementation of the initiative.<\/span><\/p>\n<p>&nbsp;<\/p>\n<p>&nbsp;<\/p>\n<p><img decoding=\"async\" class=\"size-large wp-image-49187 aligncenter\" src=\"https:\/\/profonanpe.org.pe\/wp-content\/uploads\/2025\/11\/15102025-P1069762-1024x683.jpg\" alt=\"\" width=\"800\" height=\"534\" srcset=\"https:\/\/profonanpe.org.pe\/wp-content\/uploads\/2025\/11\/15102025-P1069762-1024x683.jpg 1024w, https:\/\/profonanpe.org.pe\/wp-content\/uploads\/2025\/11\/15102025-P1069762-300x200.jpg 300w, https:\/\/profonanpe.org.pe\/wp-content\/uploads\/2025\/11\/15102025-P1069762-768x512.jpg 768w, https:\/\/profonanpe.org.pe\/wp-content\/uploads\/2025\/11\/15102025-P1069762-1536x1024.jpg 1536w, https:\/\/profonanpe.org.pe\/wp-content\/uploads\/2025\/11\/15102025-P1069762-2048x1365.jpg 2048w, https:\/\/profonanpe.org.pe\/wp-content\/uploads\/2025\/11\/15102025-P1069762-scaled.jpg 1600w\" sizes=\"(max-width: 800px) 100vw, 800px\" \/><\/p>\n<p style=\"text-align: center;\"><i><span style=\"font-weight: 400;\">Regional and National Partners - Conserva Aves Partners Meeting<br \/>\n<\/span><\/i><i><span style=\"font-weight: 400;\">Credits: Profonananpe<\/span><\/i><\/p>\n<p>&nbsp;<\/p>\n<p><b>Conservation in action<\/b><\/p>\n<p><span style=\"font-weight: 400;\">As part of the meeting, the participants made a field visit to the outskirts of Chachapoyas, where they were able to observe birds in the <\/span><b>Achamaqui Estate<\/b><span style=\"font-weight: 400;\"> and learn about local conservation experiences, such as the <\/span><b>Milpuj Private Conservation Area<\/b><span style=\"font-weight: 400;\">. The day culminated with a visit to the <\/span><b>fortress of Ku\u00e9lap<\/b><span style=\"font-weight: 400;\">, The project is a symbol of the region's cultural heritage, reinforcing the link between nature and culture in conservation strategies.<\/span><\/p>\n<p>&nbsp;<\/p>\n<p>&nbsp;<\/p>\n<p><img decoding=\"async\" class=\"size-large wp-image-49188 aligncenter\" src=\"https:\/\/profonanpe.org.pe\/wp-content\/uploads\/2025\/11\/16102025-P1070031-1024x683.jpg\" alt=\"\" width=\"800\" height=\"534\" srcset=\"https:\/\/profonanpe.org.pe\/wp-content\/uploads\/2025\/11\/16102025-P1070031-1024x683.jpg 1024w, https:\/\/profonanpe.org.pe\/wp-content\/uploads\/2025\/11\/16102025-P1070031-300x200.jpg 300w, https:\/\/profonanpe.org.pe\/wp-content\/uploads\/2025\/11\/16102025-P1070031-768x512.jpg 768w, https:\/\/profonanpe.org.pe\/wp-content\/uploads\/2025\/11\/16102025-P1070031-1536x1024.jpg 1536w, https:\/\/profonanpe.org.pe\/wp-content\/uploads\/2025\/11\/16102025-P1070031-2048x1365.jpg 2048w, https:\/\/profonanpe.org.pe\/wp-content\/uploads\/2025\/11\/16102025-P1070031-scaled.jpg 1600w\" sizes=\"(max-width: 800px) 100vw, 800px\" \/><\/p>\n<p style=\"text-align: center;\"><i><span style=\"font-weight: 400;\">Visit to the Kuelap Fortress - Conserva Aves Partners Meeting<br \/>\n<\/span><\/i><i><span style=\"font-weight: 400;\">Credits: Profonananpe<\/span><\/i><\/p>\n<p>&nbsp;<\/p>\n<p><b>A shared commitment<\/b><\/p>\n<p><span style=\"font-weight: 400;\">The Partners' Meeting of the Conserve Birds initiative reaffirmed the importance of coordination between the different levels of local, national and regional management, as well as the value of international cooperation to strengthen joint work for conservation.<\/span><\/p>\n<p><span style=\"font-weight: 400;\">Technical support from Profonanpe and ECOAN, leading partners in Peru, will be essential to ensure effective project implementation and local capacity building.<\/span><\/p>\n<p><span style=\"font-weight: 400;\">With this collective effort, Conserva Aves renews its commitment to safeguard the habitats of hundreds of endemic and migratory birds, guardians of the territories of life.<\/span><\/p>\n<p>&nbsp;<\/p>\n<p><b>Join us<\/b><\/p>\n<p><span style=\"font-weight: 400;\">Odilie Sanchez\u00a0<\/span><\/p>\n<p><span style=\"font-weight: 400;\">Poultry Preserves Project Manager - Profonanpe<\/span><\/p>\n<p><a href=\"mailto:osanchez@profonanpe.org\"><span style=\"font-weight: 400;\">osanchez@profonanpe.org<\/span><\/a><span style=\"font-weight: 400;\">.pe<\/span><\/p>","protected":false},"excerpt":{"rendered":"<p>&nbsp; Proyectos, aliados y territorios Durante el encuentro, se desarrollaron sesiones dedicadas al intercambio de aprendizajes entre los socios regionales, nacionales y locales. Las presentaciones contaron con la participaci\u00f3n de Evelyne Morin (Birds Canada), Annie Hawkinson (American Bird Conservancy), Marcela Cabrera (RedLAC), Karime L\u00f3pez D\u00edaz (Audubon) y Mar\u00eda In\u00e9s Salazar (BirdLife International), quienes compartieron las [&hellip;]<\/p>\n","protected":false},"author":16,"featured_media":49185,"comment_status":"closed","ping_status":"open","sticky":false,"template":"","format":"standard","meta":{"_acf_changed":false,"footnotes":""},"categories":[684,92,158],"tags":[],"class_list":["post-49184","post","type-post","status-publish","format-standard","has-post-thumbnail","hentry","category-684","category-noticias","category-columnas-es"],"acf":[],"yoast_head":"<!-- This site is optimized with the Yoast SEO plugin v27.4 - https:\/\/yoast.com\/product\/yoast-seo-wordpress\/ -->\n<title>Conserva Aves impulsa la articulaci\u00f3n nacional para fortalecer nuevas \u00e1reas de conservaci\u00f3n en Per\u00fa - Profonanpe<\/title>\n<meta name=\"description\" content=\"Conserva Aves impulsa la articulaci\u00f3n nacional para fortalecer nuevas \u00e1reas de conservaci\u00f3n en Per\u00fa. Durante el encuentro, se desarrollaron sesiones dedicadas al intercambio de aprendizajes entre los socios regionales, nacionales y locales. Las presentaciones contaron con la participaci\u00f3n de Evelyne Morin (Birds Canada), Annie Hawkinson (American Bird Conservancy), Marcela Cabrera (RedLAC), Karime L\u00f3pez D\u00edaz (Audubon) y Mar\u00eda In\u00e9s Salazar (BirdLife International), quienes compartieron las prioridades de la iniciativa y los enfoques de trabajo conjunto para la regi\u00f3n.\" \/>\n<meta name=\"robots\" content=\"index, follow, max-snippet:-1, max-image-preview:large, max-video-preview:-1\" \/>\n<link rel=\"canonical\" href=\"https:\/\/profonanpe.org.pe\/en\/conserva-aves-promotes-national-articulation-to-strengthen-new-conservation-areas-in-peru\/\" \/>\n<meta property=\"og:locale\" content=\"en_US\" \/>\n<meta property=\"og:type\" content=\"article\" \/>\n<meta property=\"og:title\" content=\"Conserva Aves impulsa la articulaci\u00f3n nacional para fortalecer nuevas \u00e1reas de conservaci\u00f3n en Per\u00fa - Profonanpe\" \/>\n<meta property=\"og:description\" content=\"Conserva Aves impulsa la articulaci\u00f3n nacional para fortalecer nuevas \u00e1reas de conservaci\u00f3n en Per\u00fa. Durante el encuentro, se desarrollaron sesiones dedicadas al intercambio de aprendizajes entre los socios regionales, nacionales y locales. Las presentaciones contaron con la participaci\u00f3n de Evelyne Morin (Birds Canada), Annie Hawkinson (American Bird Conservancy), Marcela Cabrera (RedLAC), Karime L\u00f3pez D\u00edaz (Audubon) y Mar\u00eda In\u00e9s Salazar (BirdLife International), quienes compartieron las prioridades de la iniciativa y los enfoques de trabajo conjunto para la regi\u00f3n.\" \/>\n<meta property=\"og:url\" content=\"https:\/\/profonanpe.org.pe\/en\/conserva-aves-promotes-national-articulation-to-strengthen-new-conservation-areas-in-peru\/\" \/>\n<meta property=\"og:site_name\" content=\"Profonanpe\" \/>\n<meta property=\"article:published_time\" content=\"2025-11-28T16:20:25+00:00\" \/>\n<meta property=\"article:modified_time\" content=\"2026-01-09T05:24:13+00:00\" \/>\n<meta property=\"og:image\" content=\"https:\/\/profonanpe.org.pe\/wp-content\/uploads\/2025\/11\/14102025-P1069436-scaled.jpg\" \/>\n\t<meta property=\"og:image:width\" content=\"1600\" \/>\n\t<meta property=\"og:image:height\" content=\"1067\" \/>\n\t<meta property=\"og:image:type\" content=\"image\/jpeg\" \/>\n<meta name=\"author\" content=\"Comunicaciones\" \/>\n<meta name=\"twitter:card\" content=\"summary_large_image\" \/>\n<meta name=\"twitter:label1\" content=\"Written by\" \/>\n\t<meta name=\"twitter:data1\" content=\"Comunicaciones\" \/>\n\t<meta name=\"twitter:label2\" content=\"Est. reading time\" \/>\n\t<meta name=\"twitter:data2\" content=\"4 minutes\" \/>\n<script type=\"application\/ld+json\" class=\"yoast-schema-graph\">{\"@context\":\"https:\\\/\\\/schema.org\",\"@graph\":[{\"@type\":\"Article\",\"@id\":\"https:\\\/\\\/profonanpe.org.pe\\\/conserva-aves-impulsa-la-articulacion-nacional-para-fortalecer-nuevas-areas-de-conservacion-en-peru\\\/#article\",\"isPartOf\":{\"@id\":\"https:\\\/\\\/profonanpe.org.pe\\\/conserva-aves-impulsa-la-articulacion-nacional-para-fortalecer-nuevas-areas-de-conservacion-en-peru\\\/\"},\"author\":{\"name\":\"Comunicaciones\",\"@id\":\"https:\\\/\\\/profonanpe.org.pe\\\/#\\\/schema\\\/person\\\/6240c1280fa0faa493147e00b333ed6d\"},\"headline\":\"Conserva Aves impulsa la articulaci\u00f3n nacional para fortalecer nuevas \u00e1reas de conservaci\u00f3n en Per\u00fa\",\"datePublished\":\"2025-11-28T16:20:25+00:00\",\"dateModified\":\"2026-01-09T05:24:13+00:00\",\"mainEntityOfPage\":{\"@id\":\"https:\\\/\\\/profonanpe.org.pe\\\/conserva-aves-impulsa-la-articulacion-nacional-para-fortalecer-nuevas-areas-de-conservacion-en-peru\\\/\"},\"wordCount\":614,\"publisher\":{\"@id\":\"https:\\\/\\\/profonanpe.org.pe\\\/#organization\"},\"image\":{\"@id\":\"https:\\\/\\\/profonanpe.org.pe\\\/conserva-aves-impulsa-la-articulacion-nacional-para-fortalecer-nuevas-areas-de-conservacion-en-peru\\\/#primaryimage\"},\"thumbnailUrl\":\"https:\\\/\\\/profonanpe.org.pe\\\/wp-content\\\/uploads\\\/2025\\\/11\\\/14102025-P1069436-scaled.jpg\",\"articleSection\":[\"2025\",\"Noticias\",\"Columnas\"],\"inLanguage\":\"en-US\"},{\"@type\":\"WebPage\",\"@id\":\"https:\\\/\\\/profonanpe.org.pe\\\/conserva-aves-impulsa-la-articulacion-nacional-para-fortalecer-nuevas-areas-de-conservacion-en-peru\\\/\",\"url\":\"https:\\\/\\\/profonanpe.org.pe\\\/conserva-aves-impulsa-la-articulacion-nacional-para-fortalecer-nuevas-areas-de-conservacion-en-peru\\\/\",\"name\":\"Conserva Aves impulsa la articulaci\u00f3n nacional para fortalecer nuevas \u00e1reas de conservaci\u00f3n en Per\u00fa - Profonanpe\",\"isPartOf\":{\"@id\":\"https:\\\/\\\/profonanpe.org.pe\\\/#website\"},\"primaryImageOfPage\":{\"@id\":\"https:\\\/\\\/profonanpe.org.pe\\\/conserva-aves-impulsa-la-articulacion-nacional-para-fortalecer-nuevas-areas-de-conservacion-en-peru\\\/#primaryimage\"},\"image\":{\"@id\":\"https:\\\/\\\/profonanpe.org.pe\\\/conserva-aves-impulsa-la-articulacion-nacional-para-fortalecer-nuevas-areas-de-conservacion-en-peru\\\/#primaryimage\"},\"thumbnailUrl\":\"https:\\\/\\\/profonanpe.org.pe\\\/wp-content\\\/uploads\\\/2025\\\/11\\\/14102025-P1069436-scaled.jpg\",\"datePublished\":\"2025-11-28T16:20:25+00:00\",\"dateModified\":\"2026-01-09T05:24:13+00:00\",\"description\":\"Conserva Aves impulsa la articulaci\u00f3n nacional para fortalecer nuevas \u00e1reas de conservaci\u00f3n en Per\u00fa. Durante el encuentro, se desarrollaron sesiones dedicadas al intercambio de aprendizajes entre los socios regionales, nacionales y locales. Las presentaciones contaron con la participaci\u00f3n de Evelyne Morin (Birds Canada), Annie Hawkinson (American Bird Conservancy), Marcela Cabrera (RedLAC), Karime L\u00f3pez D\u00edaz (Audubon) y Mar\u00eda In\u00e9s Salazar (BirdLife International), quienes compartieron las prioridades de la iniciativa y los enfoques de trabajo conjunto para la regi\u00f3n.\",\"breadcrumb\":{\"@id\":\"https:\\\/\\\/profonanpe.org.pe\\\/conserva-aves-impulsa-la-articulacion-nacional-para-fortalecer-nuevas-areas-de-conservacion-en-peru\\\/#breadcrumb\"},\"inLanguage\":\"en-US\",\"potentialAction\":[{\"@type\":\"ReadAction\",\"target\":[\"https:\\\/\\\/profonanpe.org.pe\\\/conserva-aves-impulsa-la-articulacion-nacional-para-fortalecer-nuevas-areas-de-conservacion-en-peru\\\/\"]}]},{\"@type\":\"ImageObject\",\"inLanguage\":\"en-US\",\"@id\":\"https:\\\/\\\/profonanpe.org.pe\\\/conserva-aves-impulsa-la-articulacion-nacional-para-fortalecer-nuevas-areas-de-conservacion-en-peru\\\/#primaryimage\",\"url\":\"https:\\\/\\\/profonanpe.org.pe\\\/wp-content\\\/uploads\\\/2025\\\/11\\\/14102025-P1069436-scaled.jpg\",\"contentUrl\":\"https:\\\/\\\/profonanpe.org.pe\\\/wp-content\\\/uploads\\\/2025\\\/11\\\/14102025-P1069436-scaled.jpg\",\"width\":1600,\"height\":1067},{\"@type\":\"BreadcrumbList\",\"@id\":\"https:\\\/\\\/profonanpe.org.pe\\\/conserva-aves-impulsa-la-articulacion-nacional-para-fortalecer-nuevas-areas-de-conservacion-en-peru\\\/#breadcrumb\",\"itemListElement\":[{\"@type\":\"ListItem\",\"position\":1,\"name\":\"Portada\",\"item\":\"https:\\\/\\\/profonanpe.org.pe\\\/\"},{\"@type\":\"ListItem\",\"position\":2,\"name\":\"Conserva Aves impulsa la articulaci\u00f3n nacional para fortalecer nuevas \u00e1reas de conservaci\u00f3n en Per\u00fa\"}]},{\"@type\":\"WebSite\",\"@id\":\"https:\\\/\\\/profonanpe.org.pe\\\/#website\",\"url\":\"https:\\\/\\\/profonanpe.org.pe\\\/\",\"name\":\"Profonanpe\",\"description\":\"\",\"publisher\":{\"@id\":\"https:\\\/\\\/profonanpe.org.pe\\\/#organization\"},\"potentialAction\":[{\"@type\":\"SearchAction\",\"target\":{\"@type\":\"EntryPoint\",\"urlTemplate\":\"https:\\\/\\\/profonanpe.org.pe\\\/?s={search_term_string}\"},\"query-input\":{\"@type\":\"PropertyValueSpecification\",\"valueRequired\":true,\"valueName\":\"search_term_string\"}}],\"inLanguage\":\"en-US\"},{\"@type\":\"Organization\",\"@id\":\"https:\\\/\\\/profonanpe.org.pe\\\/#organization\",\"name\":\"Profonanpe\",\"url\":\"https:\\\/\\\/profonanpe.org.pe\\\/\",\"logo\":{\"@type\":\"ImageObject\",\"inLanguage\":\"en-US\",\"@id\":\"https:\\\/\\\/profonanpe.org.pe\\\/#\\\/schema\\\/logo\\\/image\\\/\",\"url\":\"https:\\\/\\\/profonanpe.org.pe\\\/wp-content\\\/uploads\\\/2020\\\/10\\\/Snippet-Profonanpe-v2.jpg\",\"contentUrl\":\"https:\\\/\\\/profonanpe.org.pe\\\/wp-content\\\/uploads\\\/2020\\\/10\\\/Snippet-Profonanpe-v2.jpg\",\"width\":524,\"height\":274,\"caption\":\"Profonanpe\"},\"image\":{\"@id\":\"https:\\\/\\\/profonanpe.org.pe\\\/#\\\/schema\\\/logo\\\/image\\\/\"}},{\"@type\":\"Person\",\"@id\":\"https:\\\/\\\/profonanpe.org.pe\\\/#\\\/schema\\\/person\\\/6240c1280fa0faa493147e00b333ed6d\",\"name\":\"Comunicaciones\",\"url\":\"https:\\\/\\\/profonanpe.org.pe\\\/en\\\/author\\\/comunicaciones-profonanpe\\\/\"}]}<\/script>\n<!-- \/ Yoast SEO plugin. -->","yoast_head_json":{"title":"Conserva Aves promotes national coordination to strengthen new conservation areas in Peru - Profonanpe","description":"Conserva Aves promotes national coordination to strengthen new conservation areas in Peru. During the meeting, sessions were dedicated to the exchange of lessons learned among regional, national and local partners. Presentations were given by Evelyne Morin (Birds Canada), Annie Hawkinson (American Bird Conservancy), Marcela Cabrera (RedLAC), Karime L\u00f3pez D\u00edaz (Audubon) and Mar\u00eda In\u00e9s Salazar (BirdLife International), who shared the initiative's priorities and joint work approaches for the region.","robots":{"index":"index","follow":"follow","max-snippet":"max-snippet:-1","max-image-preview":"max-image-preview:large","max-video-preview":"max-video-preview:-1"},"canonical":"https:\/\/profonanpe.org.pe\/en\/conserva-aves-promotes-national-articulation-to-strengthen-new-conservation-areas-in-peru\/","og_locale":"en_US","og_type":"article","og_title":"Conserva Aves impulsa la articulaci\u00f3n nacional para fortalecer nuevas \u00e1reas de conservaci\u00f3n en Per\u00fa - Profonanpe","og_description":"Conserva Aves impulsa la articulaci\u00f3n nacional para fortalecer nuevas \u00e1reas de conservaci\u00f3n en Per\u00fa. Durante el encuentro, se desarrollaron sesiones dedicadas al intercambio de aprendizajes entre los socios regionales, nacionales y locales. Las presentaciones contaron con la participaci\u00f3n de Evelyne Morin (Birds Canada), Annie Hawkinson (American Bird Conservancy), Marcela Cabrera (RedLAC), Karime L\u00f3pez D\u00edaz (Audubon) y Mar\u00eda In\u00e9s Salazar (BirdLife International), quienes compartieron las prioridades de la iniciativa y los enfoques de trabajo conjunto para la regi\u00f3n.","og_url":"https:\/\/profonanpe.org.pe\/en\/conserva-aves-promotes-national-articulation-to-strengthen-new-conservation-areas-in-peru\/","og_site_name":"Profonanpe","article_published_time":"2025-11-28T16:20:25+00:00","article_modified_time":"2026-01-09T05:24:13+00:00","og_image":[{"width":1600,"height":1067,"url":"https:\/\/profonanpe.org.pe\/wp-content\/uploads\/2025\/11\/14102025-P1069436-scaled.jpg","type":"image\/jpeg"}],"author":"Comunicaciones","twitter_card":"summary_large_image","twitter_misc":{"Written by":"Comunicaciones","Est. reading time":"4 minutes"},"schema":{"@context":"https:\/\/schema.org","@graph":[{"@type":"Article","@id":"https:\/\/profonanpe.org.pe\/conserva-aves-impulsa-la-articulacion-nacional-para-fortalecer-nuevas-areas-de-conservacion-en-peru\/#article","isPartOf":{"@id":"https:\/\/profonanpe.org.pe\/conserva-aves-impulsa-la-articulacion-nacional-para-fortalecer-nuevas-areas-de-conservacion-en-peru\/"},"author":{"name":"Comunicaciones","@id":"https:\/\/profonanpe.org.pe\/#\/schema\/person\/6240c1280fa0faa493147e00b333ed6d"},"headline":"Conserva Aves impulsa la articulaci\u00f3n nacional para fortalecer nuevas \u00e1reas de conservaci\u00f3n en Per\u00fa","datePublished":"2025-11-28T16:20:25+00:00","dateModified":"2026-01-09T05:24:13+00:00","mainEntityOfPage":{"@id":"https:\/\/profonanpe.org.pe\/conserva-aves-impulsa-la-articulacion-nacional-para-fortalecer-nuevas-areas-de-conservacion-en-peru\/"},"wordCount":614,"publisher":{"@id":"https:\/\/profonanpe.org.pe\/#organization"},"image":{"@id":"https:\/\/profonanpe.org.pe\/conserva-aves-impulsa-la-articulacion-nacional-para-fortalecer-nuevas-areas-de-conservacion-en-peru\/#primaryimage"},"thumbnailUrl":"https:\/\/profonanpe.org.pe\/wp-content\/uploads\/2025\/11\/14102025-P1069436-scaled.jpg","articleSection":["2025","Noticias","Columnas"],"inLanguage":"en-US"},{"@type":"WebPage","@id":"https:\/\/profonanpe.org.pe\/conserva-aves-impulsa-la-articulacion-nacional-para-fortalecer-nuevas-areas-de-conservacion-en-peru\/","url":"https:\/\/profonanpe.org.pe\/conserva-aves-impulsa-la-articulacion-nacional-para-fortalecer-nuevas-areas-de-conservacion-en-peru\/","name":"Conserva Aves promotes national coordination to strengthen new conservation areas in Peru - Profonanpe","isPartOf":{"@id":"https:\/\/profonanpe.org.pe\/#website"},"primaryImageOfPage":{"@id":"https:\/\/profonanpe.org.pe\/conserva-aves-impulsa-la-articulacion-nacional-para-fortalecer-nuevas-areas-de-conservacion-en-peru\/#primaryimage"},"image":{"@id":"https:\/\/profonanpe.org.pe\/conserva-aves-impulsa-la-articulacion-nacional-para-fortalecer-nuevas-areas-de-conservacion-en-peru\/#primaryimage"},"thumbnailUrl":"https:\/\/profonanpe.org.pe\/wp-content\/uploads\/2025\/11\/14102025-P1069436-scaled.jpg","datePublished":"2025-11-28T16:20:25+00:00","dateModified":"2026-01-09T05:24:13+00:00","description":"Conserva Aves promotes national coordination to strengthen new conservation areas in Peru. During the meeting, sessions were dedicated to the exchange of lessons learned among regional, national and local partners. Presentations were given by Evelyne Morin (Birds Canada), Annie Hawkinson (American Bird Conservancy), Marcela Cabrera (RedLAC), Karime L\u00f3pez D\u00edaz (Audubon) and Mar\u00eda In\u00e9s Salazar (BirdLife International), who shared the initiative's priorities and joint work approaches for the region.","breadcrumb":{"@id":"https:\/\/profonanpe.org.pe\/conserva-aves-impulsa-la-articulacion-nacional-para-fortalecer-nuevas-areas-de-conservacion-en-peru\/#breadcrumb"},"inLanguage":"en-US","potentialAction":[{"@type":"ReadAction","target":["https:\/\/profonanpe.org.pe\/conserva-aves-impulsa-la-articulacion-nacional-para-fortalecer-nuevas-areas-de-conservacion-en-peru\/"]}]},{"@type":"ImageObject","inLanguage":"en-US","@id":"https:\/\/profonanpe.org.pe\/conserva-aves-impulsa-la-articulacion-nacional-para-fortalecer-nuevas-areas-de-conservacion-en-peru\/#primaryimage","url":"https:\/\/profonanpe.org.pe\/wp-content\/uploads\/2025\/11\/14102025-P1069436-scaled.jpg","contentUrl":"https:\/\/profonanpe.org.pe\/wp-content\/uploads\/2025\/11\/14102025-P1069436-scaled.jpg","width":1600,"height":1067},{"@type":"BreadcrumbList","@id":"https:\/\/profonanpe.org.pe\/conserva-aves-impulsa-la-articulacion-nacional-para-fortalecer-nuevas-areas-de-conservacion-en-peru\/#breadcrumb","itemListElement":[{"@type":"ListItem","position":1,"name":"Portada","item":"https:\/\/profonanpe.org.pe\/"},{"@type":"ListItem","position":2,"name":"Conserva Aves impulsa la articulaci\u00f3n nacional para fortalecer nuevas \u00e1reas de conservaci\u00f3n en Per\u00fa"}]},{"@type":"WebSite","@id":"https:\/\/profonanpe.org.pe\/#website","url":"https:\/\/profonanpe.org.pe\/","name":"Profonanpe","description":"","publisher":{"@id":"https:\/\/profonanpe.org.pe\/#organization"},"potentialAction":[{"@type":"SearchAction","target":{"@type":"EntryPoint","urlTemplate":"https:\/\/profonanpe.org.pe\/?s={search_term_string}"},"query-input":{"@type":"PropertyValueSpecification","valueRequired":true,"valueName":"search_term_string"}}],"inLanguage":"en-US"},{"@type":"Organization","@id":"https:\/\/profonanpe.org.pe\/#organization","name":"Profonanpe","url":"https:\/\/profonanpe.org.pe\/","logo":{"@type":"ImageObject","inLanguage":"en-US","@id":"https:\/\/profonanpe.org.pe\/#\/schema\/logo\/image\/","url":"https:\/\/profonanpe.org.pe\/wp-content\/uploads\/2020\/10\/Snippet-Profonanpe-v2.jpg","contentUrl":"https:\/\/profonanpe.org.pe\/wp-content\/uploads\/2020\/10\/Snippet-Profonanpe-v2.jpg","width":524,"height":274,"caption":"Profonanpe"},"image":{"@id":"https:\/\/profonanpe.org.pe\/#\/schema\/logo\/image\/"}},{"@type":"Person","@id":"https:\/\/profonanpe.org.pe\/#\/schema\/person\/6240c1280fa0faa493147e00b333ed6d","name":"Communications","url":"https:\/\/profonanpe.org.pe\/en\/author\/comunicaciones-profonanpe\/"}]}},"_links":{"self":[{"href":"https:\/\/profonanpe.org.pe\/en\/wp-json\/wp\/v2\/posts\/49184","targetHints":{"allow":["GET"]}}],"collection":[{"href":"https:\/\/profonanpe.org.pe\/en\/wp-json\/wp\/v2\/posts"}],"about":[{"href":"https:\/\/profonanpe.org.pe\/en\/wp-json\/wp\/v2\/types\/post"}],"author":[{"embeddable":true,"href":"https:\/\/profonanpe.org.pe\/en\/wp-json\/wp\/v2\/users\/16"}],"replies":[{"embeddable":true,"href":"https:\/\/profonanpe.org.pe\/en\/wp-json\/wp\/v2\/comments?post=49184"}],"version-history":[{"count":0,"href":"https:\/\/profonanpe.org.pe\/en\/wp-json\/wp\/v2\/posts\/49184\/revisions"}],"wp:featuredmedia":[{"embeddable":true,"href":"https:\/\/profonanpe.org.pe\/en\/wp-json\/wp\/v2\/media\/49185"}],"wp:attachment":[{"href":"https:\/\/profonanpe.org.pe\/en\/wp-json\/wp\/v2\/media?parent=49184"}],"wp:term":[{"taxonomy":"category","embeddable":true,"href":"https:\/\/profonanpe.org.pe\/en\/wp-json\/wp\/v2\/categories?post=49184"},{"taxonomy":"post_tag","embeddable":true,"href":"https:\/\/profonanpe.org.pe\/en\/wp-json\/wp\/v2\/tags?post=49184"}],"curies":[{"name":"wp","href":"https:\/\/api.w.org\/{rel}","templated":true}]}}