{"id":43585,"date":"2025-04-11T17:08:22","date_gmt":"2025-04-11T22:08:22","guid":{"rendered":"https:\/\/profonanpe.org.pe\/?p=43585"},"modified":"2025-05-02T17:02:53","modified_gmt":"2025-05-02T22:02:53","slug":"urubamba-hosted-the-national-meeting-of-conserva-aves-partners-a-space-to-strengthen-alliances-for-the-conservation-of-subnational-areas","status":"publish","type":"post","link":"https:\/\/profonanpe.org.pe\/en\/urubamba-fue-escenario-del-encuentro-nacional-de-socios-de-conserva-aves-un-espacio-para-fortalecer-alianzas-por-la-conservacion-de-areas-subnacionales\/","title":{"rendered":"Urubamba hosted the National Meeting of Conserva Aves Partners: a space to strengthen alliances for the conservation of subnational areas"},"content":{"rendered":"<p style=\"text-align: center;\">Photo: Profonanpe<\/p>\n<p>&nbsp;<\/p>\n<p><b>Day 1: Presentations, learning and collective work<br \/>\n<\/b><b><br \/>\n<\/b><span style=\"font-weight: 400;\">The inaugural day began with welcoming remarks from the regional partner organizations and a presentation on the progress of the project in Peru. Presentations on the role of international partners were given by Cecilia Vides, Coordinator of the Conserve Birds Initiative and representative of RedLAC; Alfonso Hern\u00e1ndez, Conservation and Initiative Manager at BirdLife International; Marci Eggers, Vice President for Latin America and the Caribbean of the National Audubon Society (Audubon); and Eliana Fierro Calder\u00f3n, International Conservation Project Officer at the American Bird Conservancy (ABC).<\/span><\/p>\n<p><span style=\"font-weight: 400;\">During the day, the progress of projects carried out by partner organizations was also presented, as well as experiences and challenges identified in the process of establishing Private Conservation Areas (PCA) and Regional Conservation Areas (RCA).<\/span><\/p>\n<p>&nbsp;<\/p>\n<p><b>Day 2: Field visit to Quelcanca and the future Apu Terijuay PCA.<\/b><\/p>\n<p><span style=\"font-weight: 400;\">The second day was dedicated to a field visit to Quelcanca, where the proposal for the creation of the Apu Terijuay PCA is being developed. The participants learned about the wetland and forest ecosystem of Polylepis, and shared with the local community the testimony of the conservation process. This outing provided an opportunity to learn about the territorial impact of the initiative and to reinforce the project's participatory approach.<\/span><\/p>\n<p>&nbsp;<\/p>\n<p><img fetchpriority=\"high\" decoding=\"async\" class=\"size-large wp-image-43590 aligncenter\" src=\"https:\/\/profonanpe.org.pe\/wp-content\/uploads\/2025\/04\/sin-titulo-1-1024x683.jpg\" alt=\"\" width=\"800\" height=\"534\" srcset=\"https:\/\/profonanpe.org.pe\/wp-content\/uploads\/2025\/04\/sin-titulo-1-1024x683.jpg 1024w, https:\/\/profonanpe.org.pe\/wp-content\/uploads\/2025\/04\/sin-titulo-1-300x200.jpg 300w, https:\/\/profonanpe.org.pe\/wp-content\/uploads\/2025\/04\/sin-titulo-1-768x512.jpg 768w, https:\/\/profonanpe.org.pe\/wp-content\/uploads\/2025\/04\/sin-titulo-1-1536x1024.jpg 1536w, https:\/\/profonanpe.org.pe\/wp-content\/uploads\/2025\/04\/sin-titulo-1.jpg 1600w\" sizes=\"(max-width: 800px) 100vw, 800px\" \/><\/p>\n<p style=\"text-align: center;\"><span style=\"font-weight: 400;\">Photo: Profonanpe\u00a0<\/span><\/p>\n<p>&nbsp;<\/p>\n<p><b>Day 3: Sustainability, monitoring and closure<\/b><\/p>\n<p><span style=\"font-weight: 400;\">The last day focused on the sustainability of protected areas. Collective proposals were worked on regarding the Master Plan and the Financial Sustainability Plan of the PCAs and RCAs. In addition, advances in biological monitoring and indicators were presented by the Asociaci\u00f3n Ecosistemas Andinos - ECOAN.<\/span><\/p>\n<p><span style=\"font-weight: 400;\">\u201c<\/span><i><span style=\"font-weight: 400;\">Spaces like this allow us to connect efforts and move forward together for the conservation not only of the various species of birds that we have in Peru, Latin America, but also with our ecosystems.<\/span><\/i><span style=\"font-weight: 400;\">\u00ab, he noted <\/span><b>Odile S\u00e1nchez<\/b><span style=\"font-weight: 400;\">, Profonanpe's Sub-donations Manager and the Conserva Aves project in Peru.<\/span><\/p>\n<p>&nbsp;<\/p>\n<p><img decoding=\"async\" class=\"size-large wp-image-43592 aligncenter\" src=\"https:\/\/profonanpe.org.pe\/wp-content\/uploads\/2025\/04\/20250408-Cusco-7-1024x683.jpg\" alt=\"\" width=\"800\" height=\"534\" srcset=\"https:\/\/profonanpe.org.pe\/wp-content\/uploads\/2025\/04\/20250408-Cusco-7-1024x683.jpg 1024w, https:\/\/profonanpe.org.pe\/wp-content\/uploads\/2025\/04\/20250408-Cusco-7-300x200.jpg 300w, https:\/\/profonanpe.org.pe\/wp-content\/uploads\/2025\/04\/20250408-Cusco-7-768x512.jpg 768w, https:\/\/profonanpe.org.pe\/wp-content\/uploads\/2025\/04\/20250408-Cusco-7-1536x1024.jpg 1536w, https:\/\/profonanpe.org.pe\/wp-content\/uploads\/2025\/04\/20250408-Cusco-7.jpg 1600w\" sizes=\"(max-width: 800px) 100vw, 800px\" \/><\/p>\n<p style=\"text-align: center;\"><span style=\"font-weight: 400;\">Photo: Profonanpe<\/span><\/p>\n<p>&nbsp;<\/p>\n<p><span style=\"font-weight: 400;\">Representatives of allied organizations from Peru, Mexico, Colombia and the United States also participated, consolidating a regional network committed to conservation from the territories.<\/span><\/p>\n<p>&nbsp;<\/p>\n<p><img decoding=\"async\" class=\"size-large wp-image-43588 aligncenter\" src=\"https:\/\/profonanpe.org.pe\/wp-content\/uploads\/2025\/04\/sin-titulo-9-1024x683.jpg\" alt=\"\" width=\"800\" height=\"534\" srcset=\"https:\/\/profonanpe.org.pe\/wp-content\/uploads\/2025\/04\/sin-titulo-9-1024x683.jpg 1024w, https:\/\/profonanpe.org.pe\/wp-content\/uploads\/2025\/04\/sin-titulo-9-300x200.jpg 300w, https:\/\/profonanpe.org.pe\/wp-content\/uploads\/2025\/04\/sin-titulo-9-768x512.jpg 768w, https:\/\/profonanpe.org.pe\/wp-content\/uploads\/2025\/04\/sin-titulo-9-1536x1024.jpg 1536w, https:\/\/profonanpe.org.pe\/wp-content\/uploads\/2025\/04\/sin-titulo-9.jpg 1600w\" sizes=\"(max-width: 800px) 100vw, 800px\" \/><\/p>\n<p style=\"text-align: center;\"><span style=\"font-weight: 400;\">Photo: Profonanpe<\/span><\/p>\n<p>&nbsp;<\/p>\n<p><span style=\"font-weight: 400;\">The National Partners Meeting reaffirms Conserva Aves' commitment to the conservation of threatened and endemic bird habitats in the country, through participatory processes that strengthen capacities and promote local action to protect our biodiversity.<\/span><\/p>","protected":false},"excerpt":{"rendered":"<p>Foto: Profonanpe &nbsp; D\u00eda 1: Presentaciones, aprendizajes y trabajo colectivo La jornada inaugural comenz\u00f3 con palabras de bienvenida de las organizaciones socias regionales y la presentaci\u00f3n de los avances del proyecto en Per\u00fa. Adem\u00e1s, se desarrollaron exposiciones sobre el rol de los socios internacionales a cargo de Cecilia Vides, Coordinadora de la Iniciativa Conserva Aves [&hellip;]<\/p>\n","protected":false},"author":16,"featured_media":43586,"comment_status":"closed","ping_status":"open","sticky":false,"template":"","format":"standard","meta":{"_acf_changed":false,"footnotes":""},"categories":[684,92],"tags":[],"class_list":["post-43585","post","type-post","status-publish","format-standard","has-post-thumbnail","hentry","category-684","category-noticias"],"acf":[],"yoast_head":"<!-- This site is optimized with the Yoast SEO plugin v27.4 - https:\/\/yoast.com\/product\/yoast-seo-wordpress\/ -->\n<title>Urubamba fue escenario del Encuentro Nacional de Socios de Conserva Aves: un espacio para fortalecer alianzas por la conservaci\u00f3n de \u00e1reas subnacionales - Profonanpe<\/title>\n<meta name=\"robots\" content=\"index, follow, max-snippet:-1, max-image-preview:large, max-video-preview:-1\" \/>\n<link rel=\"canonical\" href=\"https:\/\/profonanpe.org.pe\/en\/urubamba-hosted-the-national-meeting-of-conserva-aves-partners-a-space-to-strengthen-alliances-for-the-conservation-of-subnational-areas\/\" \/>\n<meta property=\"og:locale\" content=\"en_US\" \/>\n<meta property=\"og:type\" content=\"article\" \/>\n<meta property=\"og:title\" content=\"Urubamba fue escenario del Encuentro Nacional de Socios de Conserva Aves: un espacio para fortalecer alianzas por la conservaci\u00f3n de \u00e1reas subnacionales - Profonanpe\" \/>\n<meta property=\"og:description\" content=\"Foto: Profonanpe &nbsp; D\u00eda 1: Presentaciones, aprendizajes y trabajo colectivo La jornada inaugural comenz\u00f3 con palabras de bienvenida de las organizaciones socias regionales y la presentaci\u00f3n de los avances del proyecto en Per\u00fa. Adem\u00e1s, se desarrollaron exposiciones sobre el rol de los socios internacionales a cargo de Cecilia Vides, Coordinadora de la Iniciativa Conserva Aves [&hellip;]\" \/>\n<meta property=\"og:url\" content=\"https:\/\/profonanpe.org.pe\/en\/urubamba-hosted-the-national-meeting-of-conserva-aves-partners-a-space-to-strengthen-alliances-for-the-conservation-of-subnational-areas\/\" \/>\n<meta property=\"og:site_name\" content=\"Profonanpe\" \/>\n<meta property=\"article:published_time\" content=\"2025-04-11T22:08:22+00:00\" \/>\n<meta property=\"article:modified_time\" content=\"2025-05-02T22:02:53+00:00\" \/>\n<meta property=\"og:image\" content=\"https:\/\/profonanpe.org.pe\/wp-content\/uploads\/2025\/04\/20250408-Cusco-17.jpg\" \/>\n\t<meta property=\"og:image:width\" content=\"1600\" \/>\n\t<meta property=\"og:image:height\" content=\"1066\" \/>\n\t<meta property=\"og:image:type\" content=\"image\/jpeg\" \/>\n<meta name=\"author\" content=\"Comunicaciones\" \/>\n<meta name=\"twitter:card\" content=\"summary_large_image\" \/>\n<meta name=\"twitter:label1\" content=\"Written by\" \/>\n\t<meta name=\"twitter:data1\" content=\"Comunicaciones\" \/>\n\t<meta name=\"twitter:label2\" content=\"Est. reading time\" \/>\n\t<meta name=\"twitter:data2\" content=\"3 minutes\" \/>\n<script type=\"application\/ld+json\" class=\"yoast-schema-graph\">{\"@context\":\"https:\\\/\\\/schema.org\",\"@graph\":[{\"@type\":\"Article\",\"@id\":\"https:\\\/\\\/profonanpe.org.pe\\\/en\\\/urubamba-fue-escenario-del-encuentro-nacional-de-socios-de-conserva-aves-un-espacio-para-fortalecer-alianzas-por-la-conservacion-de-areas-subnacionales\\\/#article\",\"isPartOf\":{\"@id\":\"https:\\\/\\\/profonanpe.org.pe\\\/en\\\/urubamba-fue-escenario-del-encuentro-nacional-de-socios-de-conserva-aves-un-espacio-para-fortalecer-alianzas-por-la-conservacion-de-areas-subnacionales\\\/\"},\"author\":{\"name\":\"Comunicaciones\",\"@id\":\"https:\\\/\\\/profonanpe.org.pe\\\/#\\\/schema\\\/person\\\/6240c1280fa0faa493147e00b333ed6d\"},\"headline\":\"Urubamba fue escenario del Encuentro Nacional de Socios de Conserva Aves: un espacio para fortalecer alianzas por la conservaci\u00f3n de \u00e1reas subnacionales\",\"datePublished\":\"2025-04-11T22:08:22+00:00\",\"dateModified\":\"2025-05-02T22:02:53+00:00\",\"mainEntityOfPage\":{\"@id\":\"https:\\\/\\\/profonanpe.org.pe\\\/en\\\/urubamba-fue-escenario-del-encuentro-nacional-de-socios-de-conserva-aves-un-espacio-para-fortalecer-alianzas-por-la-conservacion-de-areas-subnacionales\\\/\"},\"wordCount\":454,\"publisher\":{\"@id\":\"https:\\\/\\\/profonanpe.org.pe\\\/#organization\"},\"image\":{\"@id\":\"https:\\\/\\\/profonanpe.org.pe\\\/en\\\/urubamba-fue-escenario-del-encuentro-nacional-de-socios-de-conserva-aves-un-espacio-para-fortalecer-alianzas-por-la-conservacion-de-areas-subnacionales\\\/#primaryimage\"},\"thumbnailUrl\":\"https:\\\/\\\/profonanpe.org.pe\\\/wp-content\\\/uploads\\\/2025\\\/04\\\/20250408-Cusco-17.jpg\",\"articleSection\":[\"2025\",\"Noticias\"],\"inLanguage\":\"en-US\"},{\"@type\":\"WebPage\",\"@id\":\"https:\\\/\\\/profonanpe.org.pe\\\/en\\\/urubamba-fue-escenario-del-encuentro-nacional-de-socios-de-conserva-aves-un-espacio-para-fortalecer-alianzas-por-la-conservacion-de-areas-subnacionales\\\/\",\"url\":\"https:\\\/\\\/profonanpe.org.pe\\\/en\\\/urubamba-fue-escenario-del-encuentro-nacional-de-socios-de-conserva-aves-un-espacio-para-fortalecer-alianzas-por-la-conservacion-de-areas-subnacionales\\\/\",\"name\":\"Urubamba fue escenario del Encuentro Nacional de Socios de Conserva Aves: un espacio para fortalecer alianzas por la conservaci\u00f3n de \u00e1reas subnacionales - Profonanpe\",\"isPartOf\":{\"@id\":\"https:\\\/\\\/profonanpe.org.pe\\\/#website\"},\"primaryImageOfPage\":{\"@id\":\"https:\\\/\\\/profonanpe.org.pe\\\/en\\\/urubamba-fue-escenario-del-encuentro-nacional-de-socios-de-conserva-aves-un-espacio-para-fortalecer-alianzas-por-la-conservacion-de-areas-subnacionales\\\/#primaryimage\"},\"image\":{\"@id\":\"https:\\\/\\\/profonanpe.org.pe\\\/en\\\/urubamba-fue-escenario-del-encuentro-nacional-de-socios-de-conserva-aves-un-espacio-para-fortalecer-alianzas-por-la-conservacion-de-areas-subnacionales\\\/#primaryimage\"},\"thumbnailUrl\":\"https:\\\/\\\/profonanpe.org.pe\\\/wp-content\\\/uploads\\\/2025\\\/04\\\/20250408-Cusco-17.jpg\",\"datePublished\":\"2025-04-11T22:08:22+00:00\",\"dateModified\":\"2025-05-02T22:02:53+00:00\",\"breadcrumb\":{\"@id\":\"https:\\\/\\\/profonanpe.org.pe\\\/en\\\/urubamba-fue-escenario-del-encuentro-nacional-de-socios-de-conserva-aves-un-espacio-para-fortalecer-alianzas-por-la-conservacion-de-areas-subnacionales\\\/#breadcrumb\"},\"inLanguage\":\"en-US\",\"potentialAction\":[{\"@type\":\"ReadAction\",\"target\":[\"https:\\\/\\\/profonanpe.org.pe\\\/en\\\/urubamba-fue-escenario-del-encuentro-nacional-de-socios-de-conserva-aves-un-espacio-para-fortalecer-alianzas-por-la-conservacion-de-areas-subnacionales\\\/\"]}]},{\"@type\":\"ImageObject\",\"inLanguage\":\"en-US\",\"@id\":\"https:\\\/\\\/profonanpe.org.pe\\\/en\\\/urubamba-fue-escenario-del-encuentro-nacional-de-socios-de-conserva-aves-un-espacio-para-fortalecer-alianzas-por-la-conservacion-de-areas-subnacionales\\\/#primaryimage\",\"url\":\"https:\\\/\\\/profonanpe.org.pe\\\/wp-content\\\/uploads\\\/2025\\\/04\\\/20250408-Cusco-17.jpg\",\"contentUrl\":\"https:\\\/\\\/profonanpe.org.pe\\\/wp-content\\\/uploads\\\/2025\\\/04\\\/20250408-Cusco-17.jpg\",\"width\":1600,\"height\":1066},{\"@type\":\"BreadcrumbList\",\"@id\":\"https:\\\/\\\/profonanpe.org.pe\\\/en\\\/urubamba-fue-escenario-del-encuentro-nacional-de-socios-de-conserva-aves-un-espacio-para-fortalecer-alianzas-por-la-conservacion-de-areas-subnacionales\\\/#breadcrumb\",\"itemListElement\":[{\"@type\":\"ListItem\",\"position\":1,\"name\":\"Portada\",\"item\":\"https:\\\/\\\/profonanpe.org.pe\\\/\"},{\"@type\":\"ListItem\",\"position\":2,\"name\":\"Urubamba fue escenario del Encuentro Nacional de Socios de Conserva Aves: un espacio para fortalecer alianzas por la conservaci\u00f3n de \u00e1reas subnacionales\"}]},{\"@type\":\"WebSite\",\"@id\":\"https:\\\/\\\/profonanpe.org.pe\\\/#website\",\"url\":\"https:\\\/\\\/profonanpe.org.pe\\\/\",\"name\":\"Profonanpe\",\"description\":\"\",\"publisher\":{\"@id\":\"https:\\\/\\\/profonanpe.org.pe\\\/#organization\"},\"potentialAction\":[{\"@type\":\"SearchAction\",\"target\":{\"@type\":\"EntryPoint\",\"urlTemplate\":\"https:\\\/\\\/profonanpe.org.pe\\\/?s={search_term_string}\"},\"query-input\":{\"@type\":\"PropertyValueSpecification\",\"valueRequired\":true,\"valueName\":\"search_term_string\"}}],\"inLanguage\":\"en-US\"},{\"@type\":\"Organization\",\"@id\":\"https:\\\/\\\/profonanpe.org.pe\\\/#organization\",\"name\":\"Profonanpe\",\"url\":\"https:\\\/\\\/profonanpe.org.pe\\\/\",\"logo\":{\"@type\":\"ImageObject\",\"inLanguage\":\"en-US\",\"@id\":\"https:\\\/\\\/profonanpe.org.pe\\\/#\\\/schema\\\/logo\\\/image\\\/\",\"url\":\"https:\\\/\\\/profonanpe.org.pe\\\/wp-content\\\/uploads\\\/2020\\\/10\\\/Snippet-Profonanpe-v2.jpg\",\"contentUrl\":\"https:\\\/\\\/profonanpe.org.pe\\\/wp-content\\\/uploads\\\/2020\\\/10\\\/Snippet-Profonanpe-v2.jpg\",\"width\":524,\"height\":274,\"caption\":\"Profonanpe\"},\"image\":{\"@id\":\"https:\\\/\\\/profonanpe.org.pe\\\/#\\\/schema\\\/logo\\\/image\\\/\"}},{\"@type\":\"Person\",\"@id\":\"https:\\\/\\\/profonanpe.org.pe\\\/#\\\/schema\\\/person\\\/6240c1280fa0faa493147e00b333ed6d\",\"name\":\"Comunicaciones\",\"url\":\"https:\\\/\\\/profonanpe.org.pe\\\/en\\\/author\\\/comunicaciones-profonanpe\\\/\"}]}<\/script>\n<!-- \/ Yoast SEO plugin. -->","yoast_head_json":{"title":"Urubamba hosted the National Meeting of Conserva Aves Partners: a space to strengthen alliances for the conservation of subnational areas","robots":{"index":"index","follow":"follow","max-snippet":"max-snippet:-1","max-image-preview":"max-image-preview:large","max-video-preview":"max-video-preview:-1"},"canonical":"https:\/\/profonanpe.org.pe\/en\/urubamba-hosted-the-national-meeting-of-conserva-aves-partners-a-space-to-strengthen-alliances-for-the-conservation-of-subnational-areas\/","og_locale":"en_US","og_type":"article","og_title":"Urubamba fue escenario del Encuentro Nacional de Socios de Conserva Aves: un espacio para fortalecer alianzas por la conservaci\u00f3n de \u00e1reas subnacionales - Profonanpe","og_description":"Foto: Profonanpe &nbsp; D\u00eda 1: Presentaciones, aprendizajes y trabajo colectivo La jornada inaugural comenz\u00f3 con palabras de bienvenida de las organizaciones socias regionales y la presentaci\u00f3n de los avances del proyecto en Per\u00fa. Adem\u00e1s, se desarrollaron exposiciones sobre el rol de los socios internacionales a cargo de Cecilia Vides, Coordinadora de la Iniciativa Conserva Aves [&hellip;]","og_url":"https:\/\/profonanpe.org.pe\/en\/urubamba-hosted-the-national-meeting-of-conserva-aves-partners-a-space-to-strengthen-alliances-for-the-conservation-of-subnational-areas\/","og_site_name":"Profonanpe","article_published_time":"2025-04-11T22:08:22+00:00","article_modified_time":"2025-05-02T22:02:53+00:00","og_image":[{"width":1600,"height":1066,"url":"https:\/\/profonanpe.org.pe\/wp-content\/uploads\/2025\/04\/20250408-Cusco-17.jpg","type":"image\/jpeg"}],"author":"Comunicaciones","twitter_card":"summary_large_image","twitter_misc":{"Written by":"Comunicaciones","Est. reading time":"3 minutes"},"schema":{"@context":"https:\/\/schema.org","@graph":[{"@type":"Article","@id":"https:\/\/profonanpe.org.pe\/en\/urubamba-fue-escenario-del-encuentro-nacional-de-socios-de-conserva-aves-un-espacio-para-fortalecer-alianzas-por-la-conservacion-de-areas-subnacionales\/#article","isPartOf":{"@id":"https:\/\/profonanpe.org.pe\/en\/urubamba-fue-escenario-del-encuentro-nacional-de-socios-de-conserva-aves-un-espacio-para-fortalecer-alianzas-por-la-conservacion-de-areas-subnacionales\/"},"author":{"name":"Comunicaciones","@id":"https:\/\/profonanpe.org.pe\/#\/schema\/person\/6240c1280fa0faa493147e00b333ed6d"},"headline":"Urubamba fue escenario del Encuentro Nacional de Socios de Conserva Aves: un espacio para fortalecer alianzas por la conservaci\u00f3n de \u00e1reas subnacionales","datePublished":"2025-04-11T22:08:22+00:00","dateModified":"2025-05-02T22:02:53+00:00","mainEntityOfPage":{"@id":"https:\/\/profonanpe.org.pe\/en\/urubamba-fue-escenario-del-encuentro-nacional-de-socios-de-conserva-aves-un-espacio-para-fortalecer-alianzas-por-la-conservacion-de-areas-subnacionales\/"},"wordCount":454,"publisher":{"@id":"https:\/\/profonanpe.org.pe\/#organization"},"image":{"@id":"https:\/\/profonanpe.org.pe\/en\/urubamba-fue-escenario-del-encuentro-nacional-de-socios-de-conserva-aves-un-espacio-para-fortalecer-alianzas-por-la-conservacion-de-areas-subnacionales\/#primaryimage"},"thumbnailUrl":"https:\/\/profonanpe.org.pe\/wp-content\/uploads\/2025\/04\/20250408-Cusco-17.jpg","articleSection":["2025","Noticias"],"inLanguage":"en-US"},{"@type":"WebPage","@id":"https:\/\/profonanpe.org.pe\/en\/urubamba-fue-escenario-del-encuentro-nacional-de-socios-de-conserva-aves-un-espacio-para-fortalecer-alianzas-por-la-conservacion-de-areas-subnacionales\/","url":"https:\/\/profonanpe.org.pe\/en\/urubamba-fue-escenario-del-encuentro-nacional-de-socios-de-conserva-aves-un-espacio-para-fortalecer-alianzas-por-la-conservacion-de-areas-subnacionales\/","name":"Urubamba hosted the National Meeting of Conserva Aves Partners: a space to strengthen alliances for the conservation of subnational areas","isPartOf":{"@id":"https:\/\/profonanpe.org.pe\/#website"},"primaryImageOfPage":{"@id":"https:\/\/profonanpe.org.pe\/en\/urubamba-fue-escenario-del-encuentro-nacional-de-socios-de-conserva-aves-un-espacio-para-fortalecer-alianzas-por-la-conservacion-de-areas-subnacionales\/#primaryimage"},"image":{"@id":"https:\/\/profonanpe.org.pe\/en\/urubamba-fue-escenario-del-encuentro-nacional-de-socios-de-conserva-aves-un-espacio-para-fortalecer-alianzas-por-la-conservacion-de-areas-subnacionales\/#primaryimage"},"thumbnailUrl":"https:\/\/profonanpe.org.pe\/wp-content\/uploads\/2025\/04\/20250408-Cusco-17.jpg","datePublished":"2025-04-11T22:08:22+00:00","dateModified":"2025-05-02T22:02:53+00:00","breadcrumb":{"@id":"https:\/\/profonanpe.org.pe\/en\/urubamba-fue-escenario-del-encuentro-nacional-de-socios-de-conserva-aves-un-espacio-para-fortalecer-alianzas-por-la-conservacion-de-areas-subnacionales\/#breadcrumb"},"inLanguage":"en-US","potentialAction":[{"@type":"ReadAction","target":["https:\/\/profonanpe.org.pe\/en\/urubamba-fue-escenario-del-encuentro-nacional-de-socios-de-conserva-aves-un-espacio-para-fortalecer-alianzas-por-la-conservacion-de-areas-subnacionales\/"]}]},{"@type":"ImageObject","inLanguage":"en-US","@id":"https:\/\/profonanpe.org.pe\/en\/urubamba-fue-escenario-del-encuentro-nacional-de-socios-de-conserva-aves-un-espacio-para-fortalecer-alianzas-por-la-conservacion-de-areas-subnacionales\/#primaryimage","url":"https:\/\/profonanpe.org.pe\/wp-content\/uploads\/2025\/04\/20250408-Cusco-17.jpg","contentUrl":"https:\/\/profonanpe.org.pe\/wp-content\/uploads\/2025\/04\/20250408-Cusco-17.jpg","width":1600,"height":1066},{"@type":"BreadcrumbList","@id":"https:\/\/profonanpe.org.pe\/en\/urubamba-fue-escenario-del-encuentro-nacional-de-socios-de-conserva-aves-un-espacio-para-fortalecer-alianzas-por-la-conservacion-de-areas-subnacionales\/#breadcrumb","itemListElement":[{"@type":"ListItem","position":1,"name":"Portada","item":"https:\/\/profonanpe.org.pe\/"},{"@type":"ListItem","position":2,"name":"Urubamba fue escenario del Encuentro Nacional de Socios de Conserva Aves: un espacio para fortalecer alianzas por la conservaci\u00f3n de \u00e1reas subnacionales"}]},{"@type":"WebSite","@id":"https:\/\/profonanpe.org.pe\/#website","url":"https:\/\/profonanpe.org.pe\/","name":"Profonanpe","description":"","publisher":{"@id":"https:\/\/profonanpe.org.pe\/#organization"},"potentialAction":[{"@type":"SearchAction","target":{"@type":"EntryPoint","urlTemplate":"https:\/\/profonanpe.org.pe\/?s={search_term_string}"},"query-input":{"@type":"PropertyValueSpecification","valueRequired":true,"valueName":"search_term_string"}}],"inLanguage":"en-US"},{"@type":"Organization","@id":"https:\/\/profonanpe.org.pe\/#organization","name":"Profonanpe","url":"https:\/\/profonanpe.org.pe\/","logo":{"@type":"ImageObject","inLanguage":"en-US","@id":"https:\/\/profonanpe.org.pe\/#\/schema\/logo\/image\/","url":"https:\/\/profonanpe.org.pe\/wp-content\/uploads\/2020\/10\/Snippet-Profonanpe-v2.jpg","contentUrl":"https:\/\/profonanpe.org.pe\/wp-content\/uploads\/2020\/10\/Snippet-Profonanpe-v2.jpg","width":524,"height":274,"caption":"Profonanpe"},"image":{"@id":"https:\/\/profonanpe.org.pe\/#\/schema\/logo\/image\/"}},{"@type":"Person","@id":"https:\/\/profonanpe.org.pe\/#\/schema\/person\/6240c1280fa0faa493147e00b333ed6d","name":"Communications","url":"https:\/\/profonanpe.org.pe\/en\/author\/comunicaciones-profonanpe\/"}]}},"_links":{"self":[{"href":"https:\/\/profonanpe.org.pe\/en\/wp-json\/wp\/v2\/posts\/43585","targetHints":{"allow":["GET"]}}],"collection":[{"href":"https:\/\/profonanpe.org.pe\/en\/wp-json\/wp\/v2\/posts"}],"about":[{"href":"https:\/\/profonanpe.org.pe\/en\/wp-json\/wp\/v2\/types\/post"}],"author":[{"embeddable":true,"href":"https:\/\/profonanpe.org.pe\/en\/wp-json\/wp\/v2\/users\/16"}],"replies":[{"embeddable":true,"href":"https:\/\/profonanpe.org.pe\/en\/wp-json\/wp\/v2\/comments?post=43585"}],"version-history":[{"count":0,"href":"https:\/\/profonanpe.org.pe\/en\/wp-json\/wp\/v2\/posts\/43585\/revisions"}],"wp:featuredmedia":[{"embeddable":true,"href":"https:\/\/profonanpe.org.pe\/en\/wp-json\/wp\/v2\/media\/43586"}],"wp:attachment":[{"href":"https:\/\/profonanpe.org.pe\/en\/wp-json\/wp\/v2\/media?parent=43585"}],"wp:term":[{"taxonomy":"category","embeddable":true,"href":"https:\/\/profonanpe.org.pe\/en\/wp-json\/wp\/v2\/categories?post=43585"},{"taxonomy":"post_tag","embeddable":true,"href":"https:\/\/profonanpe.org.pe\/en\/wp-json\/wp\/v2\/tags?post=43585"}],"curies":[{"name":"wp","href":"https:\/\/api.w.org\/{rel}","templated":true}]}}