{"id":43504,"date":"2025-04-09T17:56:37","date_gmt":"2025-04-09T22:56:37","guid":{"rendered":"https:\/\/profonanpe.org.pe\/?p=43504"},"modified":"2025-05-02T16:34:51","modified_gmt":"2025-05-02T21:34:51","slug":"local-actors-promote-conservation-and-sustainability-in-the-amazon-region","status":"publish","type":"post","link":"https:\/\/profonanpe.org.pe\/en\/actores-locales-impulsan-la-conservacion-y-sostenibilidad-en-la-region-amazonas\/","title":{"rendered":"Local actors promote conservation and sustainability in the Amazon region"},"content":{"rendered":"<p style=\"text-align: center;\"><i><span style=\"font-weight: 400;\">Participants during the \u00abHeart of the AMA NETWORK\u201d outdoors, sharing moments of conviviality in nature.<\/span><\/i><\/p>\n<p style=\"text-align: center;\"><i><span style=\"font-weight: 400;\">Photography: Eduard Valdivia Torres.<\/span><\/i><\/p>\n<p>&nbsp;<\/p>\n<p><span style=\"font-weight: 400;\">On August 16 and 17, 2024, key local stakeholders, including community boards and conservation area owners, gathered at the \u00abHeart of the AMA Network\u00bb event to share their experiences, learn new conservation strategies, and strengthen collaboration between communities and organizations that make up the Network.<\/span><\/p>\n<p>&nbsp;<\/p>\n<p><span style=\"font-weight: 400;\">The event, held in the auditorium of the Regional Environmental Authority and Fundo Pucacruz, was a <\/span><b><i>space for dialogue and learning for local leaders responsible for conservation areas.<\/i><\/b><span style=\"font-weight: 400;\"> These representatives are fundamental in the protection of the ecosystems of the Tropical Andes of Northern Peru, and their work allows the implementation of concrete solutions for the protection of the ecosystems. <\/span><b><i>preserve biodiversity while promoting sustainable development opportunities.<\/i><\/b><\/p>\n<p>&nbsp;<\/p>\n<p><b>Context and justification<\/b><\/p>\n<p><span style=\"font-weight: 400;\">The Amazonas region faces significant threats due to the <\/span><b><i>deforestation and agricultural expansion<\/i><\/b><span style=\"font-weight: 400;\">. These activities have led to the loss of biodiversity and the degradation of local ecosystems. In this context, the <\/span><b><i>local stakeholders<\/i><\/b><span style=\"font-weight: 400;\"> play a key role in mitigating these effects through the use of <\/span><b><i>direct management of conservation areas<\/i><\/b><span style=\"font-weight: 400;\"> that protect natural resources and promote sustainable development in their territories.<\/span><\/p>\n<p>&nbsp;<\/p>\n<p><span style=\"font-weight: 400;\">The AMA NETWORK, established in 2006, has been working tirelessly to<\/span><b><i> integrate biodiversity conservation with the economic development of local communities.<\/i><\/b><span style=\"font-weight: 400;\"> The \u00abHeart of the AMA NETWORK\u00bb event represents a step forward in strengthening this approach by ensuring that local actors <\/span><b><i>have the tools and the necessary support<\/i><\/b><span style=\"font-weight: 400;\"> to continue with the protection of the Amazonian ecosystems.<\/span><\/p>\n<p>&nbsp;<\/p>\n<p><span style=\"font-weight: 400;\">The \u00abHeart of the AMA NETWORK\u00bb project was financed with a fund from <\/span><b><i>$150,000 granted by PROFONANPE<\/i><\/b><span style=\"font-weight: 400;\">, for the creation and enlargement of private conservation areas in the <\/span><b><i>Tropical Andes of Northern Peru.<\/i><\/b><span style=\"font-weight: 400;\"> This financing has been key to <\/span><b><i>strengthen local capacities and ensure the sustainability of conservation projects in the region.<\/i><\/b><\/p>\n<p>&nbsp;<\/p>\n<p><b>Concrete results and commitments<\/b><\/p>\n<p><span style=\"font-weight: 400;\">One of the most significant achievements of the event was the <\/span><b><i>consolidation of the commitment of local stakeholders to expand and strengthen conservation areas.<\/i><\/b><span style=\"font-weight: 400;\"> The PCA owners and leaders agreed to work together to improve the surveillance of these areas, ensuring the <\/span><b><i>protection of vulnerable species<\/i><\/b><span style=\"font-weight: 400;\"> as the <\/span><b><i>Yellow-tailed Choro monkey<\/i><\/b><span style=\"font-weight: 400;\">, while boosting the<\/span><b><i> ecotourism in their territories.<\/i><\/b><span style=\"font-weight: 400;\"> This management model is key to the success of the AMA NETWORK and its long-term conservation projects.<\/span><\/p>\n<p>&nbsp;<\/p>\n<p><span style=\"font-weight: 400;\">The local representatives also participated in workshops and hands-on activities, learning about the use of Merlin ID technology for bird monitoring, which enables <\/span><b><i>acquire specific skills for the efficient management of their conservation areas.<\/i><\/b><span style=\"font-weight: 400;\"> These new tools will improve their capacity to manage natural resources and strengthen local governance.<\/span><\/p>\n<p>&nbsp;<\/p>\n<p><img fetchpriority=\"high\" decoding=\"async\" class=\"alignnone wp-image-43506 size-full\" src=\"https:\/\/profonanpe.org.pe\/wp-content\/uploads\/2025\/04\/merese-web.gif\" alt=\"\" width=\"985\" height=\"657\" \/><\/p>\n<p style=\"text-align: center;\"><i><span style=\"font-weight: 400;\">Speakers imparting the importance of protecting natural areas in Amazonas<\/span><\/i><\/p>\n<p style=\"text-align: center;\"><i><span style=\"font-weight: 400;\">Photography: Eduard Valdivia Torres<\/span><\/i><\/p>\n<p>&nbsp;<\/p>\n<p><b>Strengthening alliances and benefits for communities<\/b><\/p>\n<p><span style=\"font-weight: 400;\">The event was also an opportunity to <\/span><b><i>strengthening alliances between local and national organizations<\/i><\/b><span style=\"font-weight: 400;\">, The project has also been able to strengthen the capacity of local stakeholders, such as ECOAN, CORBIDI and APECO, which have provided technical and financial support for protected area management. These alliances not only strengthen the capacity of local stakeholders, but also <\/span><b><i>ensure the sustainability of conservation initiatives in the future.<\/i><\/b><\/p>\n<p>&nbsp;<\/p>\n<p><img decoding=\"async\" class=\"wp-image-43507 size-full aligncenter\" src=\"https:\/\/profonanpe.org.pe\/wp-content\/uploads\/2025\/04\/chica-web.gif\" alt=\"\" width=\"347\" height=\"520\" \/><\/p>\n<p style=\"text-align: center;\"><em>Participation of different organizations<\/em><\/p>\n<p style=\"text-align: center;\"><em>Photography: Eduard Valdivia Torres<\/em><\/p>\n<p>&nbsp;<\/p>\n<p><span style=\"font-weight: 400;\">The direct impact of these actions benefits communities that depend on natural resources and ecotourism. The AMA NETWORK's focus on the active participation of local leaders <\/span><b><i>ensures that protected area management decisions are responsive to the real needs of communities<\/i><\/b><span style=\"font-weight: 400;\">, promoting economic development based on sustainability.<\/span><\/p>\n<p>&nbsp;<\/p>\n<p><span style=\"font-weight: 400;\">For more details on future conservation initiatives and the impact of local stakeholders in the AMA NETWORK, please contact:<\/span><\/p>\n<h1><b>Join us<\/b><\/h1>\n<p><b>Angers William Espejo Pingus<\/b><span style=\"font-weight: 400;\"><br \/>\n<\/span><span style=\"font-weight: 400;\">RED AMA Environmental Specialist<\/span><span style=\"font-weight: 400;\"><br \/>\n<\/span><span style=\"font-weight: 400;\">aespejop24@gmail.com\u00a0<\/span><\/p>\n<p>&nbsp;<\/p>\n<p><b>Eduard Valdivia Torres\u00a0<\/b><\/p>\n<p><span style=\"font-weight: 400;\">eduard.arm@hotmail.com\u00a0\u00a0\u00a0<\/span><\/p>","protected":false},"excerpt":{"rendered":"<p>Participantes durante el \u00abCoraz\u00f3n de la RED AMA\u201d al aire libre, compartiendo momentos de convivencia en la naturaleza Fotograf\u00eda: Eduard Valdivia Torres. &nbsp; Durante los d\u00edas 16 y 17 de agosto de 2024, los principales actores locales, incluyendo juntas directivas comunales y propietarios de \u00e1reas de conservaci\u00f3n, se reunieron en el evento \u00abCoraz\u00f3n de la [&hellip;]<\/p>\n","protected":false},"author":160,"featured_media":43505,"comment_status":"closed","ping_status":"open","sticky":false,"template":"","format":"standard","meta":{"_acf_changed":false,"footnotes":""},"categories":[684,92],"tags":[],"class_list":["post-43504","post","type-post","status-publish","format-standard","has-post-thumbnail","hentry","category-684","category-noticias"],"acf":[],"yoast_head":"<!-- This site is optimized with the Yoast SEO plugin v27.4 - https:\/\/yoast.com\/product\/yoast-seo-wordpress\/ -->\n<title>Actores locales impulsan la conservaci\u00f3n y sostenibilidad en la regi\u00f3n Amazonas - Profonanpe<\/title>\n<meta name=\"robots\" content=\"index, follow, max-snippet:-1, max-image-preview:large, max-video-preview:-1\" \/>\n<link rel=\"canonical\" href=\"https:\/\/profonanpe.org.pe\/en\/local-actors-promote-conservation-and-sustainability-in-the-amazon-region\/\" \/>\n<meta property=\"og:locale\" content=\"en_US\" \/>\n<meta property=\"og:type\" content=\"article\" \/>\n<meta property=\"og:title\" content=\"Actores locales impulsan la conservaci\u00f3n y sostenibilidad en la regi\u00f3n Amazonas - Profonanpe\" \/>\n<meta property=\"og:description\" content=\"Participantes durante el \u00abCoraz\u00f3n de la RED AMA\u201d al aire libre, compartiendo momentos de convivencia en la naturaleza Fotograf\u00eda: Eduard Valdivia Torres. &nbsp; Durante los d\u00edas 16 y 17 de agosto de 2024, los principales actores locales, incluyendo juntas directivas comunales y propietarios de \u00e1reas de conservaci\u00f3n, se reunieron en el evento \u00abCoraz\u00f3n de la [&hellip;]\" \/>\n<meta property=\"og:url\" content=\"https:\/\/profonanpe.org.pe\/en\/local-actors-promote-conservation-and-sustainability-in-the-amazon-region\/\" \/>\n<meta property=\"og:site_name\" content=\"Profonanpe\" \/>\n<meta property=\"article:published_time\" content=\"2025-04-09T22:56:37+00:00\" \/>\n<meta property=\"article:modified_time\" content=\"2025-05-02T21:34:51+00:00\" \/>\n<meta property=\"og:image\" content=\"https:\/\/profonanpe.org.pe\/wp-content\/uploads\/2025\/04\/grupo-final.gif\" \/>\n\t<meta property=\"og:image:width\" content=\"1058\" \/>\n\t<meta property=\"og:image:height\" content=\"671\" \/>\n\t<meta property=\"og:image:type\" content=\"image\/gif\" \/>\n<meta name=\"author\" content=\"Arpynet\" \/>\n<meta name=\"twitter:card\" content=\"summary_large_image\" \/>\n<meta name=\"twitter:label1\" content=\"Written by\" \/>\n\t<meta name=\"twitter:data1\" content=\"Arpynet\" \/>\n\t<meta name=\"twitter:label2\" content=\"Est. reading time\" \/>\n\t<meta name=\"twitter:data2\" content=\"4 minutes\" \/>\n<script type=\"application\/ld+json\" class=\"yoast-schema-graph\">{\"@context\":\"https:\\\/\\\/schema.org\",\"@graph\":[{\"@type\":\"Article\",\"@id\":\"https:\\\/\\\/profonanpe.org.pe\\\/actores-locales-impulsan-la-conservacion-y-sostenibilidad-en-la-region-amazonas\\\/#article\",\"isPartOf\":{\"@id\":\"https:\\\/\\\/profonanpe.org.pe\\\/actores-locales-impulsan-la-conservacion-y-sostenibilidad-en-la-region-amazonas\\\/\"},\"author\":{\"name\":\"Arpynet\",\"@id\":\"https:\\\/\\\/profonanpe.org.pe\\\/#\\\/schema\\\/person\\\/79fad12520ef387d50a66cff92c7947d\"},\"headline\":\"Actores locales impulsan la conservaci\u00f3n y sostenibilidad en la regi\u00f3n Amazonas\",\"datePublished\":\"2025-04-09T22:56:37+00:00\",\"dateModified\":\"2025-05-02T21:34:51+00:00\",\"mainEntityOfPage\":{\"@id\":\"https:\\\/\\\/profonanpe.org.pe\\\/actores-locales-impulsan-la-conservacion-y-sostenibilidad-en-la-region-amazonas\\\/\"},\"wordCount\":756,\"publisher\":{\"@id\":\"https:\\\/\\\/profonanpe.org.pe\\\/#organization\"},\"image\":{\"@id\":\"https:\\\/\\\/profonanpe.org.pe\\\/actores-locales-impulsan-la-conservacion-y-sostenibilidad-en-la-region-amazonas\\\/#primaryimage\"},\"thumbnailUrl\":\"https:\\\/\\\/profonanpe.org.pe\\\/wp-content\\\/uploads\\\/2025\\\/04\\\/grupo-final.gif\",\"articleSection\":[\"2025\",\"Noticias\"],\"inLanguage\":\"en-US\"},{\"@type\":\"WebPage\",\"@id\":\"https:\\\/\\\/profonanpe.org.pe\\\/actores-locales-impulsan-la-conservacion-y-sostenibilidad-en-la-region-amazonas\\\/\",\"url\":\"https:\\\/\\\/profonanpe.org.pe\\\/actores-locales-impulsan-la-conservacion-y-sostenibilidad-en-la-region-amazonas\\\/\",\"name\":\"Actores locales impulsan la conservaci\u00f3n y sostenibilidad en la regi\u00f3n Amazonas - Profonanpe\",\"isPartOf\":{\"@id\":\"https:\\\/\\\/profonanpe.org.pe\\\/#website\"},\"primaryImageOfPage\":{\"@id\":\"https:\\\/\\\/profonanpe.org.pe\\\/actores-locales-impulsan-la-conservacion-y-sostenibilidad-en-la-region-amazonas\\\/#primaryimage\"},\"image\":{\"@id\":\"https:\\\/\\\/profonanpe.org.pe\\\/actores-locales-impulsan-la-conservacion-y-sostenibilidad-en-la-region-amazonas\\\/#primaryimage\"},\"thumbnailUrl\":\"https:\\\/\\\/profonanpe.org.pe\\\/wp-content\\\/uploads\\\/2025\\\/04\\\/grupo-final.gif\",\"datePublished\":\"2025-04-09T22:56:37+00:00\",\"dateModified\":\"2025-05-02T21:34:51+00:00\",\"breadcrumb\":{\"@id\":\"https:\\\/\\\/profonanpe.org.pe\\\/actores-locales-impulsan-la-conservacion-y-sostenibilidad-en-la-region-amazonas\\\/#breadcrumb\"},\"inLanguage\":\"en-US\",\"potentialAction\":[{\"@type\":\"ReadAction\",\"target\":[\"https:\\\/\\\/profonanpe.org.pe\\\/actores-locales-impulsan-la-conservacion-y-sostenibilidad-en-la-region-amazonas\\\/\"]}]},{\"@type\":\"ImageObject\",\"inLanguage\":\"en-US\",\"@id\":\"https:\\\/\\\/profonanpe.org.pe\\\/actores-locales-impulsan-la-conservacion-y-sostenibilidad-en-la-region-amazonas\\\/#primaryimage\",\"url\":\"https:\\\/\\\/profonanpe.org.pe\\\/wp-content\\\/uploads\\\/2025\\\/04\\\/grupo-final.gif\",\"contentUrl\":\"https:\\\/\\\/profonanpe.org.pe\\\/wp-content\\\/uploads\\\/2025\\\/04\\\/grupo-final.gif\",\"width\":1058,\"height\":671},{\"@type\":\"BreadcrumbList\",\"@id\":\"https:\\\/\\\/profonanpe.org.pe\\\/actores-locales-impulsan-la-conservacion-y-sostenibilidad-en-la-region-amazonas\\\/#breadcrumb\",\"itemListElement\":[{\"@type\":\"ListItem\",\"position\":1,\"name\":\"Portada\",\"item\":\"https:\\\/\\\/profonanpe.org.pe\\\/\"},{\"@type\":\"ListItem\",\"position\":2,\"name\":\"Actores locales impulsan la conservaci\u00f3n y sostenibilidad en la regi\u00f3n Amazonas\"}]},{\"@type\":\"WebSite\",\"@id\":\"https:\\\/\\\/profonanpe.org.pe\\\/#website\",\"url\":\"https:\\\/\\\/profonanpe.org.pe\\\/\",\"name\":\"Profonanpe\",\"description\":\"\",\"publisher\":{\"@id\":\"https:\\\/\\\/profonanpe.org.pe\\\/#organization\"},\"potentialAction\":[{\"@type\":\"SearchAction\",\"target\":{\"@type\":\"EntryPoint\",\"urlTemplate\":\"https:\\\/\\\/profonanpe.org.pe\\\/?s={search_term_string}\"},\"query-input\":{\"@type\":\"PropertyValueSpecification\",\"valueRequired\":true,\"valueName\":\"search_term_string\"}}],\"inLanguage\":\"en-US\"},{\"@type\":\"Organization\",\"@id\":\"https:\\\/\\\/profonanpe.org.pe\\\/#organization\",\"name\":\"Profonanpe\",\"url\":\"https:\\\/\\\/profonanpe.org.pe\\\/\",\"logo\":{\"@type\":\"ImageObject\",\"inLanguage\":\"en-US\",\"@id\":\"https:\\\/\\\/profonanpe.org.pe\\\/#\\\/schema\\\/logo\\\/image\\\/\",\"url\":\"https:\\\/\\\/profonanpe.org.pe\\\/wp-content\\\/uploads\\\/2020\\\/10\\\/Snippet-Profonanpe-v2.jpg\",\"contentUrl\":\"https:\\\/\\\/profonanpe.org.pe\\\/wp-content\\\/uploads\\\/2020\\\/10\\\/Snippet-Profonanpe-v2.jpg\",\"width\":524,\"height\":274,\"caption\":\"Profonanpe\"},\"image\":{\"@id\":\"https:\\\/\\\/profonanpe.org.pe\\\/#\\\/schema\\\/logo\\\/image\\\/\"}},{\"@type\":\"Person\",\"@id\":\"https:\\\/\\\/profonanpe.org.pe\\\/#\\\/schema\\\/person\\\/79fad12520ef387d50a66cff92c7947d\",\"name\":\"Arpynet\",\"url\":\"https:\\\/\\\/profonanpe.org.pe\\\/en\\\/author\\\/arpynet\\\/\"}]}<\/script>\n<!-- \/ Yoast SEO plugin. -->","yoast_head_json":{"title":"Local actors promote conservation and sustainability in the Amazon region - Profonananpe","robots":{"index":"index","follow":"follow","max-snippet":"max-snippet:-1","max-image-preview":"max-image-preview:large","max-video-preview":"max-video-preview:-1"},"canonical":"https:\/\/profonanpe.org.pe\/en\/local-actors-promote-conservation-and-sustainability-in-the-amazon-region\/","og_locale":"en_US","og_type":"article","og_title":"Actores locales impulsan la conservaci\u00f3n y sostenibilidad en la regi\u00f3n Amazonas - Profonanpe","og_description":"Participantes durante el \u00abCoraz\u00f3n de la RED AMA\u201d al aire libre, compartiendo momentos de convivencia en la naturaleza Fotograf\u00eda: Eduard Valdivia Torres. &nbsp; Durante los d\u00edas 16 y 17 de agosto de 2024, los principales actores locales, incluyendo juntas directivas comunales y propietarios de \u00e1reas de conservaci\u00f3n, se reunieron en el evento \u00abCoraz\u00f3n de la [&hellip;]","og_url":"https:\/\/profonanpe.org.pe\/en\/local-actors-promote-conservation-and-sustainability-in-the-amazon-region\/","og_site_name":"Profonanpe","article_published_time":"2025-04-09T22:56:37+00:00","article_modified_time":"2025-05-02T21:34:51+00:00","og_image":[{"width":1058,"height":671,"url":"https:\/\/profonanpe.org.pe\/wp-content\/uploads\/2025\/04\/grupo-final.gif","type":"image\/gif"}],"author":"Arpynet","twitter_card":"summary_large_image","twitter_misc":{"Written by":"Arpynet","Est. reading time":"4 minutes"},"schema":{"@context":"https:\/\/schema.org","@graph":[{"@type":"Article","@id":"https:\/\/profonanpe.org.pe\/actores-locales-impulsan-la-conservacion-y-sostenibilidad-en-la-region-amazonas\/#article","isPartOf":{"@id":"https:\/\/profonanpe.org.pe\/actores-locales-impulsan-la-conservacion-y-sostenibilidad-en-la-region-amazonas\/"},"author":{"name":"Arpynet","@id":"https:\/\/profonanpe.org.pe\/#\/schema\/person\/79fad12520ef387d50a66cff92c7947d"},"headline":"Actores locales impulsan la conservaci\u00f3n y sostenibilidad en la regi\u00f3n Amazonas","datePublished":"2025-04-09T22:56:37+00:00","dateModified":"2025-05-02T21:34:51+00:00","mainEntityOfPage":{"@id":"https:\/\/profonanpe.org.pe\/actores-locales-impulsan-la-conservacion-y-sostenibilidad-en-la-region-amazonas\/"},"wordCount":756,"publisher":{"@id":"https:\/\/profonanpe.org.pe\/#organization"},"image":{"@id":"https:\/\/profonanpe.org.pe\/actores-locales-impulsan-la-conservacion-y-sostenibilidad-en-la-region-amazonas\/#primaryimage"},"thumbnailUrl":"https:\/\/profonanpe.org.pe\/wp-content\/uploads\/2025\/04\/grupo-final.gif","articleSection":["2025","Noticias"],"inLanguage":"en-US"},{"@type":"WebPage","@id":"https:\/\/profonanpe.org.pe\/actores-locales-impulsan-la-conservacion-y-sostenibilidad-en-la-region-amazonas\/","url":"https:\/\/profonanpe.org.pe\/actores-locales-impulsan-la-conservacion-y-sostenibilidad-en-la-region-amazonas\/","name":"Local actors promote conservation and sustainability in the Amazon region - Profonananpe","isPartOf":{"@id":"https:\/\/profonanpe.org.pe\/#website"},"primaryImageOfPage":{"@id":"https:\/\/profonanpe.org.pe\/actores-locales-impulsan-la-conservacion-y-sostenibilidad-en-la-region-amazonas\/#primaryimage"},"image":{"@id":"https:\/\/profonanpe.org.pe\/actores-locales-impulsan-la-conservacion-y-sostenibilidad-en-la-region-amazonas\/#primaryimage"},"thumbnailUrl":"https:\/\/profonanpe.org.pe\/wp-content\/uploads\/2025\/04\/grupo-final.gif","datePublished":"2025-04-09T22:56:37+00:00","dateModified":"2025-05-02T21:34:51+00:00","breadcrumb":{"@id":"https:\/\/profonanpe.org.pe\/actores-locales-impulsan-la-conservacion-y-sostenibilidad-en-la-region-amazonas\/#breadcrumb"},"inLanguage":"en-US","potentialAction":[{"@type":"ReadAction","target":["https:\/\/profonanpe.org.pe\/actores-locales-impulsan-la-conservacion-y-sostenibilidad-en-la-region-amazonas\/"]}]},{"@type":"ImageObject","inLanguage":"en-US","@id":"https:\/\/profonanpe.org.pe\/actores-locales-impulsan-la-conservacion-y-sostenibilidad-en-la-region-amazonas\/#primaryimage","url":"https:\/\/profonanpe.org.pe\/wp-content\/uploads\/2025\/04\/grupo-final.gif","contentUrl":"https:\/\/profonanpe.org.pe\/wp-content\/uploads\/2025\/04\/grupo-final.gif","width":1058,"height":671},{"@type":"BreadcrumbList","@id":"https:\/\/profonanpe.org.pe\/actores-locales-impulsan-la-conservacion-y-sostenibilidad-en-la-region-amazonas\/#breadcrumb","itemListElement":[{"@type":"ListItem","position":1,"name":"Portada","item":"https:\/\/profonanpe.org.pe\/"},{"@type":"ListItem","position":2,"name":"Actores locales impulsan la conservaci\u00f3n y sostenibilidad en la regi\u00f3n Amazonas"}]},{"@type":"WebSite","@id":"https:\/\/profonanpe.org.pe\/#website","url":"https:\/\/profonanpe.org.pe\/","name":"Profonanpe","description":"","publisher":{"@id":"https:\/\/profonanpe.org.pe\/#organization"},"potentialAction":[{"@type":"SearchAction","target":{"@type":"EntryPoint","urlTemplate":"https:\/\/profonanpe.org.pe\/?s={search_term_string}"},"query-input":{"@type":"PropertyValueSpecification","valueRequired":true,"valueName":"search_term_string"}}],"inLanguage":"en-US"},{"@type":"Organization","@id":"https:\/\/profonanpe.org.pe\/#organization","name":"Profonanpe","url":"https:\/\/profonanpe.org.pe\/","logo":{"@type":"ImageObject","inLanguage":"en-US","@id":"https:\/\/profonanpe.org.pe\/#\/schema\/logo\/image\/","url":"https:\/\/profonanpe.org.pe\/wp-content\/uploads\/2020\/10\/Snippet-Profonanpe-v2.jpg","contentUrl":"https:\/\/profonanpe.org.pe\/wp-content\/uploads\/2020\/10\/Snippet-Profonanpe-v2.jpg","width":524,"height":274,"caption":"Profonanpe"},"image":{"@id":"https:\/\/profonanpe.org.pe\/#\/schema\/logo\/image\/"}},{"@type":"Person","@id":"https:\/\/profonanpe.org.pe\/#\/schema\/person\/79fad12520ef387d50a66cff92c7947d","name":"Comunicaciones","url":"https:\/\/profonanpe.org.pe\/en\/author\/arpynet\/"}]}},"_links":{"self":[{"href":"https:\/\/profonanpe.org.pe\/en\/wp-json\/wp\/v2\/posts\/43504","targetHints":{"allow":["GET"]}}],"collection":[{"href":"https:\/\/profonanpe.org.pe\/en\/wp-json\/wp\/v2\/posts"}],"about":[{"href":"https:\/\/profonanpe.org.pe\/en\/wp-json\/wp\/v2\/types\/post"}],"author":[{"embeddable":true,"href":"https:\/\/profonanpe.org.pe\/en\/wp-json\/wp\/v2\/users\/160"}],"replies":[{"embeddable":true,"href":"https:\/\/profonanpe.org.pe\/en\/wp-json\/wp\/v2\/comments?post=43504"}],"version-history":[{"count":0,"href":"https:\/\/profonanpe.org.pe\/en\/wp-json\/wp\/v2\/posts\/43504\/revisions"}],"wp:featuredmedia":[{"embeddable":true,"href":"https:\/\/profonanpe.org.pe\/en\/wp-json\/wp\/v2\/media\/43505"}],"wp:attachment":[{"href":"https:\/\/profonanpe.org.pe\/en\/wp-json\/wp\/v2\/media?parent=43504"}],"wp:term":[{"taxonomy":"category","embeddable":true,"href":"https:\/\/profonanpe.org.pe\/en\/wp-json\/wp\/v2\/categories?post=43504"},{"taxonomy":"post_tag","embeddable":true,"href":"https:\/\/profonanpe.org.pe\/en\/wp-json\/wp\/v2\/tags?post=43504"}],"curies":[{"name":"wp","href":"https:\/\/api.w.org\/{rel}","templated":true}]}}