{"id":41041,"date":"2025-02-10T11:50:19","date_gmt":"2025-02-10T16:50:19","guid":{"rendered":"https:\/\/profonanpe.org.pe\/?p=41041"},"modified":"2025-03-31T10:23:59","modified_gmt":"2025-03-31T15:23:59","slug":"organizaciones-civiles-buscan-impulsar-iniciativas-locales-que-contribuyan-a-la-proteccion-de-la-puna-frente-al-cambio-climatico","status":"publish","type":"post","link":"https:\/\/profonanpe.org.pe\/en\/organizaciones-civiles-buscan-impulsar-iniciativas-locales-que-contribuyan-a-la-proteccion-de-la-puna-frente-al-cambio-climatico\/","title":{"rendered":"Civil organizations seek to promote local initiatives to help protect the puna from climate change"},"content":{"rendered":"<p style=\"text-align: center;\"><span style=\"font-weight: 400;\"><i>Approximately 50 representatives of institutions, social organizations and NGOs pledged to work for local initiatives.<\/i><\/span><\/p>\n<p>&nbsp;<\/p>\n<p><span style=\"font-weight: 400;\">Climate change is affecting the ecosystems of the Puna and the services provided in the southern high Andean zone of Peru. One of the consequences is a decrease in rainfall and longer periods of drought, affecting water availability in the regions of Arequipa, Puno, Apurimac and Cusco, where 80% of the population depends on rain-fed agriculture.\u00a0<\/span><\/p>\n<p>&nbsp;<\/p>\n<p><span style=\"font-weight: 400;\">Public and civil society organizations, as well as conservationist, artisan and producer associations, among others, seek to contribute to addressing this problem,<\/span> <span style=\"font-weight: 400;\">met in Arequipa to learn more about the <\/span><b>Puna Competitive Fund<\/b><span style=\"font-weight: 400;\"> of the Resilient Puna Project, which will allow high Andean communities above 3500 m asl to develop productive initiatives. <\/span><span style=\"font-weight: 400;\">that contribute to the conservation of the Puna in Arequipa.\u00a0<\/span><\/p>\n<p>&nbsp;<\/p>\n<p><i><span style=\"font-weight: 400;\">\u00a0<\/span><\/i><span style=\"font-weight: 400;\">The Puna Competitive Fund will provide financing and technical assistance to local initiatives in 12 districts of Arequipa that contribute to increasing the adaptive capacity of high Andean communities in the face of climate change, as well as protecting their ecosystems and livelihoods.\u00a0<\/span><\/p>\n<p>&nbsp;<\/p>\n<p><span style=\"font-weight: 400;\">Puna Resiliente is financed by the Green Climate Fund, the Peruvian government, through the Ministry of Agrarian Development and Irrigation (MIDAGRI) and the Ministry of Environment (MINAM), through the National Service of Natural Areas Protected by the State (SERNANP), the German government, through the BMZ, and the Government of Canada. It is executed jointly by MIDAGRI, SERNANP, Profonanpe, Peru's environmental fund, the Mountain Institute (IdM) and German development cooperation, implemented by the GIZ.\u00a0<\/span><\/p>\n<p>&nbsp;<\/p>\n<h5><span style=\"font-size: 14pt;\"><b>A commitment to restore and conserve ecosystems<\/b><\/span><\/h5>\n<p><span style=\"font-weight: 400;\">About <\/span><span style=\"font-weight: 400;\">50 <\/span><span style=\"font-weight: 400;\">representatives of public institutions, civil organizations and associations of Arequipa committed to work together to promote local initiatives that contribute to the resilience of high Andean areas located at 3500 m asl.<\/span><\/p>\n<p>&nbsp;<\/p>\n<p><img fetchpriority=\"high\" decoding=\"async\" class=\"wp-image-41044 aligncenter\" src=\"https:\/\/profonanpe.org.pe\/wp-content\/uploads\/2025\/02\/IMG_3498-1024x683.jpg\" alt=\"\" width=\"744\" height=\"477\" \/><\/p>\n<p style=\"text-align: center;\"><i><span style=\"font-weight: 400;\">The vice-governor of Gore Arequipa, Ana Mar\u00eda Guti\u00e9rrez inaugurated the workshop, with the participation of the Sumac Pallay Artisans Association, the director of the Resilient Puna Project, Peter Hauschnik<\/span><\/i><i><span style=\"font-weight: 400;\">,<\/span><\/i><i><span style=\"font-weight: 400;\"> and the manager of the Competitive Fund, Edgardo Cruzado.\u00a0<\/span><\/i><\/p>\n<p>&nbsp;<\/p>\n<p><span style=\"font-weight: 400;\">The Puna Competitive Fund of the Resilient Puna Project, implemented by Profonanpe, a Peruvian environmental fund, will identify, select and finance local initiatives that combine Ecosystem-based Adaptation measures <\/span><span style=\"font-weight: 400;\">(AbE),<\/span><span style=\"font-weight: 400;\"> such as qochas (water reservoirs), conservation and recovery of grasslands, implementation of infiltration ditches, natural soil management, recovery of terraces, among others, and that include Climate Resilient Value Chains (CVCR) such as camelids or high Andean crops (quinoa, potato varieties), among others.\u00a0<\/span><\/p>\n<p>&nbsp;<\/p>\n<p><span style=\"font-weight: 400;\">In this first call for applications, priority has been given to the following districts of Arequipa: San Juan de Tarucani, Chachas, Choco, Orcopampa, San Antonio de Chuca, Yanque, Cayarani, Salamanca, Cotahuasi, Huaynacotas, Pampamarca and Puyca.<\/span><\/p>\n<p>&nbsp;<\/p>\n<p style=\"text-align: center;\"><img decoding=\"async\" class=\"wp-image-41048 aligncenter\" src=\"https:\/\/profonanpe.org.pe\/wp-content\/uploads\/2025\/02\/IMG_3413-977x1024.jpg\" alt=\"\" width=\"462\" height=\"487\" \/><i><span style=\"font-weight: 400;\">Producer associations, alpaqueros and farming communities consulted on the Puna Competitive Fund at the workshop.<\/span><\/i><\/p>\n<p>&nbsp;<\/p>\n<h5><span style=\"font-size: 14pt;\"><b>About the Puna Competitive Fund<\/b><\/span><\/h5>\n<p><span style=\"font-weight: 400;\">The Fondo Concursable Puna will identify and finance initiatives in 58 districts located in the regions of Arequipa, Puno, Apur\u00edmac, Cusco and the province of Yauyos (Lima) over the next few years.\u00a0\u00a0<\/span><\/p>\n<p>&nbsp;<\/p>\n<p><span style=\"font-weight: 400;\">It is expected to benefit more than 31,000 people and to conserve and restore more than 23,000 hectares in the high Andean zones of these 5 regions, contributing to the implementation of 127 local initiatives.\u00a0<\/span><\/p>\n<p><span style=\"font-weight: 400;\">\u00a0<\/span><\/p>","protected":false},"excerpt":{"rendered":"<p>Aproximadamente 50 representantes de instituciones, organizaciones sociales y ONGs se comprometieron a trabajar por iniciativas locales. &nbsp; El cambio clim\u00e1tico est\u00e1 afectando los ecosistemas de la Puna y los servicios que se brindan en la zona altoandina sur del Per\u00fa. Una de las consecuencias que se ven es la disminuci\u00f3n de las lluvias y periodos [&hellip;]<\/p>\n","protected":false},"author":16,"featured_media":41043,"comment_status":"closed","ping_status":"open","sticky":false,"template":"","format":"standard","meta":{"_acf_changed":false,"footnotes":""},"categories":[684,92],"tags":[],"class_list":["post-41041","post","type-post","status-publish","format-standard","has-post-thumbnail","hentry","category-684","category-noticias"],"acf":[],"yoast_head":"<!-- This site is optimized with the Yoast SEO plugin v27.4 - https:\/\/yoast.com\/product\/yoast-seo-wordpress\/ -->\n<title>Organizaciones civiles buscan impulsar iniciativas locales que contribuyan a la protecci\u00f3n de la puna frente al cambio clim\u00e1tico - Profonanpe<\/title>\n<meta name=\"robots\" content=\"index, follow, max-snippet:-1, max-image-preview:large, max-video-preview:-1\" \/>\n<link rel=\"canonical\" href=\"https:\/\/profonanpe.org.pe\/en\/organizaciones-civiles-buscan-impulsar-iniciativas-locales-que-contribuyan-a-la-proteccion-de-la-puna-frente-al-cambio-climatico\/\" \/>\n<meta property=\"og:locale\" content=\"en_US\" \/>\n<meta property=\"og:type\" content=\"article\" \/>\n<meta property=\"og:title\" content=\"Organizaciones civiles buscan impulsar iniciativas locales que contribuyan a la protecci\u00f3n de la puna frente al cambio clim\u00e1tico - Profonanpe\" \/>\n<meta property=\"og:description\" content=\"Aproximadamente 50 representantes de instituciones, organizaciones sociales y ONGs se comprometieron a trabajar por iniciativas locales. &nbsp; El cambio clim\u00e1tico est\u00e1 afectando los ecosistemas de la Puna y los servicios que se brindan en la zona altoandina sur del Per\u00fa. Una de las consecuencias que se ven es la disminuci\u00f3n de las lluvias y periodos [&hellip;]\" \/>\n<meta property=\"og:url\" content=\"https:\/\/profonanpe.org.pe\/en\/organizaciones-civiles-buscan-impulsar-iniciativas-locales-que-contribuyan-a-la-proteccion-de-la-puna-frente-al-cambio-climatico\/\" \/>\n<meta property=\"og:site_name\" content=\"Profonanpe\" \/>\n<meta property=\"article:published_time\" content=\"2025-02-10T16:50:19+00:00\" \/>\n<meta property=\"article:modified_time\" content=\"2025-03-31T15:23:59+00:00\" \/>\n<meta property=\"og:image\" content=\"https:\/\/profonanpe.org.pe\/wp-content\/uploads\/2025\/02\/IMG_3478_v1-scaled.jpg\" \/>\n\t<meta property=\"og:image:width\" content=\"1600\" \/>\n\t<meta property=\"og:image:height\" content=\"1067\" \/>\n\t<meta property=\"og:image:type\" content=\"image\/jpeg\" \/>\n<meta name=\"author\" content=\"Comunicaciones\" \/>\n<meta name=\"twitter:card\" content=\"summary_large_image\" \/>\n<meta name=\"twitter:label1\" content=\"Written by\" \/>\n\t<meta name=\"twitter:data1\" content=\"Comunicaciones\" \/>\n\t<meta name=\"twitter:label2\" content=\"Est. reading time\" \/>\n\t<meta name=\"twitter:data2\" content=\"4 minutes\" \/>\n<script type=\"application\/ld+json\" class=\"yoast-schema-graph\">{\"@context\":\"https:\\\/\\\/schema.org\",\"@graph\":[{\"@type\":\"Article\",\"@id\":\"https:\\\/\\\/profonanpe.org.pe\\\/organizaciones-civiles-buscan-impulsar-iniciativas-locales-que-contribuyan-a-la-proteccion-de-la-puna-frente-al-cambio-climatico\\\/#article\",\"isPartOf\":{\"@id\":\"https:\\\/\\\/profonanpe.org.pe\\\/organizaciones-civiles-buscan-impulsar-iniciativas-locales-que-contribuyan-a-la-proteccion-de-la-puna-frente-al-cambio-climatico\\\/\"},\"author\":{\"name\":\"Comunicaciones\",\"@id\":\"https:\\\/\\\/profonanpe.org.pe\\\/#\\\/schema\\\/person\\\/6240c1280fa0faa493147e00b333ed6d\"},\"headline\":\"Organizaciones civiles buscan impulsar iniciativas locales que contribuyan a la protecci\u00f3n de la puna frente al cambio clim\u00e1tico\",\"datePublished\":\"2025-02-10T16:50:19+00:00\",\"dateModified\":\"2025-03-31T15:23:59+00:00\",\"mainEntityOfPage\":{\"@id\":\"https:\\\/\\\/profonanpe.org.pe\\\/organizaciones-civiles-buscan-impulsar-iniciativas-locales-que-contribuyan-a-la-proteccion-de-la-puna-frente-al-cambio-climatico\\\/\"},\"wordCount\":613,\"publisher\":{\"@id\":\"https:\\\/\\\/profonanpe.org.pe\\\/#organization\"},\"image\":{\"@id\":\"https:\\\/\\\/profonanpe.org.pe\\\/organizaciones-civiles-buscan-impulsar-iniciativas-locales-que-contribuyan-a-la-proteccion-de-la-puna-frente-al-cambio-climatico\\\/#primaryimage\"},\"thumbnailUrl\":\"https:\\\/\\\/profonanpe.org.pe\\\/wp-content\\\/uploads\\\/2025\\\/02\\\/IMG_3478_v1-scaled.jpg\",\"articleSection\":[\"2025\",\"Noticias\"],\"inLanguage\":\"en-US\"},{\"@type\":\"WebPage\",\"@id\":\"https:\\\/\\\/profonanpe.org.pe\\\/organizaciones-civiles-buscan-impulsar-iniciativas-locales-que-contribuyan-a-la-proteccion-de-la-puna-frente-al-cambio-climatico\\\/\",\"url\":\"https:\\\/\\\/profonanpe.org.pe\\\/organizaciones-civiles-buscan-impulsar-iniciativas-locales-que-contribuyan-a-la-proteccion-de-la-puna-frente-al-cambio-climatico\\\/\",\"name\":\"Organizaciones civiles buscan impulsar iniciativas locales que contribuyan a la protecci\u00f3n de la puna frente al cambio clim\u00e1tico - Profonanpe\",\"isPartOf\":{\"@id\":\"https:\\\/\\\/profonanpe.org.pe\\\/#website\"},\"primaryImageOfPage\":{\"@id\":\"https:\\\/\\\/profonanpe.org.pe\\\/organizaciones-civiles-buscan-impulsar-iniciativas-locales-que-contribuyan-a-la-proteccion-de-la-puna-frente-al-cambio-climatico\\\/#primaryimage\"},\"image\":{\"@id\":\"https:\\\/\\\/profonanpe.org.pe\\\/organizaciones-civiles-buscan-impulsar-iniciativas-locales-que-contribuyan-a-la-proteccion-de-la-puna-frente-al-cambio-climatico\\\/#primaryimage\"},\"thumbnailUrl\":\"https:\\\/\\\/profonanpe.org.pe\\\/wp-content\\\/uploads\\\/2025\\\/02\\\/IMG_3478_v1-scaled.jpg\",\"datePublished\":\"2025-02-10T16:50:19+00:00\",\"dateModified\":\"2025-03-31T15:23:59+00:00\",\"breadcrumb\":{\"@id\":\"https:\\\/\\\/profonanpe.org.pe\\\/organizaciones-civiles-buscan-impulsar-iniciativas-locales-que-contribuyan-a-la-proteccion-de-la-puna-frente-al-cambio-climatico\\\/#breadcrumb\"},\"inLanguage\":\"en-US\",\"potentialAction\":[{\"@type\":\"ReadAction\",\"target\":[\"https:\\\/\\\/profonanpe.org.pe\\\/organizaciones-civiles-buscan-impulsar-iniciativas-locales-que-contribuyan-a-la-proteccion-de-la-puna-frente-al-cambio-climatico\\\/\"]}]},{\"@type\":\"ImageObject\",\"inLanguage\":\"en-US\",\"@id\":\"https:\\\/\\\/profonanpe.org.pe\\\/organizaciones-civiles-buscan-impulsar-iniciativas-locales-que-contribuyan-a-la-proteccion-de-la-puna-frente-al-cambio-climatico\\\/#primaryimage\",\"url\":\"https:\\\/\\\/profonanpe.org.pe\\\/wp-content\\\/uploads\\\/2025\\\/02\\\/IMG_3478_v1-scaled.jpg\",\"contentUrl\":\"https:\\\/\\\/profonanpe.org.pe\\\/wp-content\\\/uploads\\\/2025\\\/02\\\/IMG_3478_v1-scaled.jpg\",\"width\":1600,\"height\":1067},{\"@type\":\"BreadcrumbList\",\"@id\":\"https:\\\/\\\/profonanpe.org.pe\\\/organizaciones-civiles-buscan-impulsar-iniciativas-locales-que-contribuyan-a-la-proteccion-de-la-puna-frente-al-cambio-climatico\\\/#breadcrumb\",\"itemListElement\":[{\"@type\":\"ListItem\",\"position\":1,\"name\":\"Portada\",\"item\":\"https:\\\/\\\/profonanpe.org.pe\\\/\"},{\"@type\":\"ListItem\",\"position\":2,\"name\":\"Organizaciones civiles buscan impulsar iniciativas locales que contribuyan a la protecci\u00f3n de la puna frente al cambio clim\u00e1tico\"}]},{\"@type\":\"WebSite\",\"@id\":\"https:\\\/\\\/profonanpe.org.pe\\\/#website\",\"url\":\"https:\\\/\\\/profonanpe.org.pe\\\/\",\"name\":\"Profonanpe\",\"description\":\"\",\"publisher\":{\"@id\":\"https:\\\/\\\/profonanpe.org.pe\\\/#organization\"},\"potentialAction\":[{\"@type\":\"SearchAction\",\"target\":{\"@type\":\"EntryPoint\",\"urlTemplate\":\"https:\\\/\\\/profonanpe.org.pe\\\/?s={search_term_string}\"},\"query-input\":{\"@type\":\"PropertyValueSpecification\",\"valueRequired\":true,\"valueName\":\"search_term_string\"}}],\"inLanguage\":\"en-US\"},{\"@type\":\"Organization\",\"@id\":\"https:\\\/\\\/profonanpe.org.pe\\\/#organization\",\"name\":\"Profonanpe\",\"url\":\"https:\\\/\\\/profonanpe.org.pe\\\/\",\"logo\":{\"@type\":\"ImageObject\",\"inLanguage\":\"en-US\",\"@id\":\"https:\\\/\\\/profonanpe.org.pe\\\/#\\\/schema\\\/logo\\\/image\\\/\",\"url\":\"https:\\\/\\\/profonanpe.org.pe\\\/wp-content\\\/uploads\\\/2020\\\/10\\\/Snippet-Profonanpe-v2.jpg\",\"contentUrl\":\"https:\\\/\\\/profonanpe.org.pe\\\/wp-content\\\/uploads\\\/2020\\\/10\\\/Snippet-Profonanpe-v2.jpg\",\"width\":524,\"height\":274,\"caption\":\"Profonanpe\"},\"image\":{\"@id\":\"https:\\\/\\\/profonanpe.org.pe\\\/#\\\/schema\\\/logo\\\/image\\\/\"}},{\"@type\":\"Person\",\"@id\":\"https:\\\/\\\/profonanpe.org.pe\\\/#\\\/schema\\\/person\\\/6240c1280fa0faa493147e00b333ed6d\",\"name\":\"Comunicaciones\",\"url\":\"https:\\\/\\\/profonanpe.org.pe\\\/en\\\/author\\\/comunicaciones-profonanpe\\\/\"}]}<\/script>\n<!-- \/ Yoast SEO plugin. -->","yoast_head_json":{"title":"Civil organizations seek to promote local initiatives to help protect the puna from climate change","robots":{"index":"index","follow":"follow","max-snippet":"max-snippet:-1","max-image-preview":"max-image-preview:large","max-video-preview":"max-video-preview:-1"},"canonical":"https:\/\/profonanpe.org.pe\/en\/organizaciones-civiles-buscan-impulsar-iniciativas-locales-que-contribuyan-a-la-proteccion-de-la-puna-frente-al-cambio-climatico\/","og_locale":"en_US","og_type":"article","og_title":"Organizaciones civiles buscan impulsar iniciativas locales que contribuyan a la protecci\u00f3n de la puna frente al cambio clim\u00e1tico - Profonanpe","og_description":"Aproximadamente 50 representantes de instituciones, organizaciones sociales y ONGs se comprometieron a trabajar por iniciativas locales. &nbsp; El cambio clim\u00e1tico est\u00e1 afectando los ecosistemas de la Puna y los servicios que se brindan en la zona altoandina sur del Per\u00fa. Una de las consecuencias que se ven es la disminuci\u00f3n de las lluvias y periodos [&hellip;]","og_url":"https:\/\/profonanpe.org.pe\/en\/organizaciones-civiles-buscan-impulsar-iniciativas-locales-que-contribuyan-a-la-proteccion-de-la-puna-frente-al-cambio-climatico\/","og_site_name":"Profonanpe","article_published_time":"2025-02-10T16:50:19+00:00","article_modified_time":"2025-03-31T15:23:59+00:00","og_image":[{"width":1600,"height":1067,"url":"https:\/\/profonanpe.org.pe\/wp-content\/uploads\/2025\/02\/IMG_3478_v1-scaled.jpg","type":"image\/jpeg"}],"author":"Comunicaciones","twitter_card":"summary_large_image","twitter_misc":{"Written by":"Comunicaciones","Est. reading time":"4 minutes"},"schema":{"@context":"https:\/\/schema.org","@graph":[{"@type":"Article","@id":"https:\/\/profonanpe.org.pe\/organizaciones-civiles-buscan-impulsar-iniciativas-locales-que-contribuyan-a-la-proteccion-de-la-puna-frente-al-cambio-climatico\/#article","isPartOf":{"@id":"https:\/\/profonanpe.org.pe\/organizaciones-civiles-buscan-impulsar-iniciativas-locales-que-contribuyan-a-la-proteccion-de-la-puna-frente-al-cambio-climatico\/"},"author":{"name":"Comunicaciones","@id":"https:\/\/profonanpe.org.pe\/#\/schema\/person\/6240c1280fa0faa493147e00b333ed6d"},"headline":"Organizaciones civiles buscan impulsar iniciativas locales que contribuyan a la protecci\u00f3n de la puna frente al cambio clim\u00e1tico","datePublished":"2025-02-10T16:50:19+00:00","dateModified":"2025-03-31T15:23:59+00:00","mainEntityOfPage":{"@id":"https:\/\/profonanpe.org.pe\/organizaciones-civiles-buscan-impulsar-iniciativas-locales-que-contribuyan-a-la-proteccion-de-la-puna-frente-al-cambio-climatico\/"},"wordCount":613,"publisher":{"@id":"https:\/\/profonanpe.org.pe\/#organization"},"image":{"@id":"https:\/\/profonanpe.org.pe\/organizaciones-civiles-buscan-impulsar-iniciativas-locales-que-contribuyan-a-la-proteccion-de-la-puna-frente-al-cambio-climatico\/#primaryimage"},"thumbnailUrl":"https:\/\/profonanpe.org.pe\/wp-content\/uploads\/2025\/02\/IMG_3478_v1-scaled.jpg","articleSection":["2025","Noticias"],"inLanguage":"en-US"},{"@type":"WebPage","@id":"https:\/\/profonanpe.org.pe\/organizaciones-civiles-buscan-impulsar-iniciativas-locales-que-contribuyan-a-la-proteccion-de-la-puna-frente-al-cambio-climatico\/","url":"https:\/\/profonanpe.org.pe\/organizaciones-civiles-buscan-impulsar-iniciativas-locales-que-contribuyan-a-la-proteccion-de-la-puna-frente-al-cambio-climatico\/","name":"Civil organizations seek to promote local initiatives to help protect the puna from climate change","isPartOf":{"@id":"https:\/\/profonanpe.org.pe\/#website"},"primaryImageOfPage":{"@id":"https:\/\/profonanpe.org.pe\/organizaciones-civiles-buscan-impulsar-iniciativas-locales-que-contribuyan-a-la-proteccion-de-la-puna-frente-al-cambio-climatico\/#primaryimage"},"image":{"@id":"https:\/\/profonanpe.org.pe\/organizaciones-civiles-buscan-impulsar-iniciativas-locales-que-contribuyan-a-la-proteccion-de-la-puna-frente-al-cambio-climatico\/#primaryimage"},"thumbnailUrl":"https:\/\/profonanpe.org.pe\/wp-content\/uploads\/2025\/02\/IMG_3478_v1-scaled.jpg","datePublished":"2025-02-10T16:50:19+00:00","dateModified":"2025-03-31T15:23:59+00:00","breadcrumb":{"@id":"https:\/\/profonanpe.org.pe\/organizaciones-civiles-buscan-impulsar-iniciativas-locales-que-contribuyan-a-la-proteccion-de-la-puna-frente-al-cambio-climatico\/#breadcrumb"},"inLanguage":"en-US","potentialAction":[{"@type":"ReadAction","target":["https:\/\/profonanpe.org.pe\/organizaciones-civiles-buscan-impulsar-iniciativas-locales-que-contribuyan-a-la-proteccion-de-la-puna-frente-al-cambio-climatico\/"]}]},{"@type":"ImageObject","inLanguage":"en-US","@id":"https:\/\/profonanpe.org.pe\/organizaciones-civiles-buscan-impulsar-iniciativas-locales-que-contribuyan-a-la-proteccion-de-la-puna-frente-al-cambio-climatico\/#primaryimage","url":"https:\/\/profonanpe.org.pe\/wp-content\/uploads\/2025\/02\/IMG_3478_v1-scaled.jpg","contentUrl":"https:\/\/profonanpe.org.pe\/wp-content\/uploads\/2025\/02\/IMG_3478_v1-scaled.jpg","width":1600,"height":1067},{"@type":"BreadcrumbList","@id":"https:\/\/profonanpe.org.pe\/organizaciones-civiles-buscan-impulsar-iniciativas-locales-que-contribuyan-a-la-proteccion-de-la-puna-frente-al-cambio-climatico\/#breadcrumb","itemListElement":[{"@type":"ListItem","position":1,"name":"Portada","item":"https:\/\/profonanpe.org.pe\/"},{"@type":"ListItem","position":2,"name":"Organizaciones civiles buscan impulsar iniciativas locales que contribuyan a la protecci\u00f3n de la puna frente al cambio clim\u00e1tico"}]},{"@type":"WebSite","@id":"https:\/\/profonanpe.org.pe\/#website","url":"https:\/\/profonanpe.org.pe\/","name":"Profonanpe","description":"","publisher":{"@id":"https:\/\/profonanpe.org.pe\/#organization"},"potentialAction":[{"@type":"SearchAction","target":{"@type":"EntryPoint","urlTemplate":"https:\/\/profonanpe.org.pe\/?s={search_term_string}"},"query-input":{"@type":"PropertyValueSpecification","valueRequired":true,"valueName":"search_term_string"}}],"inLanguage":"en-US"},{"@type":"Organization","@id":"https:\/\/profonanpe.org.pe\/#organization","name":"Profonanpe","url":"https:\/\/profonanpe.org.pe\/","logo":{"@type":"ImageObject","inLanguage":"en-US","@id":"https:\/\/profonanpe.org.pe\/#\/schema\/logo\/image\/","url":"https:\/\/profonanpe.org.pe\/wp-content\/uploads\/2020\/10\/Snippet-Profonanpe-v2.jpg","contentUrl":"https:\/\/profonanpe.org.pe\/wp-content\/uploads\/2020\/10\/Snippet-Profonanpe-v2.jpg","width":524,"height":274,"caption":"Profonanpe"},"image":{"@id":"https:\/\/profonanpe.org.pe\/#\/schema\/logo\/image\/"}},{"@type":"Person","@id":"https:\/\/profonanpe.org.pe\/#\/schema\/person\/6240c1280fa0faa493147e00b333ed6d","name":"Communications","url":"https:\/\/profonanpe.org.pe\/en\/author\/comunicaciones-profonanpe\/"}]}},"_links":{"self":[{"href":"https:\/\/profonanpe.org.pe\/en\/wp-json\/wp\/v2\/posts\/41041","targetHints":{"allow":["GET"]}}],"collection":[{"href":"https:\/\/profonanpe.org.pe\/en\/wp-json\/wp\/v2\/posts"}],"about":[{"href":"https:\/\/profonanpe.org.pe\/en\/wp-json\/wp\/v2\/types\/post"}],"author":[{"embeddable":true,"href":"https:\/\/profonanpe.org.pe\/en\/wp-json\/wp\/v2\/users\/16"}],"replies":[{"embeddable":true,"href":"https:\/\/profonanpe.org.pe\/en\/wp-json\/wp\/v2\/comments?post=41041"}],"version-history":[{"count":0,"href":"https:\/\/profonanpe.org.pe\/en\/wp-json\/wp\/v2\/posts\/41041\/revisions"}],"wp:featuredmedia":[{"embeddable":true,"href":"https:\/\/profonanpe.org.pe\/en\/wp-json\/wp\/v2\/media\/41043"}],"wp:attachment":[{"href":"https:\/\/profonanpe.org.pe\/en\/wp-json\/wp\/v2\/media?parent=41041"}],"wp:term":[{"taxonomy":"category","embeddable":true,"href":"https:\/\/profonanpe.org.pe\/en\/wp-json\/wp\/v2\/categories?post=41041"},{"taxonomy":"post_tag","embeddable":true,"href":"https:\/\/profonanpe.org.pe\/en\/wp-json\/wp\/v2\/tags?post=41041"}],"curies":[{"name":"wp","href":"https:\/\/api.w.org\/{rel}","templated":true}]}}