{"id":40891,"date":"2025-02-05T19:01:47","date_gmt":"2025-02-06T00:01:47","guid":{"rendered":"https:\/\/profonanpe.org.pe\/?p=40891"},"modified":"2025-03-31T10:23:22","modified_gmt":"2025-03-31T15:23:22","slug":"peru-forma-parte-de-una-iniciativa-regional-clave-para-la-proteccion-de-los-polinizadores","status":"publish","type":"post","link":"https:\/\/profonanpe.org.pe\/en\/peru-forma-parte-de-una-iniciativa-regional-clave-para-la-proteccion-de-los-polinizadores\/","title":{"rendered":"Peru is part of a key regional initiative for pollinator protection"},"content":{"rendered":"<p style=\"text-align: center;\">Photo: MINAM IIAP<\/p>\n<p>&nbsp;<\/p>\n<p><span style=\"font-weight: 400;\">The decline of pollinating insects has become a threat to biodiversity and food security. Approximately 75 % of the world's crops depend to some extent on these insects for reproduction, highlighting the urgency of their protection.<\/span><\/p>\n<p>&nbsp;<\/p>\n<p><span style=\"font-weight: 400;\">In response to this problem, German development cooperation has launched the <\/span><b>Regional Action for the Protection of Pollinating Insects and Pollination Services in Latin America and the Caribbean (Poli-LAC) project.<\/b><span style=\"font-weight: 400;\">. This initiative will help stop the loss of pollinators, caused by habitat destruction, pesticide use and climate change.<\/span><\/p>\n<p>&nbsp;<\/p>\n<h3><span style=\"font-size: 14pt;\"><b>A commitment to biodiversity and local communities<\/b><\/span><\/h3>\n<p><span style=\"font-weight: 400;\">In this context, and given that the Oxapampa Ash\u00e1ninka Y\u00e1nesha Oxapampa Biosphere Reserve (BIOAY) is a <\/span><i><span style=\"font-weight: 400;\">hotspot<\/span><\/i><span style=\"font-weight: 400;\"> In addition to the conservation of biodiversity, the conservation of these pollinators improves the health of ecosystems and also strengthens the economy of local communities that depend on natural pollination for their agricultural production.<\/span><\/p>\n<p>&nbsp;<\/p>\n<p><span style=\"font-weight: 400;\">To contribute to the conservation of these important pollinators, Profonanpe will implement local actions in the BIOAY through four lines of action: <\/span><b>research and monitoring<\/b><span style=\"font-weight: 400;\">, This will include studies on pollinator diversity and habitats, as well as the development of a pollinator monitoring system in the region; <\/span><b>capacity building<\/b><span style=\"font-weight: 400;\"> local stakeholders in sustainable practices and technical and scientific capabilities in pollinator monitoring and management; <\/span><b>conservation and restoration <\/b><span style=\"font-weight: 400;\">of at least 100 hectares of key habitats in 10 representative landscapes; and <\/span><b>awareness and communication <\/b><span style=\"font-weight: 400;\">through educational campaigns to highlight the importance of pollinators in biodiversity and the local economy (76 % of the economically active population of Oxapampa province is engaged in agriculture, livestock and forestry).<\/span><\/p>\n<p>&nbsp;<\/p>\n<h3><span style=\"font-size: 14pt;\"><b>Active participation of indigenous communities<\/b><\/span><\/h3>\n<p><span style=\"font-weight: 400;\">One of the key aspects of this project is the participation of indigenous communities, including the Y\u00e1neshas and Ash\u00e1ninkas.<\/span><\/p>\n<p>&nbsp;<\/p>\n<p><span style=\"font-weight: 400;\">In addition, it will work hand in hand with key indigenous organizations such as the Federation of Native Yanesha Communities (FECONAYA), the Association for the Management and Conservation of the Yanesha Communal Reserve (AMARCY), the Association of Ash\u00e1ninka Communities of the Pichis Valley (ANAP) and the Union of Ash\u00e1ninka and Yanesha Nationalities of Pasco and Hu\u00e1nuco (UNAY).<\/span><\/p>\n<p>&nbsp;<\/p>\n<h3><span style=\"font-size: 14pt;\"><b>Expected results and next steps<\/b><\/span><\/h3>\n<p><span style=\"font-weight: 400;\">With the implementation of the project, it is expected to achieve an increase in the pollinator population in the intervened areas, improve sustainable agricultural productivity and consolidate the integration of BIOAY in local biodiversity policies.\u00a0<\/span><\/p>\n<p>&nbsp;<\/p>\n<p><span style=\"font-weight: 400;\">In addition, the goal is to strengthen at least one governance structure that includes pollination in its work agendas. The next steps include the mapping of stakeholders, the design of management instruments and the initiation of training and awareness-raising activities this year.<\/span><\/p>\n<p>&nbsp;<\/p>\n<p><span style=\"font-weight: 400;\">Through this initiative, Profonanpe, in its role as executor, reaffirms its commitment to the conservation of pollinators and environmental sustainability in the BIOAY, ensuring the welfare of local communities and biodiversity in the region, because contributing to the conservation of these pollinating insects not only protects biodiversity, but also strengthens the economy and food security of local communities.<\/span><\/p>\n<p>&nbsp;<\/p>\n<h3><span style=\"font-size: 12pt;\"><b>About the project<\/b><\/span><\/h3>\n<p><span style=\"font-weight: 400;\">The regional Poli-LAC project in Peru is led by the Ministry of the Environment (MINAM), <\/span><span style=\"font-weight: 400;\">with the support of German development cooperation, implemented by the Deutsche Gesellschaft f\u00fcr Internationale Zusammenarbeit (GIZ).<\/span><span style=\"font-weight: 400;\">) GmbH, <\/span><span style=\"font-weight: 400;\">on behalf of the German Federal Ministry for the Environment, Nature Conservation, Nuclear Safety and Consumer Protection (BMUV) with funding from the International Climate Initiative (IKI)<\/span><span style=\"font-weight: 400;\">, The project was implemented in BIOAY by Profonanpe, Peru's environmental fund, in partnership with the National Service of Natural Areas Protected by the State (SERNANP).<\/span><\/p>","protected":false},"excerpt":{"rendered":"<p>Foto: \u00a0MINAM IIAP &nbsp; La disminuci\u00f3n de los insectos polinizadores se ha convertido en una amenaza para la biodiversidad y la seguridad alimentaria. Aproximadamente, el 75 % de los cultivos a nivel mundial depende, en cierta medida, de estos insectos para su reproducci\u00f3n, lo que resalta la urgencia de su protecci\u00f3n. &nbsp; Frente a esta [&hellip;]<\/p>\n","protected":false},"author":16,"featured_media":40892,"comment_status":"closed","ping_status":"open","sticky":false,"template":"","format":"standard","meta":{"_acf_changed":false,"footnotes":""},"categories":[684,92],"tags":[],"class_list":["post-40891","post","type-post","status-publish","format-standard","has-post-thumbnail","hentry","category-684","category-noticias"],"acf":[],"yoast_head":"<!-- This site is optimized with the Yoast SEO plugin v27.4 - https:\/\/yoast.com\/product\/yoast-seo-wordpress\/ -->\n<title>Per\u00fa forma parte de una iniciativa regional clave para la protecci\u00f3n de los polinizadores - Profonanpe<\/title>\n<meta name=\"robots\" content=\"index, follow, max-snippet:-1, max-image-preview:large, max-video-preview:-1\" \/>\n<link rel=\"canonical\" href=\"https:\/\/profonanpe.org.pe\/en\/peru-forma-parte-de-una-iniciativa-regional-clave-para-la-proteccion-de-los-polinizadores\/\" \/>\n<meta property=\"og:locale\" content=\"en_US\" \/>\n<meta property=\"og:type\" content=\"article\" \/>\n<meta property=\"og:title\" content=\"Per\u00fa forma parte de una iniciativa regional clave para la protecci\u00f3n de los polinizadores - Profonanpe\" \/>\n<meta property=\"og:description\" content=\"Foto: \u00a0MINAM IIAP &nbsp; La disminuci\u00f3n de los insectos polinizadores se ha convertido en una amenaza para la biodiversidad y la seguridad alimentaria. Aproximadamente, el 75 % de los cultivos a nivel mundial depende, en cierta medida, de estos insectos para su reproducci\u00f3n, lo que resalta la urgencia de su protecci\u00f3n. &nbsp; Frente a esta [&hellip;]\" \/>\n<meta property=\"og:url\" content=\"https:\/\/profonanpe.org.pe\/en\/peru-forma-parte-de-una-iniciativa-regional-clave-para-la-proteccion-de-los-polinizadores\/\" \/>\n<meta property=\"og:site_name\" content=\"Profonanpe\" \/>\n<meta property=\"article:published_time\" content=\"2025-02-06T00:01:47+00:00\" \/>\n<meta property=\"article:modified_time\" content=\"2025-03-31T15:23:22+00:00\" \/>\n<meta property=\"og:image\" content=\"https:\/\/profonanpe.org.pe\/wp-content\/uploads\/2025\/02\/958906-o1-jpeg.jpeg\" \/>\n\t<meta property=\"og:image:width\" content=\"700\" \/>\n\t<meta property=\"og:image:height\" content=\"370\" \/>\n\t<meta property=\"og:image:type\" content=\"image\/jpeg\" \/>\n<meta name=\"author\" content=\"Comunicaciones\" \/>\n<meta name=\"twitter:card\" content=\"summary_large_image\" \/>\n<meta name=\"twitter:label1\" content=\"Written by\" \/>\n\t<meta name=\"twitter:data1\" content=\"Comunicaciones\" \/>\n\t<meta name=\"twitter:label2\" content=\"Est. reading time\" \/>\n\t<meta name=\"twitter:data2\" content=\"4 minutes\" \/>\n<script type=\"application\/ld+json\" class=\"yoast-schema-graph\">{\"@context\":\"https:\\\/\\\/schema.org\",\"@graph\":[{\"@type\":\"Article\",\"@id\":\"https:\\\/\\\/profonanpe.org.pe\\\/peru-forma-parte-de-una-iniciativa-regional-clave-para-la-proteccion-de-los-polinizadores\\\/#article\",\"isPartOf\":{\"@id\":\"https:\\\/\\\/profonanpe.org.pe\\\/peru-forma-parte-de-una-iniciativa-regional-clave-para-la-proteccion-de-los-polinizadores\\\/\"},\"author\":{\"name\":\"Comunicaciones\",\"@id\":\"https:\\\/\\\/profonanpe.org.pe\\\/#\\\/schema\\\/person\\\/6240c1280fa0faa493147e00b333ed6d\"},\"headline\":\"Per\u00fa forma parte de una iniciativa regional clave para la protecci\u00f3n de los polinizadores\",\"datePublished\":\"2025-02-06T00:01:47+00:00\",\"dateModified\":\"2025-03-31T15:23:22+00:00\",\"mainEntityOfPage\":{\"@id\":\"https:\\\/\\\/profonanpe.org.pe\\\/peru-forma-parte-de-una-iniciativa-regional-clave-para-la-proteccion-de-los-polinizadores\\\/\"},\"wordCount\":728,\"publisher\":{\"@id\":\"https:\\\/\\\/profonanpe.org.pe\\\/#organization\"},\"image\":{\"@id\":\"https:\\\/\\\/profonanpe.org.pe\\\/peru-forma-parte-de-una-iniciativa-regional-clave-para-la-proteccion-de-los-polinizadores\\\/#primaryimage\"},\"thumbnailUrl\":\"https:\\\/\\\/profonanpe.org.pe\\\/wp-content\\\/uploads\\\/2025\\\/02\\\/958906-o1-jpeg.jpeg\",\"articleSection\":[\"2025\",\"Noticias\"],\"inLanguage\":\"en-US\"},{\"@type\":\"WebPage\",\"@id\":\"https:\\\/\\\/profonanpe.org.pe\\\/peru-forma-parte-de-una-iniciativa-regional-clave-para-la-proteccion-de-los-polinizadores\\\/\",\"url\":\"https:\\\/\\\/profonanpe.org.pe\\\/peru-forma-parte-de-una-iniciativa-regional-clave-para-la-proteccion-de-los-polinizadores\\\/\",\"name\":\"Per\u00fa forma parte de una iniciativa regional clave para la protecci\u00f3n de los polinizadores - Profonanpe\",\"isPartOf\":{\"@id\":\"https:\\\/\\\/profonanpe.org.pe\\\/#website\"},\"primaryImageOfPage\":{\"@id\":\"https:\\\/\\\/profonanpe.org.pe\\\/peru-forma-parte-de-una-iniciativa-regional-clave-para-la-proteccion-de-los-polinizadores\\\/#primaryimage\"},\"image\":{\"@id\":\"https:\\\/\\\/profonanpe.org.pe\\\/peru-forma-parte-de-una-iniciativa-regional-clave-para-la-proteccion-de-los-polinizadores\\\/#primaryimage\"},\"thumbnailUrl\":\"https:\\\/\\\/profonanpe.org.pe\\\/wp-content\\\/uploads\\\/2025\\\/02\\\/958906-o1-jpeg.jpeg\",\"datePublished\":\"2025-02-06T00:01:47+00:00\",\"dateModified\":\"2025-03-31T15:23:22+00:00\",\"breadcrumb\":{\"@id\":\"https:\\\/\\\/profonanpe.org.pe\\\/peru-forma-parte-de-una-iniciativa-regional-clave-para-la-proteccion-de-los-polinizadores\\\/#breadcrumb\"},\"inLanguage\":\"en-US\",\"potentialAction\":[{\"@type\":\"ReadAction\",\"target\":[\"https:\\\/\\\/profonanpe.org.pe\\\/peru-forma-parte-de-una-iniciativa-regional-clave-para-la-proteccion-de-los-polinizadores\\\/\"]}]},{\"@type\":\"ImageObject\",\"inLanguage\":\"en-US\",\"@id\":\"https:\\\/\\\/profonanpe.org.pe\\\/peru-forma-parte-de-una-iniciativa-regional-clave-para-la-proteccion-de-los-polinizadores\\\/#primaryimage\",\"url\":\"https:\\\/\\\/profonanpe.org.pe\\\/wp-content\\\/uploads\\\/2025\\\/02\\\/958906-o1-jpeg.jpeg\",\"contentUrl\":\"https:\\\/\\\/profonanpe.org.pe\\\/wp-content\\\/uploads\\\/2025\\\/02\\\/958906-o1-jpeg.jpeg\",\"width\":700,\"height\":370,\"caption\":\"abeja\"},{\"@type\":\"BreadcrumbList\",\"@id\":\"https:\\\/\\\/profonanpe.org.pe\\\/peru-forma-parte-de-una-iniciativa-regional-clave-para-la-proteccion-de-los-polinizadores\\\/#breadcrumb\",\"itemListElement\":[{\"@type\":\"ListItem\",\"position\":1,\"name\":\"Portada\",\"item\":\"https:\\\/\\\/profonanpe.org.pe\\\/\"},{\"@type\":\"ListItem\",\"position\":2,\"name\":\"Per\u00fa forma parte de una iniciativa regional clave para la protecci\u00f3n de los polinizadores\"}]},{\"@type\":\"WebSite\",\"@id\":\"https:\\\/\\\/profonanpe.org.pe\\\/#website\",\"url\":\"https:\\\/\\\/profonanpe.org.pe\\\/\",\"name\":\"Profonanpe\",\"description\":\"\",\"publisher\":{\"@id\":\"https:\\\/\\\/profonanpe.org.pe\\\/#organization\"},\"potentialAction\":[{\"@type\":\"SearchAction\",\"target\":{\"@type\":\"EntryPoint\",\"urlTemplate\":\"https:\\\/\\\/profonanpe.org.pe\\\/?s={search_term_string}\"},\"query-input\":{\"@type\":\"PropertyValueSpecification\",\"valueRequired\":true,\"valueName\":\"search_term_string\"}}],\"inLanguage\":\"en-US\"},{\"@type\":\"Organization\",\"@id\":\"https:\\\/\\\/profonanpe.org.pe\\\/#organization\",\"name\":\"Profonanpe\",\"url\":\"https:\\\/\\\/profonanpe.org.pe\\\/\",\"logo\":{\"@type\":\"ImageObject\",\"inLanguage\":\"en-US\",\"@id\":\"https:\\\/\\\/profonanpe.org.pe\\\/#\\\/schema\\\/logo\\\/image\\\/\",\"url\":\"https:\\\/\\\/profonanpe.org.pe\\\/wp-content\\\/uploads\\\/2020\\\/10\\\/Snippet-Profonanpe-v2.jpg\",\"contentUrl\":\"https:\\\/\\\/profonanpe.org.pe\\\/wp-content\\\/uploads\\\/2020\\\/10\\\/Snippet-Profonanpe-v2.jpg\",\"width\":524,\"height\":274,\"caption\":\"Profonanpe\"},\"image\":{\"@id\":\"https:\\\/\\\/profonanpe.org.pe\\\/#\\\/schema\\\/logo\\\/image\\\/\"}},{\"@type\":\"Person\",\"@id\":\"https:\\\/\\\/profonanpe.org.pe\\\/#\\\/schema\\\/person\\\/6240c1280fa0faa493147e00b333ed6d\",\"name\":\"Comunicaciones\",\"url\":\"https:\\\/\\\/profonanpe.org.pe\\\/en\\\/author\\\/comunicaciones-profonanpe\\\/\"}]}<\/script>\n<!-- \/ Yoast SEO plugin. -->","yoast_head_json":{"title":"Per\u00fa forma parte de una iniciativa regional clave para la protecci\u00f3n de los polinizadores - Profonanpe","robots":{"index":"index","follow":"follow","max-snippet":"max-snippet:-1","max-image-preview":"max-image-preview:large","max-video-preview":"max-video-preview:-1"},"canonical":"https:\/\/profonanpe.org.pe\/en\/peru-forma-parte-de-una-iniciativa-regional-clave-para-la-proteccion-de-los-polinizadores\/","og_locale":"en_US","og_type":"article","og_title":"Per\u00fa forma parte de una iniciativa regional clave para la protecci\u00f3n de los polinizadores - Profonanpe","og_description":"Foto: \u00a0MINAM IIAP &nbsp; La disminuci\u00f3n de los insectos polinizadores se ha convertido en una amenaza para la biodiversidad y la seguridad alimentaria. Aproximadamente, el 75 % de los cultivos a nivel mundial depende, en cierta medida, de estos insectos para su reproducci\u00f3n, lo que resalta la urgencia de su protecci\u00f3n. &nbsp; Frente a esta [&hellip;]","og_url":"https:\/\/profonanpe.org.pe\/en\/peru-forma-parte-de-una-iniciativa-regional-clave-para-la-proteccion-de-los-polinizadores\/","og_site_name":"Profonanpe","article_published_time":"2025-02-06T00:01:47+00:00","article_modified_time":"2025-03-31T15:23:22+00:00","og_image":[{"width":700,"height":370,"url":"https:\/\/profonanpe.org.pe\/wp-content\/uploads\/2025\/02\/958906-o1-jpeg.jpeg","type":"image\/jpeg"}],"author":"Comunicaciones","twitter_card":"summary_large_image","twitter_misc":{"Written by":"Comunicaciones","Est. reading time":"4 minutes"},"schema":{"@context":"https:\/\/schema.org","@graph":[{"@type":"Article","@id":"https:\/\/profonanpe.org.pe\/peru-forma-parte-de-una-iniciativa-regional-clave-para-la-proteccion-de-los-polinizadores\/#article","isPartOf":{"@id":"https:\/\/profonanpe.org.pe\/peru-forma-parte-de-una-iniciativa-regional-clave-para-la-proteccion-de-los-polinizadores\/"},"author":{"name":"Comunicaciones","@id":"https:\/\/profonanpe.org.pe\/#\/schema\/person\/6240c1280fa0faa493147e00b333ed6d"},"headline":"Per\u00fa forma parte de una iniciativa regional clave para la protecci\u00f3n de los polinizadores","datePublished":"2025-02-06T00:01:47+00:00","dateModified":"2025-03-31T15:23:22+00:00","mainEntityOfPage":{"@id":"https:\/\/profonanpe.org.pe\/peru-forma-parte-de-una-iniciativa-regional-clave-para-la-proteccion-de-los-polinizadores\/"},"wordCount":728,"publisher":{"@id":"https:\/\/profonanpe.org.pe\/#organization"},"image":{"@id":"https:\/\/profonanpe.org.pe\/peru-forma-parte-de-una-iniciativa-regional-clave-para-la-proteccion-de-los-polinizadores\/#primaryimage"},"thumbnailUrl":"https:\/\/profonanpe.org.pe\/wp-content\/uploads\/2025\/02\/958906-o1-jpeg.jpeg","articleSection":["2025","Noticias"],"inLanguage":"en-US"},{"@type":"WebPage","@id":"https:\/\/profonanpe.org.pe\/peru-forma-parte-de-una-iniciativa-regional-clave-para-la-proteccion-de-los-polinizadores\/","url":"https:\/\/profonanpe.org.pe\/peru-forma-parte-de-una-iniciativa-regional-clave-para-la-proteccion-de-los-polinizadores\/","name":"Per\u00fa forma parte de una iniciativa regional clave para la protecci\u00f3n de los polinizadores - Profonanpe","isPartOf":{"@id":"https:\/\/profonanpe.org.pe\/#website"},"primaryImageOfPage":{"@id":"https:\/\/profonanpe.org.pe\/peru-forma-parte-de-una-iniciativa-regional-clave-para-la-proteccion-de-los-polinizadores\/#primaryimage"},"image":{"@id":"https:\/\/profonanpe.org.pe\/peru-forma-parte-de-una-iniciativa-regional-clave-para-la-proteccion-de-los-polinizadores\/#primaryimage"},"thumbnailUrl":"https:\/\/profonanpe.org.pe\/wp-content\/uploads\/2025\/02\/958906-o1-jpeg.jpeg","datePublished":"2025-02-06T00:01:47+00:00","dateModified":"2025-03-31T15:23:22+00:00","breadcrumb":{"@id":"https:\/\/profonanpe.org.pe\/peru-forma-parte-de-una-iniciativa-regional-clave-para-la-proteccion-de-los-polinizadores\/#breadcrumb"},"inLanguage":"en-US","potentialAction":[{"@type":"ReadAction","target":["https:\/\/profonanpe.org.pe\/peru-forma-parte-de-una-iniciativa-regional-clave-para-la-proteccion-de-los-polinizadores\/"]}]},{"@type":"ImageObject","inLanguage":"en-US","@id":"https:\/\/profonanpe.org.pe\/peru-forma-parte-de-una-iniciativa-regional-clave-para-la-proteccion-de-los-polinizadores\/#primaryimage","url":"https:\/\/profonanpe.org.pe\/wp-content\/uploads\/2025\/02\/958906-o1-jpeg.jpeg","contentUrl":"https:\/\/profonanpe.org.pe\/wp-content\/uploads\/2025\/02\/958906-o1-jpeg.jpeg","width":700,"height":370,"caption":"abeja"},{"@type":"BreadcrumbList","@id":"https:\/\/profonanpe.org.pe\/peru-forma-parte-de-una-iniciativa-regional-clave-para-la-proteccion-de-los-polinizadores\/#breadcrumb","itemListElement":[{"@type":"ListItem","position":1,"name":"Portada","item":"https:\/\/profonanpe.org.pe\/"},{"@type":"ListItem","position":2,"name":"Per\u00fa forma parte de una iniciativa regional clave para la protecci\u00f3n de los polinizadores"}]},{"@type":"WebSite","@id":"https:\/\/profonanpe.org.pe\/#website","url":"https:\/\/profonanpe.org.pe\/","name":"Profonanpe","description":"","publisher":{"@id":"https:\/\/profonanpe.org.pe\/#organization"},"potentialAction":[{"@type":"SearchAction","target":{"@type":"EntryPoint","urlTemplate":"https:\/\/profonanpe.org.pe\/?s={search_term_string}"},"query-input":{"@type":"PropertyValueSpecification","valueRequired":true,"valueName":"search_term_string"}}],"inLanguage":"en-US"},{"@type":"Organization","@id":"https:\/\/profonanpe.org.pe\/#organization","name":"Profonanpe","url":"https:\/\/profonanpe.org.pe\/","logo":{"@type":"ImageObject","inLanguage":"en-US","@id":"https:\/\/profonanpe.org.pe\/#\/schema\/logo\/image\/","url":"https:\/\/profonanpe.org.pe\/wp-content\/uploads\/2020\/10\/Snippet-Profonanpe-v2.jpg","contentUrl":"https:\/\/profonanpe.org.pe\/wp-content\/uploads\/2020\/10\/Snippet-Profonanpe-v2.jpg","width":524,"height":274,"caption":"Profonanpe"},"image":{"@id":"https:\/\/profonanpe.org.pe\/#\/schema\/logo\/image\/"}},{"@type":"Person","@id":"https:\/\/profonanpe.org.pe\/#\/schema\/person\/6240c1280fa0faa493147e00b333ed6d","name":"Communications","url":"https:\/\/profonanpe.org.pe\/en\/author\/comunicaciones-profonanpe\/"}]}},"_links":{"self":[{"href":"https:\/\/profonanpe.org.pe\/en\/wp-json\/wp\/v2\/posts\/40891","targetHints":{"allow":["GET"]}}],"collection":[{"href":"https:\/\/profonanpe.org.pe\/en\/wp-json\/wp\/v2\/posts"}],"about":[{"href":"https:\/\/profonanpe.org.pe\/en\/wp-json\/wp\/v2\/types\/post"}],"author":[{"embeddable":true,"href":"https:\/\/profonanpe.org.pe\/en\/wp-json\/wp\/v2\/users\/16"}],"replies":[{"embeddable":true,"href":"https:\/\/profonanpe.org.pe\/en\/wp-json\/wp\/v2\/comments?post=40891"}],"version-history":[{"count":0,"href":"https:\/\/profonanpe.org.pe\/en\/wp-json\/wp\/v2\/posts\/40891\/revisions"}],"wp:featuredmedia":[{"embeddable":true,"href":"https:\/\/profonanpe.org.pe\/en\/wp-json\/wp\/v2\/media\/40892"}],"wp:attachment":[{"href":"https:\/\/profonanpe.org.pe\/en\/wp-json\/wp\/v2\/media?parent=40891"}],"wp:term":[{"taxonomy":"category","embeddable":true,"href":"https:\/\/profonanpe.org.pe\/en\/wp-json\/wp\/v2\/categories?post=40891"},{"taxonomy":"post_tag","embeddable":true,"href":"https:\/\/profonanpe.org.pe\/en\/wp-json\/wp\/v2\/tags?post=40891"}],"curies":[{"name":"wp","href":"https:\/\/api.w.org\/{rel}","templated":true}]}}