{"id":39873,"date":"2025-01-08T16:33:56","date_gmt":"2025-01-08T21:33:56","guid":{"rendered":"https:\/\/profonanpe.org.pe\/?p=39873"},"modified":"2025-02-05T10:21:33","modified_gmt":"2025-02-05T15:21:33","slug":"avances-en-la-propuesta-creacion-del-area-de-conservacion-privada-huata","status":"publish","type":"post","link":"https:\/\/profonanpe.org.pe\/en\/avances-en-la-propuesta-creacion-del-area-de-conservacion-privada-huata\/","title":{"rendered":"Progress on the Proposal \u201cCreation of the Huata Private Conservation Area\u201d"},"content":{"rendered":"<p style=\"text-align: center;\"><i><span style=\"font-weight: 400;\">Sunrise over the high altimontane yunga forests within the proposed project area.<\/span><\/i><\/p>\n<p style=\"text-align: center;\"><i><span style=\"font-weight: 400;\">Photography: Jonathan Chancasana<\/span><\/i><\/p>\n<p>&nbsp;<\/p>\n<p><span style=\"font-weight: 400;\">The proposal to create the \u201cHuata Private Conservation Area\u201d has made significant progress since it began in February, after months of work with the Huata farming community, under the leadership of the Andinus Association and with the support of the Conserva Aves initiative.\u00a0<\/span><\/p>\n<p>&nbsp;<\/p>\n<p><span style=\"font-weight: 400;\">The advances help in the mission to conserve and protect the native high altimontane (rainforest) forests of Yunga and its headwaters. The project aims to <\/span><b>protect the habitat of the <\/b><b><i>Atlapetes melanopsis<\/i><\/b><i><span style=\"font-weight: 400;\">,<\/span><\/i><span style=\"font-weight: 400;\"> From a perspective that seeks to generate direct opportunities for sustainable development for local communities, the project seeks to empower the rural community of Huata with respect to the future of the region, allowing them to conserve different species within the proposed space to safeguard the territories of life.<\/span><\/p>\n<p>&nbsp;<\/p>\n<p><img fetchpriority=\"high\" decoding=\"async\" class=\"wp-image-39875 aligncenter\" src=\"https:\/\/profonanpe.org.pe\/wp-content\/uploads\/2025\/01\/DSF8819-1024x682.jpg\" alt=\"\" width=\"627\" height=\"402\" \/><\/p>\n<p>&nbsp;<\/p>\n<p style=\"text-align: center;\"><i><span style=\"font-weight: 400;\">Juvenile specimen of the Black-eyed Thrasher (Atlapetes melanopsis), endemic species and with threat status; both in the Peruvian Red Book and in the IUCN.<\/span><\/i><\/p>\n<p style=\"text-align: center;\"><i><span style=\"font-weight: 400;\">Photography: Jonathan Chancasana<\/span><\/i><\/p>\n<p>&nbsp;<\/p>\n<p><b>Key project milestones:<\/b><\/p>\n<ol>\n<li style=\"font-weight: 400;\" aria-level=\"1\"><span style=\"font-weight: 400;\">To date, the following have been completed <\/span><b><i>more than 12 community assembly meetings<\/i><\/b> <span style=\"font-weight: 400;\">for the socialization of the project, as well as for the signing of agreements.<\/span><\/li>\n<li style=\"font-weight: 400;\" aria-level=\"1\"><b><i>Participation in two diffusion fairs<\/i><\/b><span style=\"font-weight: 400;\"> of the project in the Andamarca district square.<\/span><\/li>\n<li style=\"font-weight: 400;\" aria-level=\"1\"><b><i>Signing of an agreement for collaborative work<\/i><\/b><span style=\"font-weight: 400;\"> between the Andinus association and the Huata farming community.<\/span><\/li>\n<li style=\"font-weight: 400;\" aria-level=\"1\"><span style=\"font-weight: 400;\">Elaboration of the <\/span><b><i>social baseline<\/i><\/b><\/li>\n<li style=\"font-weight: 400;\" aria-level=\"1\"><span style=\"font-weight: 400;\">Elaboration of the <\/span><b><i>line d<\/i><\/b><b>e biological basis<\/b><span style=\"font-weight: 400;\"> and realization of <\/span><b><i>first monitoring.<\/i><\/b><\/li>\n<li style=\"font-weight: 400;\" aria-level=\"1\"><b><i>Alliance with Universidad Peruana Los Andes<\/i><\/b><span style=\"font-weight: 400;\"> for cooperation with a social projection group to support the implementation of a nursery (part of the habitat restoration component).<\/span><\/li>\n<li style=\"font-weight: 400;\" aria-level=\"1\"><b><i>Painting of Muraves<\/i><\/b><span style=\"font-weight: 400;\"> in the framework of the first phase of the environmental education plan.<\/span><\/li>\n<\/ol>\n<p>&nbsp;<\/p>\n<p><img decoding=\"async\" class=\"wp-image-39874 aligncenter\" src=\"https:\/\/profonanpe.org.pe\/wp-content\/uploads\/2025\/01\/Murave.jpg\" alt=\"\" width=\"294\" height=\"537\" \/><\/p>\n<p>&nbsp;<\/p>\n<p style=\"text-align: center;\"><i><span style=\"font-weight: 400;\">First phase of a mural alluding to the species of interest in the area.<\/span><\/i><\/p>\n<p>&nbsp;<\/p>\n<p><span style=\"font-weight: 400;\">The peasant community of Huata, under previous coordination, has <\/span><b><i>The company has allowed the entrance to their areas, and in this way to be able to carry out the different field trips.<\/i><\/b> <span style=\"font-weight: 400;\">Thus, it has helped to establish the various advances in the components proposed in the project proposal; likewise, the results and findings of the biological baseline have been shared with the community.\u00a0<\/span><\/p>\n<p>&nbsp;<\/p>\n<p><img decoding=\"async\" class=\"wp-image-39877 aligncenter\" src=\"https:\/\/profonanpe.org.pe\/wp-content\/uploads\/2025\/01\/DSF4501-1024x682.jpg\" alt=\"\" width=\"629\" height=\"392\" \/><\/p>\n<p style=\"text-align: center;\"><i><span style=\"font-weight: 400;\">Coordination meeting in the community center of the Huata farming community<\/span><\/i><\/p>\n<p style=\"text-align: center;\"><i><span style=\"font-weight: 400;\">Photography: Jonathan Chancasana<\/span><\/i><\/p>\n<p>&nbsp;<\/p>\n<p><b>Main findings from baseline and biological monitoring:<\/b><\/p>\n<p>&nbsp;<\/p>\n<ul>\n<li style=\"font-weight: 400;\" aria-level=\"1\"><b>Flora evaluation:<\/b> <span style=\"font-weight: 400;\">62 species of flora associated with birds in the area. The following genera stand out <\/span><i><span style=\"font-weight: 400;\">Escallonia and Buddleja <\/span><\/i><span style=\"font-weight: 400;\">as ideal options for restoration proposals according to what the areas require and according to consensus with the community.<\/span><\/li>\n<li style=\"font-weight: 400;\" aria-level=\"1\"><b>Bird diversity:<\/b> <span style=\"font-weight: 400;\">58 species recorded, distributed in 20 families and 9 orders. Among the most outstanding: <\/span><i><span style=\"font-weight: 400;\">Altapetes melanopsis,<\/span><\/i> <i><span style=\"font-weight: 400;\">Asthenes palpebralis <\/span><\/i><span style=\"font-weight: 400;\">y <\/span><i><span style=\"font-weight: 400;\">Dark Grallaria<\/span><\/i><span style=\"font-weight: 400;\">, all of conservation interest. Subsequently, during the first monitoring and after collating the presence\/absence records, a historical total of 84 bird species was reached.<\/span><\/li>\n<\/ul>\n<p>&nbsp;<\/p>\n<p><span style=\"font-weight: 400;\">Progress demonstrates the <\/span><b><i>agreement between the farming community of Huata and the Andinus association to carry the work forward and conserve biodiversity in this crucial area.<\/i><\/b><span style=\"font-weight: 400;\"> The project, financed by Conserva Aves, continues to develop, seeking to establish a conservation area that protects the environment and benefits the community. To this end, it promotes the <\/span><b><i>sustainable development and partnerships are established<\/i><\/b><span style=\"font-weight: 400;\"> necessary through the active collaboration of civil, community, public and private actors.<\/span><\/p>\n<p>&nbsp;<\/p>\n<p><span style=\"font-size: 18pt;\"><b>Join us<\/b><\/span><\/p>\n<p><b>Fressia Ames<\/b><\/p>\n<p><span style=\"font-weight: 400;\">ANDINUS President and researcher<\/span><\/p>\n<p><span style=\"font-weight: 400;\">fressiames@gmail.com<\/span><\/p>","protected":false},"excerpt":{"rendered":"<p>Amanecer sobre los bosques altimontanos de yunga dentro del \u00e1rea del \u00e1rea propuesta del proyecto Fotograf\u00eda: Jonathan Chancasana &nbsp; La propuesta de creaci\u00f3n del \u201c\u00c1rea de Conservaci\u00f3n Privada Huata\u201d logr\u00f3 importantes avances desde que inici\u00f3 durante el mes de febrero, hasta la fecha del presente a\u00f1o; despu\u00e9s de meses de trabajo con la comunidad campesina [&hellip;]<\/p>\n","protected":false},"author":16,"featured_media":40832,"comment_status":"closed","ping_status":"open","sticky":false,"template":"","format":"standard","meta":{"_acf_changed":false,"footnotes":""},"categories":[158],"tags":[],"class_list":["post-39873","post","type-post","status-publish","format-standard","has-post-thumbnail","hentry","category-columnas-es"],"acf":[],"yoast_head":"<!-- This site is optimized with the Yoast SEO plugin v27.4 - https:\/\/yoast.com\/product\/yoast-seo-wordpress\/ -->\n<title>Avances en la Propuesta \u201cCreaci\u00f3n del \u00c1rea de Conservaci\u00f3n Privada Huata\u201d - Profonanpe<\/title>\n<meta name=\"robots\" content=\"index, follow, max-snippet:-1, max-image-preview:large, max-video-preview:-1\" \/>\n<link rel=\"canonical\" href=\"https:\/\/profonanpe.org.pe\/en\/avances-en-la-propuesta-creacion-del-area-de-conservacion-privada-huata\/\" \/>\n<meta property=\"og:locale\" content=\"en_US\" \/>\n<meta property=\"og:type\" content=\"article\" \/>\n<meta property=\"og:title\" content=\"Avances en la Propuesta \u201cCreaci\u00f3n del \u00c1rea de Conservaci\u00f3n Privada Huata\u201d - Profonanpe\" \/>\n<meta property=\"og:description\" content=\"Amanecer sobre los bosques altimontanos de yunga dentro del \u00e1rea del \u00e1rea propuesta del proyecto Fotograf\u00eda: Jonathan Chancasana &nbsp; La propuesta de creaci\u00f3n del \u201c\u00c1rea de Conservaci\u00f3n Privada Huata\u201d logr\u00f3 importantes avances desde que inici\u00f3 durante el mes de febrero, hasta la fecha del presente a\u00f1o; despu\u00e9s de meses de trabajo con la comunidad campesina [&hellip;]\" \/>\n<meta property=\"og:url\" content=\"https:\/\/profonanpe.org.pe\/en\/avances-en-la-propuesta-creacion-del-area-de-conservacion-privada-huata\/\" \/>\n<meta property=\"og:site_name\" content=\"Profonanpe\" \/>\n<meta property=\"article:published_time\" content=\"2025-01-08T21:33:56+00:00\" \/>\n<meta property=\"article:modified_time\" content=\"2025-02-05T15:21:33+00:00\" \/>\n<meta property=\"og:image\" content=\"https:\/\/profonanpe.org.pe\/wp-content\/uploads\/2025\/01\/paisaje.webp\" \/>\n\t<meta property=\"og:image:width\" content=\"734\" \/>\n\t<meta property=\"og:image:height\" content=\"489\" \/>\n\t<meta property=\"og:image:type\" content=\"image\/webp\" \/>\n<meta name=\"author\" content=\"Comunicaciones\" \/>\n<meta name=\"twitter:card\" content=\"summary_large_image\" \/>\n<meta name=\"twitter:label1\" content=\"Written by\" \/>\n\t<meta name=\"twitter:data1\" content=\"Comunicaciones\" \/>\n\t<meta name=\"twitter:label2\" content=\"Est. reading time\" \/>\n\t<meta name=\"twitter:data2\" content=\"4 minutes\" \/>\n<script type=\"application\/ld+json\" class=\"yoast-schema-graph\">{\"@context\":\"https:\\\/\\\/schema.org\",\"@graph\":[{\"@type\":\"Article\",\"@id\":\"https:\\\/\\\/profonanpe.org.pe\\\/avances-en-la-propuesta-creacion-del-area-de-conservacion-privada-huata\\\/#article\",\"isPartOf\":{\"@id\":\"https:\\\/\\\/profonanpe.org.pe\\\/avances-en-la-propuesta-creacion-del-area-de-conservacion-privada-huata\\\/\"},\"author\":{\"name\":\"Comunicaciones\",\"@id\":\"https:\\\/\\\/profonanpe.org.pe\\\/#\\\/schema\\\/person\\\/6240c1280fa0faa493147e00b333ed6d\"},\"headline\":\"Avances en la Propuesta \u201cCreaci\u00f3n del \u00c1rea de Conservaci\u00f3n Privada Huata\u201d\",\"datePublished\":\"2025-01-08T21:33:56+00:00\",\"dateModified\":\"2025-02-05T15:21:33+00:00\",\"mainEntityOfPage\":{\"@id\":\"https:\\\/\\\/profonanpe.org.pe\\\/avances-en-la-propuesta-creacion-del-area-de-conservacion-privada-huata\\\/\"},\"wordCount\":708,\"publisher\":{\"@id\":\"https:\\\/\\\/profonanpe.org.pe\\\/#organization\"},\"image\":{\"@id\":\"https:\\\/\\\/profonanpe.org.pe\\\/avances-en-la-propuesta-creacion-del-area-de-conservacion-privada-huata\\\/#primaryimage\"},\"thumbnailUrl\":\"https:\\\/\\\/profonanpe.org.pe\\\/wp-content\\\/uploads\\\/2025\\\/01\\\/paisaje.webp\",\"articleSection\":[\"Columnas\"],\"inLanguage\":\"en-US\"},{\"@type\":\"WebPage\",\"@id\":\"https:\\\/\\\/profonanpe.org.pe\\\/avances-en-la-propuesta-creacion-del-area-de-conservacion-privada-huata\\\/\",\"url\":\"https:\\\/\\\/profonanpe.org.pe\\\/avances-en-la-propuesta-creacion-del-area-de-conservacion-privada-huata\\\/\",\"name\":\"Avances en la Propuesta \u201cCreaci\u00f3n del \u00c1rea de Conservaci\u00f3n Privada Huata\u201d - Profonanpe\",\"isPartOf\":{\"@id\":\"https:\\\/\\\/profonanpe.org.pe\\\/#website\"},\"primaryImageOfPage\":{\"@id\":\"https:\\\/\\\/profonanpe.org.pe\\\/avances-en-la-propuesta-creacion-del-area-de-conservacion-privada-huata\\\/#primaryimage\"},\"image\":{\"@id\":\"https:\\\/\\\/profonanpe.org.pe\\\/avances-en-la-propuesta-creacion-del-area-de-conservacion-privada-huata\\\/#primaryimage\"},\"thumbnailUrl\":\"https:\\\/\\\/profonanpe.org.pe\\\/wp-content\\\/uploads\\\/2025\\\/01\\\/paisaje.webp\",\"datePublished\":\"2025-01-08T21:33:56+00:00\",\"dateModified\":\"2025-02-05T15:21:33+00:00\",\"breadcrumb\":{\"@id\":\"https:\\\/\\\/profonanpe.org.pe\\\/avances-en-la-propuesta-creacion-del-area-de-conservacion-privada-huata\\\/#breadcrumb\"},\"inLanguage\":\"en-US\",\"potentialAction\":[{\"@type\":\"ReadAction\",\"target\":[\"https:\\\/\\\/profonanpe.org.pe\\\/avances-en-la-propuesta-creacion-del-area-de-conservacion-privada-huata\\\/\"]}]},{\"@type\":\"ImageObject\",\"inLanguage\":\"en-US\",\"@id\":\"https:\\\/\\\/profonanpe.org.pe\\\/avances-en-la-propuesta-creacion-del-area-de-conservacion-privada-huata\\\/#primaryimage\",\"url\":\"https:\\\/\\\/profonanpe.org.pe\\\/wp-content\\\/uploads\\\/2025\\\/01\\\/paisaje.webp\",\"contentUrl\":\"https:\\\/\\\/profonanpe.org.pe\\\/wp-content\\\/uploads\\\/2025\\\/01\\\/paisaje.webp\",\"width\":734,\"height\":489},{\"@type\":\"BreadcrumbList\",\"@id\":\"https:\\\/\\\/profonanpe.org.pe\\\/avances-en-la-propuesta-creacion-del-area-de-conservacion-privada-huata\\\/#breadcrumb\",\"itemListElement\":[{\"@type\":\"ListItem\",\"position\":1,\"name\":\"Portada\",\"item\":\"https:\\\/\\\/profonanpe.org.pe\\\/\"},{\"@type\":\"ListItem\",\"position\":2,\"name\":\"Avances en la Propuesta \u201cCreaci\u00f3n del \u00c1rea de Conservaci\u00f3n Privada Huata\u201d\"}]},{\"@type\":\"WebSite\",\"@id\":\"https:\\\/\\\/profonanpe.org.pe\\\/#website\",\"url\":\"https:\\\/\\\/profonanpe.org.pe\\\/\",\"name\":\"Profonanpe\",\"description\":\"\",\"publisher\":{\"@id\":\"https:\\\/\\\/profonanpe.org.pe\\\/#organization\"},\"potentialAction\":[{\"@type\":\"SearchAction\",\"target\":{\"@type\":\"EntryPoint\",\"urlTemplate\":\"https:\\\/\\\/profonanpe.org.pe\\\/?s={search_term_string}\"},\"query-input\":{\"@type\":\"PropertyValueSpecification\",\"valueRequired\":true,\"valueName\":\"search_term_string\"}}],\"inLanguage\":\"en-US\"},{\"@type\":\"Organization\",\"@id\":\"https:\\\/\\\/profonanpe.org.pe\\\/#organization\",\"name\":\"Profonanpe\",\"url\":\"https:\\\/\\\/profonanpe.org.pe\\\/\",\"logo\":{\"@type\":\"ImageObject\",\"inLanguage\":\"en-US\",\"@id\":\"https:\\\/\\\/profonanpe.org.pe\\\/#\\\/schema\\\/logo\\\/image\\\/\",\"url\":\"https:\\\/\\\/profonanpe.org.pe\\\/wp-content\\\/uploads\\\/2020\\\/10\\\/Snippet-Profonanpe-v2.jpg\",\"contentUrl\":\"https:\\\/\\\/profonanpe.org.pe\\\/wp-content\\\/uploads\\\/2020\\\/10\\\/Snippet-Profonanpe-v2.jpg\",\"width\":524,\"height\":274,\"caption\":\"Profonanpe\"},\"image\":{\"@id\":\"https:\\\/\\\/profonanpe.org.pe\\\/#\\\/schema\\\/logo\\\/image\\\/\"}},{\"@type\":\"Person\",\"@id\":\"https:\\\/\\\/profonanpe.org.pe\\\/#\\\/schema\\\/person\\\/6240c1280fa0faa493147e00b333ed6d\",\"name\":\"Comunicaciones\",\"url\":\"https:\\\/\\\/profonanpe.org.pe\\\/en\\\/author\\\/comunicaciones-profonanpe\\\/\"}]}<\/script>\n<!-- \/ Yoast SEO plugin. -->","yoast_head_json":{"title":"Avances en la Propuesta \u201cCreaci\u00f3n del \u00c1rea de Conservaci\u00f3n Privada Huata\u201d - Profonanpe","robots":{"index":"index","follow":"follow","max-snippet":"max-snippet:-1","max-image-preview":"max-image-preview:large","max-video-preview":"max-video-preview:-1"},"canonical":"https:\/\/profonanpe.org.pe\/en\/avances-en-la-propuesta-creacion-del-area-de-conservacion-privada-huata\/","og_locale":"en_US","og_type":"article","og_title":"Avances en la Propuesta \u201cCreaci\u00f3n del \u00c1rea de Conservaci\u00f3n Privada Huata\u201d - Profonanpe","og_description":"Amanecer sobre los bosques altimontanos de yunga dentro del \u00e1rea del \u00e1rea propuesta del proyecto Fotograf\u00eda: Jonathan Chancasana &nbsp; La propuesta de creaci\u00f3n del \u201c\u00c1rea de Conservaci\u00f3n Privada Huata\u201d logr\u00f3 importantes avances desde que inici\u00f3 durante el mes de febrero, hasta la fecha del presente a\u00f1o; despu\u00e9s de meses de trabajo con la comunidad campesina [&hellip;]","og_url":"https:\/\/profonanpe.org.pe\/en\/avances-en-la-propuesta-creacion-del-area-de-conservacion-privada-huata\/","og_site_name":"Profonanpe","article_published_time":"2025-01-08T21:33:56+00:00","article_modified_time":"2025-02-05T15:21:33+00:00","og_image":[{"width":734,"height":489,"url":"https:\/\/profonanpe.org.pe\/wp-content\/uploads\/2025\/01\/paisaje.webp","type":"image\/webp"}],"author":"Comunicaciones","twitter_card":"summary_large_image","twitter_misc":{"Written by":"Comunicaciones","Est. reading time":"4 minutes"},"schema":{"@context":"https:\/\/schema.org","@graph":[{"@type":"Article","@id":"https:\/\/profonanpe.org.pe\/avances-en-la-propuesta-creacion-del-area-de-conservacion-privada-huata\/#article","isPartOf":{"@id":"https:\/\/profonanpe.org.pe\/avances-en-la-propuesta-creacion-del-area-de-conservacion-privada-huata\/"},"author":{"name":"Comunicaciones","@id":"https:\/\/profonanpe.org.pe\/#\/schema\/person\/6240c1280fa0faa493147e00b333ed6d"},"headline":"Avances en la Propuesta \u201cCreaci\u00f3n del \u00c1rea de Conservaci\u00f3n Privada Huata\u201d","datePublished":"2025-01-08T21:33:56+00:00","dateModified":"2025-02-05T15:21:33+00:00","mainEntityOfPage":{"@id":"https:\/\/profonanpe.org.pe\/avances-en-la-propuesta-creacion-del-area-de-conservacion-privada-huata\/"},"wordCount":708,"publisher":{"@id":"https:\/\/profonanpe.org.pe\/#organization"},"image":{"@id":"https:\/\/profonanpe.org.pe\/avances-en-la-propuesta-creacion-del-area-de-conservacion-privada-huata\/#primaryimage"},"thumbnailUrl":"https:\/\/profonanpe.org.pe\/wp-content\/uploads\/2025\/01\/paisaje.webp","articleSection":["Columnas"],"inLanguage":"en-US"},{"@type":"WebPage","@id":"https:\/\/profonanpe.org.pe\/avances-en-la-propuesta-creacion-del-area-de-conservacion-privada-huata\/","url":"https:\/\/profonanpe.org.pe\/avances-en-la-propuesta-creacion-del-area-de-conservacion-privada-huata\/","name":"Avances en la Propuesta \u201cCreaci\u00f3n del \u00c1rea de Conservaci\u00f3n Privada Huata\u201d - Profonanpe","isPartOf":{"@id":"https:\/\/profonanpe.org.pe\/#website"},"primaryImageOfPage":{"@id":"https:\/\/profonanpe.org.pe\/avances-en-la-propuesta-creacion-del-area-de-conservacion-privada-huata\/#primaryimage"},"image":{"@id":"https:\/\/profonanpe.org.pe\/avances-en-la-propuesta-creacion-del-area-de-conservacion-privada-huata\/#primaryimage"},"thumbnailUrl":"https:\/\/profonanpe.org.pe\/wp-content\/uploads\/2025\/01\/paisaje.webp","datePublished":"2025-01-08T21:33:56+00:00","dateModified":"2025-02-05T15:21:33+00:00","breadcrumb":{"@id":"https:\/\/profonanpe.org.pe\/avances-en-la-propuesta-creacion-del-area-de-conservacion-privada-huata\/#breadcrumb"},"inLanguage":"en-US","potentialAction":[{"@type":"ReadAction","target":["https:\/\/profonanpe.org.pe\/avances-en-la-propuesta-creacion-del-area-de-conservacion-privada-huata\/"]}]},{"@type":"ImageObject","inLanguage":"en-US","@id":"https:\/\/profonanpe.org.pe\/avances-en-la-propuesta-creacion-del-area-de-conservacion-privada-huata\/#primaryimage","url":"https:\/\/profonanpe.org.pe\/wp-content\/uploads\/2025\/01\/paisaje.webp","contentUrl":"https:\/\/profonanpe.org.pe\/wp-content\/uploads\/2025\/01\/paisaje.webp","width":734,"height":489},{"@type":"BreadcrumbList","@id":"https:\/\/profonanpe.org.pe\/avances-en-la-propuesta-creacion-del-area-de-conservacion-privada-huata\/#breadcrumb","itemListElement":[{"@type":"ListItem","position":1,"name":"Portada","item":"https:\/\/profonanpe.org.pe\/"},{"@type":"ListItem","position":2,"name":"Avances en la Propuesta \u201cCreaci\u00f3n del \u00c1rea de Conservaci\u00f3n Privada Huata\u201d"}]},{"@type":"WebSite","@id":"https:\/\/profonanpe.org.pe\/#website","url":"https:\/\/profonanpe.org.pe\/","name":"Profonanpe","description":"","publisher":{"@id":"https:\/\/profonanpe.org.pe\/#organization"},"potentialAction":[{"@type":"SearchAction","target":{"@type":"EntryPoint","urlTemplate":"https:\/\/profonanpe.org.pe\/?s={search_term_string}"},"query-input":{"@type":"PropertyValueSpecification","valueRequired":true,"valueName":"search_term_string"}}],"inLanguage":"en-US"},{"@type":"Organization","@id":"https:\/\/profonanpe.org.pe\/#organization","name":"Profonanpe","url":"https:\/\/profonanpe.org.pe\/","logo":{"@type":"ImageObject","inLanguage":"en-US","@id":"https:\/\/profonanpe.org.pe\/#\/schema\/logo\/image\/","url":"https:\/\/profonanpe.org.pe\/wp-content\/uploads\/2020\/10\/Snippet-Profonanpe-v2.jpg","contentUrl":"https:\/\/profonanpe.org.pe\/wp-content\/uploads\/2020\/10\/Snippet-Profonanpe-v2.jpg","width":524,"height":274,"caption":"Profonanpe"},"image":{"@id":"https:\/\/profonanpe.org.pe\/#\/schema\/logo\/image\/"}},{"@type":"Person","@id":"https:\/\/profonanpe.org.pe\/#\/schema\/person\/6240c1280fa0faa493147e00b333ed6d","name":"Communications","url":"https:\/\/profonanpe.org.pe\/en\/author\/comunicaciones-profonanpe\/"}]}},"_links":{"self":[{"href":"https:\/\/profonanpe.org.pe\/en\/wp-json\/wp\/v2\/posts\/39873","targetHints":{"allow":["GET"]}}],"collection":[{"href":"https:\/\/profonanpe.org.pe\/en\/wp-json\/wp\/v2\/posts"}],"about":[{"href":"https:\/\/profonanpe.org.pe\/en\/wp-json\/wp\/v2\/types\/post"}],"author":[{"embeddable":true,"href":"https:\/\/profonanpe.org.pe\/en\/wp-json\/wp\/v2\/users\/16"}],"replies":[{"embeddable":true,"href":"https:\/\/profonanpe.org.pe\/en\/wp-json\/wp\/v2\/comments?post=39873"}],"version-history":[{"count":0,"href":"https:\/\/profonanpe.org.pe\/en\/wp-json\/wp\/v2\/posts\/39873\/revisions"}],"wp:featuredmedia":[{"embeddable":true,"href":"https:\/\/profonanpe.org.pe\/en\/wp-json\/wp\/v2\/media\/40832"}],"wp:attachment":[{"href":"https:\/\/profonanpe.org.pe\/en\/wp-json\/wp\/v2\/media?parent=39873"}],"wp:term":[{"taxonomy":"category","embeddable":true,"href":"https:\/\/profonanpe.org.pe\/en\/wp-json\/wp\/v2\/categories?post=39873"},{"taxonomy":"post_tag","embeddable":true,"href":"https:\/\/profonanpe.org.pe\/en\/wp-json\/wp\/v2\/tags?post=39873"}],"curies":[{"name":"wp","href":"https:\/\/api.w.org\/{rel}","templated":true}]}}