{"id":39860,"date":"2025-01-08T16:08:03","date_gmt":"2025-01-08T21:08:03","guid":{"rendered":"https:\/\/profonanpe.org.pe\/?p=39860"},"modified":"2025-01-27T16:55:00","modified_gmt":"2025-01-27T21:55:00","slug":"taller-de-educacion-ambiental-refuerza-el-compromiso-con-la-conservacion-del-acp-milpuj","status":"publish","type":"post","link":"https:\/\/profonanpe.org.pe\/en\/taller-de-educacion-ambiental-refuerza-el-compromiso-con-la-conservacion-del-acp-milpuj\/","title":{"rendered":"Environmental Education Workshop Reinforces Commitment to Conservation of the Milpuj Private Conservation Area"},"content":{"rendered":"<p style=\"text-align: center;\"><i><span style=\"font-weight: 400;\">Youngsters from C\u00e9sar Vallejo High School in La Magdalena participated in outdoor activities.<\/span><\/i><\/p>\n<p style=\"text-align: center;\"><i><span style=\"font-weight: 400;\">Photography: Angers William Espejo Pingus.<\/span><\/i><\/p>\n<p>&nbsp;<\/p>\n<p><span style=\"font-weight: 400;\">The workshop is part of Conserva Aves' initiatives for <\/span><b><i>to reinforce the knowledge and commitment of communities to the conservation of their environments<\/i><\/b><span style=\"font-weight: 400;\">. The main objective was to <\/span><b><i>educate participants on the importance of re-declaration of the Milpuj ACP and provide them with tools for dealing with and preventing forest fires<\/i><\/b><span style=\"font-weight: 400;\">, promoting better governance in fire management.<\/span><\/p>\n<p>&nbsp;<\/p>\n<p><span style=\"font-weight: 400;\">The activity involved local educational institutions and included the participation of young people from the C\u00e9sar Vallejo Educational Institution in La Magdalena, who walked along ecological trails and became familiar with the flora and fauna of the ACP. These workshops not only benefited the students, but also <\/span><b><i>strengthened the link with the communities of Nogalcucho and Quimbaleran, increasing their awareness of environmental risks and threats in their territory.<\/i><\/b><span style=\"font-weight: 400;\"> The initiative was attended by students, teachers and community members, who received training on fire prevention, its causes and consequences, and sustainable fire management practices.<\/span><\/p>\n<p>&nbsp;<\/p>\n<p><img fetchpriority=\"high\" decoding=\"async\" class=\"size-large wp-image-39861 aligncenter\" src=\"https:\/\/profonanpe.org.pe\/wp-content\/uploads\/2025\/01\/imagen-web-1-1024x582.jpg\" alt=\"\" width=\"800\" height=\"455\" srcset=\"https:\/\/profonanpe.org.pe\/wp-content\/uploads\/2025\/01\/imagen-web-1-1024x582.jpg 1024w, https:\/\/profonanpe.org.pe\/wp-content\/uploads\/2025\/01\/imagen-web-1-300x171.jpg 300w, https:\/\/profonanpe.org.pe\/wp-content\/uploads\/2025\/01\/imagen-web-1-768x436.jpg 768w, https:\/\/profonanpe.org.pe\/wp-content\/uploads\/2025\/01\/imagen-web-1.jpg 1200w\" sizes=\"(max-width: 800px) 100vw, 800px\" \/><\/p>\n<p style=\"text-align: center;\"><i><span style=\"font-weight: 400;\">Community members of Nogalcucho and Quimbaleran during a workshop session.<\/span><\/i><\/p>\n<p style=\"text-align: center;\"><i><span style=\"font-weight: 400;\">Photography: Angers William Espejo Pingus.<\/span><\/i><\/p>\n<p>&nbsp;<\/p>\n<p><span style=\"font-weight: 400;\">In a context where forest fires are affecting more and more natural areas, it is essential that communities are aware of the importance of forest fire prevention.<\/span><b><i>The company's employees are trained to recognize and act on risks.<\/i><\/b><span style=\"font-weight: 400;\"> This workshop took place in a region vulnerable to such incidents, helping participants to <\/span><b><i>understand the impact of fires on their environment and the importance of a prevention strategy<\/i><\/b><span style=\"font-weight: 400;\">. The issues of governance and phenological calendar, addressed with the community members, strengthen community management in the face of this type of threat.<\/span><\/p>\n<p>&nbsp;<\/p>\n<p><img decoding=\"async\" class=\"wp-image-39863 aligncenter\" src=\"https:\/\/profonanpe.org.pe\/wp-content\/uploads\/2025\/01\/WhatsApp-Image-2024-11-11-at-7.35.33-PM-1-768x1024.jpeg\" alt=\"\" width=\"459\" height=\"674\" \/><\/p>\n<p>&nbsp;<\/p>\n<p style=\"text-align: center;\"><em>Community members of Nogalcucho and Quimbaleran participate in an educational session<\/em><\/p>\n<p style=\"text-align: center;\"><em>Photography: Angers William Espejo Pingus<\/em><\/p>\n<p>&nbsp;<\/p>\n<p><span style=\"font-weight: 400;\">This workshop at the ACP Milpuj is only <\/span><b><i>one of several activities that Conserva Aves and RED AMA plan to carry out to consolidate the conservation and sustainability of this natural area.<\/i><\/b><span style=\"font-weight: 400;\"> Through periodic trainings, Conserva Aves seeks not only to raise awareness in the communities about environmental risks and improved fire management practices, but also to <\/span><b><i>empowering them to take an active role in protecting their environment<\/i><\/b><span style=\"font-weight: 400;\">. Implementing local governance practices in fire management and building a culture of prevention. <\/span><b><i>will allow these communities to sustainably manage their natural resources over the long term, strengthening their ties with the environment and ensuring the preservation of this valuable area for future generations.<\/i><\/b><\/p>\n<p>&nbsp;<\/p>\n<p><span style=\"font-weight: 400;\">For more details on future conservation initiatives and the impact of local stakeholders in the AMA NETWORK, please contact:<\/span><\/p>\n<p>&nbsp;<\/p>\n<h1><b>Join us<\/b><\/h1>\n<p><b>Angers William Espejo Pingus<\/b><span style=\"font-weight: 400;\"><br \/>\n<\/span><span style=\"font-weight: 400;\">RED AMA Environmental Specialist<\/span><span style=\"font-weight: 400;\"><br \/>\n<\/span><span style=\"font-weight: 400;\">aespejop24@gmail.com\u00a0<\/span><\/p>\n<p>&nbsp;<\/p>\n<p><b>Eduard Valdivia Torres\u00a0<\/b><\/p>\n<p><span style=\"font-weight: 400;\">eduard.arm@hotmail.com\u00a0\u00a0\u00a0<\/span><\/p>","protected":false},"excerpt":{"rendered":"<p>J\u00f3venes de la I.E. C\u00e9sar Vallejo de La Magdalena participaron en actividades al aire libre Fotograf\u00eda: Angers William Espejo Pingus. &nbsp; El taller forma parte de las iniciativas de Conserva Aves para reforzar el conocimiento y el compromiso de las comunidades con la conservaci\u00f3n de sus entornos. El principal objetivo fue educar a los participantes [&hellip;]<\/p>\n","protected":false},"author":16,"featured_media":39862,"comment_status":"closed","ping_status":"open","sticky":false,"template":"","format":"standard","meta":{"_acf_changed":false,"footnotes":""},"categories":[684,92],"tags":[],"class_list":["post-39860","post","type-post","status-publish","format-standard","has-post-thumbnail","hentry","category-684","category-noticias"],"acf":[],"yoast_head":"<!-- This site is optimized with the Yoast SEO plugin v27.4 - https:\/\/yoast.com\/product\/yoast-seo-wordpress\/ -->\n<title>Taller de Educaci\u00f3n Ambiental refuerza el Compromiso con la Conservaci\u00f3n del ACP Milpuj - Profonanpe<\/title>\n<meta name=\"robots\" content=\"index, follow, max-snippet:-1, max-image-preview:large, max-video-preview:-1\" \/>\n<link rel=\"canonical\" href=\"https:\/\/profonanpe.org.pe\/en\/taller-de-educacion-ambiental-refuerza-el-compromiso-con-la-conservacion-del-acp-milpuj\/\" \/>\n<meta property=\"og:locale\" content=\"en_US\" \/>\n<meta property=\"og:type\" content=\"article\" \/>\n<meta property=\"og:title\" content=\"Taller de Educaci\u00f3n Ambiental refuerza el Compromiso con la Conservaci\u00f3n del ACP Milpuj - Profonanpe\" \/>\n<meta property=\"og:description\" content=\"J\u00f3venes de la I.E. C\u00e9sar Vallejo de La Magdalena participaron en actividades al aire libre Fotograf\u00eda: Angers William Espejo Pingus. &nbsp; El taller forma parte de las iniciativas de Conserva Aves para reforzar el conocimiento y el compromiso de las comunidades con la conservaci\u00f3n de sus entornos. El principal objetivo fue educar a los participantes [&hellip;]\" \/>\n<meta property=\"og:url\" content=\"https:\/\/profonanpe.org.pe\/en\/taller-de-educacion-ambiental-refuerza-el-compromiso-con-la-conservacion-del-acp-milpuj\/\" \/>\n<meta property=\"og:site_name\" content=\"Profonanpe\" \/>\n<meta property=\"article:published_time\" content=\"2025-01-08T21:08:03+00:00\" \/>\n<meta property=\"article:modified_time\" content=\"2025-01-27T21:55:00+00:00\" \/>\n<meta property=\"og:image\" content=\"https:\/\/profonanpe.org.pe\/wp-content\/uploads\/2025\/01\/alumnos.jpg\" \/>\n\t<meta property=\"og:image:width\" content=\"1600\" \/>\n\t<meta property=\"og:image:height\" content=\"897\" \/>\n\t<meta property=\"og:image:type\" content=\"image\/jpeg\" \/>\n<meta name=\"author\" content=\"Comunicaciones\" \/>\n<meta name=\"twitter:card\" content=\"summary_large_image\" \/>\n<meta name=\"twitter:label1\" content=\"Written by\" \/>\n\t<meta name=\"twitter:data1\" content=\"Comunicaciones\" \/>\n\t<meta name=\"twitter:label2\" content=\"Est. reading time\" \/>\n\t<meta name=\"twitter:data2\" content=\"3 minutes\" \/>\n<script type=\"application\/ld+json\" class=\"yoast-schema-graph\">{\"@context\":\"https:\\\/\\\/schema.org\",\"@graph\":[{\"@type\":\"Article\",\"@id\":\"https:\\\/\\\/profonanpe.org.pe\\\/en\\\/taller-de-educacion-ambiental-refuerza-el-compromiso-con-la-conservacion-del-acp-milpuj\\\/#article\",\"isPartOf\":{\"@id\":\"https:\\\/\\\/profonanpe.org.pe\\\/en\\\/taller-de-educacion-ambiental-refuerza-el-compromiso-con-la-conservacion-del-acp-milpuj\\\/\"},\"author\":{\"name\":\"Comunicaciones\",\"@id\":\"https:\\\/\\\/profonanpe.org.pe\\\/#\\\/schema\\\/person\\\/6240c1280fa0faa493147e00b333ed6d\"},\"headline\":\"Taller de Educaci\u00f3n Ambiental refuerza el Compromiso con la Conservaci\u00f3n del ACP Milpuj\",\"datePublished\":\"2025-01-08T21:08:03+00:00\",\"dateModified\":\"2025-01-27T21:55:00+00:00\",\"mainEntityOfPage\":{\"@id\":\"https:\\\/\\\/profonanpe.org.pe\\\/en\\\/taller-de-educacion-ambiental-refuerza-el-compromiso-con-la-conservacion-del-acp-milpuj\\\/\"},\"wordCount\":533,\"publisher\":{\"@id\":\"https:\\\/\\\/profonanpe.org.pe\\\/#organization\"},\"image\":{\"@id\":\"https:\\\/\\\/profonanpe.org.pe\\\/en\\\/taller-de-educacion-ambiental-refuerza-el-compromiso-con-la-conservacion-del-acp-milpuj\\\/#primaryimage\"},\"thumbnailUrl\":\"https:\\\/\\\/profonanpe.org.pe\\\/wp-content\\\/uploads\\\/2025\\\/01\\\/alumnos.jpg\",\"articleSection\":[\"2025\",\"Noticias\"],\"inLanguage\":\"en-US\"},{\"@type\":\"WebPage\",\"@id\":\"https:\\\/\\\/profonanpe.org.pe\\\/en\\\/taller-de-educacion-ambiental-refuerza-el-compromiso-con-la-conservacion-del-acp-milpuj\\\/\",\"url\":\"https:\\\/\\\/profonanpe.org.pe\\\/en\\\/taller-de-educacion-ambiental-refuerza-el-compromiso-con-la-conservacion-del-acp-milpuj\\\/\",\"name\":\"Taller de Educaci\u00f3n Ambiental refuerza el Compromiso con la Conservaci\u00f3n del ACP Milpuj - Profonanpe\",\"isPartOf\":{\"@id\":\"https:\\\/\\\/profonanpe.org.pe\\\/#website\"},\"primaryImageOfPage\":{\"@id\":\"https:\\\/\\\/profonanpe.org.pe\\\/en\\\/taller-de-educacion-ambiental-refuerza-el-compromiso-con-la-conservacion-del-acp-milpuj\\\/#primaryimage\"},\"image\":{\"@id\":\"https:\\\/\\\/profonanpe.org.pe\\\/en\\\/taller-de-educacion-ambiental-refuerza-el-compromiso-con-la-conservacion-del-acp-milpuj\\\/#primaryimage\"},\"thumbnailUrl\":\"https:\\\/\\\/profonanpe.org.pe\\\/wp-content\\\/uploads\\\/2025\\\/01\\\/alumnos.jpg\",\"datePublished\":\"2025-01-08T21:08:03+00:00\",\"dateModified\":\"2025-01-27T21:55:00+00:00\",\"breadcrumb\":{\"@id\":\"https:\\\/\\\/profonanpe.org.pe\\\/en\\\/taller-de-educacion-ambiental-refuerza-el-compromiso-con-la-conservacion-del-acp-milpuj\\\/#breadcrumb\"},\"inLanguage\":\"en-US\",\"potentialAction\":[{\"@type\":\"ReadAction\",\"target\":[\"https:\\\/\\\/profonanpe.org.pe\\\/en\\\/taller-de-educacion-ambiental-refuerza-el-compromiso-con-la-conservacion-del-acp-milpuj\\\/\"]}]},{\"@type\":\"ImageObject\",\"inLanguage\":\"en-US\",\"@id\":\"https:\\\/\\\/profonanpe.org.pe\\\/en\\\/taller-de-educacion-ambiental-refuerza-el-compromiso-con-la-conservacion-del-acp-milpuj\\\/#primaryimage\",\"url\":\"https:\\\/\\\/profonanpe.org.pe\\\/wp-content\\\/uploads\\\/2025\\\/01\\\/alumnos.jpg\",\"contentUrl\":\"https:\\\/\\\/profonanpe.org.pe\\\/wp-content\\\/uploads\\\/2025\\\/01\\\/alumnos.jpg\",\"width\":1600,\"height\":897},{\"@type\":\"BreadcrumbList\",\"@id\":\"https:\\\/\\\/profonanpe.org.pe\\\/en\\\/taller-de-educacion-ambiental-refuerza-el-compromiso-con-la-conservacion-del-acp-milpuj\\\/#breadcrumb\",\"itemListElement\":[{\"@type\":\"ListItem\",\"position\":1,\"name\":\"Portada\",\"item\":\"https:\\\/\\\/profonanpe.org.pe\\\/\"},{\"@type\":\"ListItem\",\"position\":2,\"name\":\"Taller de Educaci\u00f3n Ambiental refuerza el Compromiso con la Conservaci\u00f3n del ACP Milpuj\"}]},{\"@type\":\"WebSite\",\"@id\":\"https:\\\/\\\/profonanpe.org.pe\\\/#website\",\"url\":\"https:\\\/\\\/profonanpe.org.pe\\\/\",\"name\":\"Profonanpe\",\"description\":\"\",\"publisher\":{\"@id\":\"https:\\\/\\\/profonanpe.org.pe\\\/#organization\"},\"potentialAction\":[{\"@type\":\"SearchAction\",\"target\":{\"@type\":\"EntryPoint\",\"urlTemplate\":\"https:\\\/\\\/profonanpe.org.pe\\\/?s={search_term_string}\"},\"query-input\":{\"@type\":\"PropertyValueSpecification\",\"valueRequired\":true,\"valueName\":\"search_term_string\"}}],\"inLanguage\":\"en-US\"},{\"@type\":\"Organization\",\"@id\":\"https:\\\/\\\/profonanpe.org.pe\\\/#organization\",\"name\":\"Profonanpe\",\"url\":\"https:\\\/\\\/profonanpe.org.pe\\\/\",\"logo\":{\"@type\":\"ImageObject\",\"inLanguage\":\"en-US\",\"@id\":\"https:\\\/\\\/profonanpe.org.pe\\\/#\\\/schema\\\/logo\\\/image\\\/\",\"url\":\"https:\\\/\\\/profonanpe.org.pe\\\/wp-content\\\/uploads\\\/2020\\\/10\\\/Snippet-Profonanpe-v2.jpg\",\"contentUrl\":\"https:\\\/\\\/profonanpe.org.pe\\\/wp-content\\\/uploads\\\/2020\\\/10\\\/Snippet-Profonanpe-v2.jpg\",\"width\":524,\"height\":274,\"caption\":\"Profonanpe\"},\"image\":{\"@id\":\"https:\\\/\\\/profonanpe.org.pe\\\/#\\\/schema\\\/logo\\\/image\\\/\"}},{\"@type\":\"Person\",\"@id\":\"https:\\\/\\\/profonanpe.org.pe\\\/#\\\/schema\\\/person\\\/6240c1280fa0faa493147e00b333ed6d\",\"name\":\"Comunicaciones\",\"url\":\"https:\\\/\\\/profonanpe.org.pe\\\/en\\\/author\\\/comunicaciones-profonanpe\\\/\"}]}<\/script>\n<!-- \/ Yoast SEO plugin. -->","yoast_head_json":{"title":"Taller de Educaci\u00f3n Ambiental refuerza el Compromiso con la Conservaci\u00f3n del ACP Milpuj - Profonanpe","robots":{"index":"index","follow":"follow","max-snippet":"max-snippet:-1","max-image-preview":"max-image-preview:large","max-video-preview":"max-video-preview:-1"},"canonical":"https:\/\/profonanpe.org.pe\/en\/taller-de-educacion-ambiental-refuerza-el-compromiso-con-la-conservacion-del-acp-milpuj\/","og_locale":"en_US","og_type":"article","og_title":"Taller de Educaci\u00f3n Ambiental refuerza el Compromiso con la Conservaci\u00f3n del ACP Milpuj - Profonanpe","og_description":"J\u00f3venes de la I.E. C\u00e9sar Vallejo de La Magdalena participaron en actividades al aire libre Fotograf\u00eda: Angers William Espejo Pingus. &nbsp; El taller forma parte de las iniciativas de Conserva Aves para reforzar el conocimiento y el compromiso de las comunidades con la conservaci\u00f3n de sus entornos. El principal objetivo fue educar a los participantes [&hellip;]","og_url":"https:\/\/profonanpe.org.pe\/en\/taller-de-educacion-ambiental-refuerza-el-compromiso-con-la-conservacion-del-acp-milpuj\/","og_site_name":"Profonanpe","article_published_time":"2025-01-08T21:08:03+00:00","article_modified_time":"2025-01-27T21:55:00+00:00","og_image":[{"width":1600,"height":897,"url":"https:\/\/profonanpe.org.pe\/wp-content\/uploads\/2025\/01\/alumnos.jpg","type":"image\/jpeg"}],"author":"Comunicaciones","twitter_card":"summary_large_image","twitter_misc":{"Written by":"Comunicaciones","Est. reading time":"3 minutes"},"schema":{"@context":"https:\/\/schema.org","@graph":[{"@type":"Article","@id":"https:\/\/profonanpe.org.pe\/en\/taller-de-educacion-ambiental-refuerza-el-compromiso-con-la-conservacion-del-acp-milpuj\/#article","isPartOf":{"@id":"https:\/\/profonanpe.org.pe\/en\/taller-de-educacion-ambiental-refuerza-el-compromiso-con-la-conservacion-del-acp-milpuj\/"},"author":{"name":"Comunicaciones","@id":"https:\/\/profonanpe.org.pe\/#\/schema\/person\/6240c1280fa0faa493147e00b333ed6d"},"headline":"Taller de Educaci\u00f3n Ambiental refuerza el Compromiso con la Conservaci\u00f3n del ACP Milpuj","datePublished":"2025-01-08T21:08:03+00:00","dateModified":"2025-01-27T21:55:00+00:00","mainEntityOfPage":{"@id":"https:\/\/profonanpe.org.pe\/en\/taller-de-educacion-ambiental-refuerza-el-compromiso-con-la-conservacion-del-acp-milpuj\/"},"wordCount":533,"publisher":{"@id":"https:\/\/profonanpe.org.pe\/#organization"},"image":{"@id":"https:\/\/profonanpe.org.pe\/en\/taller-de-educacion-ambiental-refuerza-el-compromiso-con-la-conservacion-del-acp-milpuj\/#primaryimage"},"thumbnailUrl":"https:\/\/profonanpe.org.pe\/wp-content\/uploads\/2025\/01\/alumnos.jpg","articleSection":["2025","Noticias"],"inLanguage":"en-US"},{"@type":"WebPage","@id":"https:\/\/profonanpe.org.pe\/en\/taller-de-educacion-ambiental-refuerza-el-compromiso-con-la-conservacion-del-acp-milpuj\/","url":"https:\/\/profonanpe.org.pe\/en\/taller-de-educacion-ambiental-refuerza-el-compromiso-con-la-conservacion-del-acp-milpuj\/","name":"Taller de Educaci\u00f3n Ambiental refuerza el Compromiso con la Conservaci\u00f3n del ACP Milpuj - Profonanpe","isPartOf":{"@id":"https:\/\/profonanpe.org.pe\/#website"},"primaryImageOfPage":{"@id":"https:\/\/profonanpe.org.pe\/en\/taller-de-educacion-ambiental-refuerza-el-compromiso-con-la-conservacion-del-acp-milpuj\/#primaryimage"},"image":{"@id":"https:\/\/profonanpe.org.pe\/en\/taller-de-educacion-ambiental-refuerza-el-compromiso-con-la-conservacion-del-acp-milpuj\/#primaryimage"},"thumbnailUrl":"https:\/\/profonanpe.org.pe\/wp-content\/uploads\/2025\/01\/alumnos.jpg","datePublished":"2025-01-08T21:08:03+00:00","dateModified":"2025-01-27T21:55:00+00:00","breadcrumb":{"@id":"https:\/\/profonanpe.org.pe\/en\/taller-de-educacion-ambiental-refuerza-el-compromiso-con-la-conservacion-del-acp-milpuj\/#breadcrumb"},"inLanguage":"en-US","potentialAction":[{"@type":"ReadAction","target":["https:\/\/profonanpe.org.pe\/en\/taller-de-educacion-ambiental-refuerza-el-compromiso-con-la-conservacion-del-acp-milpuj\/"]}]},{"@type":"ImageObject","inLanguage":"en-US","@id":"https:\/\/profonanpe.org.pe\/en\/taller-de-educacion-ambiental-refuerza-el-compromiso-con-la-conservacion-del-acp-milpuj\/#primaryimage","url":"https:\/\/profonanpe.org.pe\/wp-content\/uploads\/2025\/01\/alumnos.jpg","contentUrl":"https:\/\/profonanpe.org.pe\/wp-content\/uploads\/2025\/01\/alumnos.jpg","width":1600,"height":897},{"@type":"BreadcrumbList","@id":"https:\/\/profonanpe.org.pe\/en\/taller-de-educacion-ambiental-refuerza-el-compromiso-con-la-conservacion-del-acp-milpuj\/#breadcrumb","itemListElement":[{"@type":"ListItem","position":1,"name":"Portada","item":"https:\/\/profonanpe.org.pe\/"},{"@type":"ListItem","position":2,"name":"Taller de Educaci\u00f3n Ambiental refuerza el Compromiso con la Conservaci\u00f3n del ACP Milpuj"}]},{"@type":"WebSite","@id":"https:\/\/profonanpe.org.pe\/#website","url":"https:\/\/profonanpe.org.pe\/","name":"Profonanpe","description":"","publisher":{"@id":"https:\/\/profonanpe.org.pe\/#organization"},"potentialAction":[{"@type":"SearchAction","target":{"@type":"EntryPoint","urlTemplate":"https:\/\/profonanpe.org.pe\/?s={search_term_string}"},"query-input":{"@type":"PropertyValueSpecification","valueRequired":true,"valueName":"search_term_string"}}],"inLanguage":"en-US"},{"@type":"Organization","@id":"https:\/\/profonanpe.org.pe\/#organization","name":"Profonanpe","url":"https:\/\/profonanpe.org.pe\/","logo":{"@type":"ImageObject","inLanguage":"en-US","@id":"https:\/\/profonanpe.org.pe\/#\/schema\/logo\/image\/","url":"https:\/\/profonanpe.org.pe\/wp-content\/uploads\/2020\/10\/Snippet-Profonanpe-v2.jpg","contentUrl":"https:\/\/profonanpe.org.pe\/wp-content\/uploads\/2020\/10\/Snippet-Profonanpe-v2.jpg","width":524,"height":274,"caption":"Profonanpe"},"image":{"@id":"https:\/\/profonanpe.org.pe\/#\/schema\/logo\/image\/"}},{"@type":"Person","@id":"https:\/\/profonanpe.org.pe\/#\/schema\/person\/6240c1280fa0faa493147e00b333ed6d","name":"Communications","url":"https:\/\/profonanpe.org.pe\/en\/author\/comunicaciones-profonanpe\/"}]}},"_links":{"self":[{"href":"https:\/\/profonanpe.org.pe\/en\/wp-json\/wp\/v2\/posts\/39860","targetHints":{"allow":["GET"]}}],"collection":[{"href":"https:\/\/profonanpe.org.pe\/en\/wp-json\/wp\/v2\/posts"}],"about":[{"href":"https:\/\/profonanpe.org.pe\/en\/wp-json\/wp\/v2\/types\/post"}],"author":[{"embeddable":true,"href":"https:\/\/profonanpe.org.pe\/en\/wp-json\/wp\/v2\/users\/16"}],"replies":[{"embeddable":true,"href":"https:\/\/profonanpe.org.pe\/en\/wp-json\/wp\/v2\/comments?post=39860"}],"version-history":[{"count":0,"href":"https:\/\/profonanpe.org.pe\/en\/wp-json\/wp\/v2\/posts\/39860\/revisions"}],"wp:featuredmedia":[{"embeddable":true,"href":"https:\/\/profonanpe.org.pe\/en\/wp-json\/wp\/v2\/media\/39862"}],"wp:attachment":[{"href":"https:\/\/profonanpe.org.pe\/en\/wp-json\/wp\/v2\/media?parent=39860"}],"wp:term":[{"taxonomy":"category","embeddable":true,"href":"https:\/\/profonanpe.org.pe\/en\/wp-json\/wp\/v2\/categories?post=39860"},{"taxonomy":"post_tag","embeddable":true,"href":"https:\/\/profonanpe.org.pe\/en\/wp-json\/wp\/v2\/tags?post=39860"}],"curies":[{"name":"wp","href":"https:\/\/api.w.org\/{rel}","templated":true}]}}