{"id":37324,"date":"2024-10-03T18:00:17","date_gmt":"2024-10-03T23:00:17","guid":{"rendered":"https:\/\/profonanpe.org.pe\/?p=37324"},"modified":"2024-12-23T15:15:49","modified_gmt":"2024-12-23T20:15:49","slug":"joint-statement-of-intent-reinforces-sustainable-management-with-verification-visits-in-pasco-and-huanuco","status":"publish","type":"post","link":"https:\/\/profonanpe.org.pe\/en\/declaracion-conjunta-de-intencion-refuerza-la-gestion-sostenible-con-visitas-de-verificacion-en-pasco-y-huanuco\/","title":{"rendered":"Joint Statement of Intent reinforces sustainable management with verification visits in Pasco and Hu\u00e1nuco"},"content":{"rendered":"<p style=\"text-align: center;\"><span style=\"font-weight: 400;\"><i>Photo: AMARCY <\/i><\/span><\/p>\n<p>&nbsp;<\/p>\n<p><span style=\"font-weight: 400;\">As part of the Joint Declaration of Intent (JDI) Project, led by the Ministry of the Environment (MINAM) and implemented by Profonanpe, verification and monitoring visits were conducted in the regions of Pasco and Hu\u00e1nuco on September 27 and October 1.\u00a0<\/span><\/p>\n<p>&nbsp;<\/p>\n<p class=\"translation-block\"><span style=\"font-weight: 400\">Agroforestry systems (AFS), which combine tree cultivation with agriculture, are key to promoting sustainable land use and improving community incomes.<\/span><b> These visits provided an opportunity to see firsthand the progress made in their implementation and to hear from local residents about the benefits the project has brought to their communities.<\/b><\/p>\n<p>&nbsp;<\/p>\n<p class=\"translation-block\"><span style=\"font-weight: 400\">On the first day, the project team visited indigenous organizations such as ANECAP and CONAP and their local chapters, as well as communities in the Palcazu district of Oxapampa province, Pasco. There, <\/span><b>the collaborative work between the residents and the DCI project was verified by listening to their experiences and observing how the SAFs are contributing to the sustainable development of the area.<\/b><\/p>\n<p>&nbsp;<\/p>\n<p><span style=\"font-weight: 400;\">During the second visit, on October 1, the tour included a visit to the Carpish Mountain Forest Regional Conservation Area (ACR) in Hu\u00e1nuco, where progress was observed on initiatives aimed at biodiversity conservation and forest management. These areas are essential for reducing deforestation and mitigating greenhouse gas (GHG) emissions, a key objective of the DCI project.<\/span><\/p>\n<p>&nbsp;<\/p>\n<p><img fetchpriority=\"high\" decoding=\"async\" class=\"aligncenter size-large wp-image-37325\" src=\"https:\/\/profonanpe.org.pe\/wp-content\/uploads\/2024\/10\/DCI-Huanuco-visita-1024x576.jpeg\" alt=\"\" width=\"800\" height=\"450\" srcset=\"https:\/\/profonanpe.org.pe\/wp-content\/uploads\/2024\/10\/DCI-Huanuco-visita-1024x576.jpeg 1024w, https:\/\/profonanpe.org.pe\/wp-content\/uploads\/2024\/10\/DCI-Huanuco-visita-300x169.jpeg 300w, https:\/\/profonanpe.org.pe\/wp-content\/uploads\/2024\/10\/DCI-Huanuco-visita-768x432.jpeg 768w, https:\/\/profonanpe.org.pe\/wp-content\/uploads\/2024\/10\/DCI-Huanuco-visita-1536x864.jpeg 1536w, https:\/\/profonanpe.org.pe\/wp-content\/uploads\/2024\/10\/DCI-Huanuco-visita.jpeg 1600w\" sizes=\"(max-width: 800px) 100vw, 800px\" \/><\/p>\n<p style=\"text-align: center;\"><i><span style=\"font-weight: 400;\">Photo: Profonanpe<\/span><\/i><\/p>\n<p>&nbsp;<\/p>\n<p class=\"translation-block\"><span style=\"font-weight: 400\">Cecilia Flores, DCI project manager, commented on the importance of these visits: <\/span><i><span style=\"font-weight: 400\">\u201cListening to the communities and seeing firsthand how the project\u2019s actions are being implemented is crucial for adjusting strategies and ensuring that the work we do truly improves the quality of life in these communities. <\/span><\/i><b><i>The commitment and participation of local organizations have been key to the progress we have made so far.<\/i><\/b><i><span style=\"font-weight: 400\">\u00ab<\/span><\/i><\/p>\n<p>&nbsp;<\/p>\n<p class=\"translation-block\"><span style=\"font-weight: 400\">The Joint Declaration of Intent continues to strengthen its efforts in partnership with <\/span><span style=\"font-weight: 400\">key stakeholders, ensuring that initiatives such as the SAFs and the management of Regional Conservation Areas (ACRs) remain effective tools for the conservation of the Peruvian Amazon. <\/span><\/p>","protected":false},"excerpt":{"rendered":"<p>Foto: AMARCY &nbsp; En el marco del Proyecto Declaraci\u00f3n Conjunta de Intenci\u00f3n (DCI), liderado por el Ministerio del Ambiente (MINAM) y ejecutado por Profonanpe, se llevaron a cabo visitas de verificaci\u00f3n y acompa\u00f1amiento en las \u00e1reas de Pasco y Hu\u00e1nuco los d\u00edas 27 de septiembre y 1 de octubre.\u00a0 &nbsp; Los Sistemas Agroforestales (SAF), que [&hellip;]<\/p>\n","protected":false},"author":16,"featured_media":37326,"comment_status":"closed","ping_status":"open","sticky":false,"template":"","format":"standard","meta":{"_acf_changed":false,"footnotes":""},"categories":[679,593,92],"tags":[],"class_list":["post-37324","post","type-post","status-publish","format-standard","has-post-thumbnail","hentry","category-nota-de-prensa-declaracion-conjunta","category-593","category-noticias"],"acf":[],"yoast_head":"<!-- This site is optimized with the Yoast SEO plugin v27.4 - https:\/\/yoast.com\/product\/yoast-seo-wordpress\/ -->\n<title>Declaraci\u00f3n Conjunta de Intenci\u00f3n refuerza la gesti\u00f3n sostenible con visitas de verificaci\u00f3n en Pasco y Hu\u00e1nuco - Profonanpe<\/title>\n<meta name=\"robots\" content=\"index, follow, max-snippet:-1, max-image-preview:large, max-video-preview:-1\" \/>\n<link rel=\"canonical\" href=\"https:\/\/profonanpe.org.pe\/en\/joint-statement-of-intent-reinforces-sustainable-management-with-verification-visits-in-pasco-and-huanuco\/\" \/>\n<meta property=\"og:locale\" content=\"en_US\" \/>\n<meta property=\"og:type\" content=\"article\" \/>\n<meta property=\"og:title\" content=\"Declaraci\u00f3n Conjunta de Intenci\u00f3n refuerza la gesti\u00f3n sostenible con visitas de verificaci\u00f3n en Pasco y Hu\u00e1nuco - Profonanpe\" \/>\n<meta property=\"og:description\" content=\"Foto: AMARCY &nbsp; En el marco del Proyecto Declaraci\u00f3n Conjunta de Intenci\u00f3n (DCI), liderado por el Ministerio del Ambiente (MINAM) y ejecutado por Profonanpe, se llevaron a cabo visitas de verificaci\u00f3n y acompa\u00f1amiento en las \u00e1reas de Pasco y Hu\u00e1nuco los d\u00edas 27 de septiembre y 1 de octubre.\u00a0 &nbsp; Los Sistemas Agroforestales (SAF), que [&hellip;]\" \/>\n<meta property=\"og:url\" content=\"https:\/\/profonanpe.org.pe\/en\/joint-statement-of-intent-reinforces-sustainable-management-with-verification-visits-in-pasco-and-huanuco\/\" \/>\n<meta property=\"og:site_name\" content=\"Profonanpe\" \/>\n<meta property=\"article:published_time\" content=\"2024-10-03T23:00:17+00:00\" \/>\n<meta property=\"article:modified_time\" content=\"2024-12-23T20:15:49+00:00\" \/>\n<meta property=\"og:image\" content=\"https:\/\/profonanpe.org.pe\/wp-content\/uploads\/2024\/10\/DCI-Pasco-Visita-scaled.jpg\" \/>\n\t<meta property=\"og:image:width\" content=\"1600\" \/>\n\t<meta property=\"og:image:height\" content=\"1067\" \/>\n\t<meta property=\"og:image:type\" content=\"image\/jpeg\" \/>\n<meta name=\"author\" content=\"Comunicaciones\" \/>\n<meta name=\"twitter:card\" content=\"summary_large_image\" \/>\n<meta name=\"twitter:label1\" content=\"Written by\" \/>\n\t<meta name=\"twitter:data1\" content=\"Comunicaciones\" \/>\n\t<meta name=\"twitter:label2\" content=\"Est. reading time\" \/>\n\t<meta name=\"twitter:data2\" content=\"3 minutes\" \/>\n<script type=\"application\/ld+json\" class=\"yoast-schema-graph\">{\"@context\":\"https:\\\/\\\/schema.org\",\"@graph\":[{\"@type\":\"Article\",\"@id\":\"https:\\\/\\\/profonanpe.org.pe\\\/declaracion-conjunta-de-intencion-refuerza-la-gestion-sostenible-con-visitas-de-verificacion-en-pasco-y-huanuco\\\/#article\",\"isPartOf\":{\"@id\":\"https:\\\/\\\/profonanpe.org.pe\\\/declaracion-conjunta-de-intencion-refuerza-la-gestion-sostenible-con-visitas-de-verificacion-en-pasco-y-huanuco\\\/\"},\"author\":{\"name\":\"Comunicaciones\",\"@id\":\"https:\\\/\\\/profonanpe.org.pe\\\/#\\\/schema\\\/person\\\/6240c1280fa0faa493147e00b333ed6d\"},\"headline\":\"Declaraci\u00f3n Conjunta de Intenci\u00f3n refuerza la gesti\u00f3n sostenible con visitas de verificaci\u00f3n en Pasco y Hu\u00e1nuco\",\"datePublished\":\"2024-10-03T23:00:17+00:00\",\"dateModified\":\"2024-12-23T20:15:49+00:00\",\"mainEntityOfPage\":{\"@id\":\"https:\\\/\\\/profonanpe.org.pe\\\/declaracion-conjunta-de-intencion-refuerza-la-gestion-sostenible-con-visitas-de-verificacion-en-pasco-y-huanuco\\\/\"},\"wordCount\":404,\"publisher\":{\"@id\":\"https:\\\/\\\/profonanpe.org.pe\\\/#organization\"},\"image\":{\"@id\":\"https:\\\/\\\/profonanpe.org.pe\\\/declaracion-conjunta-de-intencion-refuerza-la-gestion-sostenible-con-visitas-de-verificacion-en-pasco-y-huanuco\\\/#primaryimage\"},\"thumbnailUrl\":\"https:\\\/\\\/profonanpe.org.pe\\\/wp-content\\\/uploads\\\/2024\\\/10\\\/DCI-Pasco-Visita-scaled.jpg\",\"articleSection\":[\"Nota de prensa - Declaraci\u00f3n Conjunta\",\"2024\",\"Noticias\"],\"inLanguage\":\"en-US\"},{\"@type\":\"WebPage\",\"@id\":\"https:\\\/\\\/profonanpe.org.pe\\\/declaracion-conjunta-de-intencion-refuerza-la-gestion-sostenible-con-visitas-de-verificacion-en-pasco-y-huanuco\\\/\",\"url\":\"https:\\\/\\\/profonanpe.org.pe\\\/declaracion-conjunta-de-intencion-refuerza-la-gestion-sostenible-con-visitas-de-verificacion-en-pasco-y-huanuco\\\/\",\"name\":\"Declaraci\u00f3n Conjunta de Intenci\u00f3n refuerza la gesti\u00f3n sostenible con visitas de verificaci\u00f3n en Pasco y Hu\u00e1nuco - Profonanpe\",\"isPartOf\":{\"@id\":\"https:\\\/\\\/profonanpe.org.pe\\\/#website\"},\"primaryImageOfPage\":{\"@id\":\"https:\\\/\\\/profonanpe.org.pe\\\/declaracion-conjunta-de-intencion-refuerza-la-gestion-sostenible-con-visitas-de-verificacion-en-pasco-y-huanuco\\\/#primaryimage\"},\"image\":{\"@id\":\"https:\\\/\\\/profonanpe.org.pe\\\/declaracion-conjunta-de-intencion-refuerza-la-gestion-sostenible-con-visitas-de-verificacion-en-pasco-y-huanuco\\\/#primaryimage\"},\"thumbnailUrl\":\"https:\\\/\\\/profonanpe.org.pe\\\/wp-content\\\/uploads\\\/2024\\\/10\\\/DCI-Pasco-Visita-scaled.jpg\",\"datePublished\":\"2024-10-03T23:00:17+00:00\",\"dateModified\":\"2024-12-23T20:15:49+00:00\",\"breadcrumb\":{\"@id\":\"https:\\\/\\\/profonanpe.org.pe\\\/declaracion-conjunta-de-intencion-refuerza-la-gestion-sostenible-con-visitas-de-verificacion-en-pasco-y-huanuco\\\/#breadcrumb\"},\"inLanguage\":\"en-US\",\"potentialAction\":[{\"@type\":\"ReadAction\",\"target\":[\"https:\\\/\\\/profonanpe.org.pe\\\/declaracion-conjunta-de-intencion-refuerza-la-gestion-sostenible-con-visitas-de-verificacion-en-pasco-y-huanuco\\\/\"]}]},{\"@type\":\"ImageObject\",\"inLanguage\":\"en-US\",\"@id\":\"https:\\\/\\\/profonanpe.org.pe\\\/declaracion-conjunta-de-intencion-refuerza-la-gestion-sostenible-con-visitas-de-verificacion-en-pasco-y-huanuco\\\/#primaryimage\",\"url\":\"https:\\\/\\\/profonanpe.org.pe\\\/wp-content\\\/uploads\\\/2024\\\/10\\\/DCI-Pasco-Visita-scaled.jpg\",\"contentUrl\":\"https:\\\/\\\/profonanpe.org.pe\\\/wp-content\\\/uploads\\\/2024\\\/10\\\/DCI-Pasco-Visita-scaled.jpg\",\"width\":1600,\"height\":1067},{\"@type\":\"BreadcrumbList\",\"@id\":\"https:\\\/\\\/profonanpe.org.pe\\\/declaracion-conjunta-de-intencion-refuerza-la-gestion-sostenible-con-visitas-de-verificacion-en-pasco-y-huanuco\\\/#breadcrumb\",\"itemListElement\":[{\"@type\":\"ListItem\",\"position\":1,\"name\":\"Portada\",\"item\":\"https:\\\/\\\/profonanpe.org.pe\\\/\"},{\"@type\":\"ListItem\",\"position\":2,\"name\":\"Declaraci\u00f3n Conjunta de Intenci\u00f3n refuerza la gesti\u00f3n sostenible con visitas de verificaci\u00f3n en Pasco y Hu\u00e1nuco\"}]},{\"@type\":\"WebSite\",\"@id\":\"https:\\\/\\\/profonanpe.org.pe\\\/#website\",\"url\":\"https:\\\/\\\/profonanpe.org.pe\\\/\",\"name\":\"Profonanpe\",\"description\":\"\",\"publisher\":{\"@id\":\"https:\\\/\\\/profonanpe.org.pe\\\/#organization\"},\"potentialAction\":[{\"@type\":\"SearchAction\",\"target\":{\"@type\":\"EntryPoint\",\"urlTemplate\":\"https:\\\/\\\/profonanpe.org.pe\\\/?s={search_term_string}\"},\"query-input\":{\"@type\":\"PropertyValueSpecification\",\"valueRequired\":true,\"valueName\":\"search_term_string\"}}],\"inLanguage\":\"en-US\"},{\"@type\":\"Organization\",\"@id\":\"https:\\\/\\\/profonanpe.org.pe\\\/#organization\",\"name\":\"Profonanpe\",\"url\":\"https:\\\/\\\/profonanpe.org.pe\\\/\",\"logo\":{\"@type\":\"ImageObject\",\"inLanguage\":\"en-US\",\"@id\":\"https:\\\/\\\/profonanpe.org.pe\\\/#\\\/schema\\\/logo\\\/image\\\/\",\"url\":\"https:\\\/\\\/profonanpe.org.pe\\\/wp-content\\\/uploads\\\/2020\\\/10\\\/Snippet-Profonanpe-v2.jpg\",\"contentUrl\":\"https:\\\/\\\/profonanpe.org.pe\\\/wp-content\\\/uploads\\\/2020\\\/10\\\/Snippet-Profonanpe-v2.jpg\",\"width\":524,\"height\":274,\"caption\":\"Profonanpe\"},\"image\":{\"@id\":\"https:\\\/\\\/profonanpe.org.pe\\\/#\\\/schema\\\/logo\\\/image\\\/\"}},{\"@type\":\"Person\",\"@id\":\"https:\\\/\\\/profonanpe.org.pe\\\/#\\\/schema\\\/person\\\/6240c1280fa0faa493147e00b333ed6d\",\"name\":\"Comunicaciones\",\"url\":\"https:\\\/\\\/profonanpe.org.pe\\\/en\\\/author\\\/comunicaciones-profonanpe\\\/\"}]}<\/script>\n<!-- \/ Yoast SEO plugin. -->","yoast_head_json":{"title":"Joint Declaration of Intent reinforces sustainable management with verification visits in Pasco and Hu\u00e1nuco - Profonanpe","robots":{"index":"index","follow":"follow","max-snippet":"max-snippet:-1","max-image-preview":"max-image-preview:large","max-video-preview":"max-video-preview:-1"},"canonical":"https:\/\/profonanpe.org.pe\/en\/joint-statement-of-intent-reinforces-sustainable-management-with-verification-visits-in-pasco-and-huanuco\/","og_locale":"en_US","og_type":"article","og_title":"Declaraci\u00f3n Conjunta de Intenci\u00f3n refuerza la gesti\u00f3n sostenible con visitas de verificaci\u00f3n en Pasco y Hu\u00e1nuco - Profonanpe","og_description":"Foto: AMARCY &nbsp; En el marco del Proyecto Declaraci\u00f3n Conjunta de Intenci\u00f3n (DCI), liderado por el Ministerio del Ambiente (MINAM) y ejecutado por Profonanpe, se llevaron a cabo visitas de verificaci\u00f3n y acompa\u00f1amiento en las \u00e1reas de Pasco y Hu\u00e1nuco los d\u00edas 27 de septiembre y 1 de octubre.\u00a0 &nbsp; Los Sistemas Agroforestales (SAF), que [&hellip;]","og_url":"https:\/\/profonanpe.org.pe\/en\/joint-statement-of-intent-reinforces-sustainable-management-with-verification-visits-in-pasco-and-huanuco\/","og_site_name":"Profonanpe","article_published_time":"2024-10-03T23:00:17+00:00","article_modified_time":"2024-12-23T20:15:49+00:00","og_image":[{"width":1600,"height":1067,"url":"https:\/\/profonanpe.org.pe\/wp-content\/uploads\/2024\/10\/DCI-Pasco-Visita-scaled.jpg","type":"image\/jpeg"}],"author":"Comunicaciones","twitter_card":"summary_large_image","twitter_misc":{"Written by":"Comunicaciones","Est. reading time":"3 minutes"},"schema":{"@context":"https:\/\/schema.org","@graph":[{"@type":"Article","@id":"https:\/\/profonanpe.org.pe\/declaracion-conjunta-de-intencion-refuerza-la-gestion-sostenible-con-visitas-de-verificacion-en-pasco-y-huanuco\/#article","isPartOf":{"@id":"https:\/\/profonanpe.org.pe\/declaracion-conjunta-de-intencion-refuerza-la-gestion-sostenible-con-visitas-de-verificacion-en-pasco-y-huanuco\/"},"author":{"name":"Comunicaciones","@id":"https:\/\/profonanpe.org.pe\/#\/schema\/person\/6240c1280fa0faa493147e00b333ed6d"},"headline":"Declaraci\u00f3n Conjunta de Intenci\u00f3n refuerza la gesti\u00f3n sostenible con visitas de verificaci\u00f3n en Pasco y Hu\u00e1nuco","datePublished":"2024-10-03T23:00:17+00:00","dateModified":"2024-12-23T20:15:49+00:00","mainEntityOfPage":{"@id":"https:\/\/profonanpe.org.pe\/declaracion-conjunta-de-intencion-refuerza-la-gestion-sostenible-con-visitas-de-verificacion-en-pasco-y-huanuco\/"},"wordCount":404,"publisher":{"@id":"https:\/\/profonanpe.org.pe\/#organization"},"image":{"@id":"https:\/\/profonanpe.org.pe\/declaracion-conjunta-de-intencion-refuerza-la-gestion-sostenible-con-visitas-de-verificacion-en-pasco-y-huanuco\/#primaryimage"},"thumbnailUrl":"https:\/\/profonanpe.org.pe\/wp-content\/uploads\/2024\/10\/DCI-Pasco-Visita-scaled.jpg","articleSection":["Nota de prensa - Declaraci\u00f3n Conjunta","2024","Noticias"],"inLanguage":"en-US"},{"@type":"WebPage","@id":"https:\/\/profonanpe.org.pe\/declaracion-conjunta-de-intencion-refuerza-la-gestion-sostenible-con-visitas-de-verificacion-en-pasco-y-huanuco\/","url":"https:\/\/profonanpe.org.pe\/declaracion-conjunta-de-intencion-refuerza-la-gestion-sostenible-con-visitas-de-verificacion-en-pasco-y-huanuco\/","name":"Joint Declaration of Intent reinforces sustainable management with verification visits in Pasco and Hu\u00e1nuco - Profonanpe","isPartOf":{"@id":"https:\/\/profonanpe.org.pe\/#website"},"primaryImageOfPage":{"@id":"https:\/\/profonanpe.org.pe\/declaracion-conjunta-de-intencion-refuerza-la-gestion-sostenible-con-visitas-de-verificacion-en-pasco-y-huanuco\/#primaryimage"},"image":{"@id":"https:\/\/profonanpe.org.pe\/declaracion-conjunta-de-intencion-refuerza-la-gestion-sostenible-con-visitas-de-verificacion-en-pasco-y-huanuco\/#primaryimage"},"thumbnailUrl":"https:\/\/profonanpe.org.pe\/wp-content\/uploads\/2024\/10\/DCI-Pasco-Visita-scaled.jpg","datePublished":"2024-10-03T23:00:17+00:00","dateModified":"2024-12-23T20:15:49+00:00","breadcrumb":{"@id":"https:\/\/profonanpe.org.pe\/declaracion-conjunta-de-intencion-refuerza-la-gestion-sostenible-con-visitas-de-verificacion-en-pasco-y-huanuco\/#breadcrumb"},"inLanguage":"en-US","potentialAction":[{"@type":"ReadAction","target":["https:\/\/profonanpe.org.pe\/declaracion-conjunta-de-intencion-refuerza-la-gestion-sostenible-con-visitas-de-verificacion-en-pasco-y-huanuco\/"]}]},{"@type":"ImageObject","inLanguage":"en-US","@id":"https:\/\/profonanpe.org.pe\/declaracion-conjunta-de-intencion-refuerza-la-gestion-sostenible-con-visitas-de-verificacion-en-pasco-y-huanuco\/#primaryimage","url":"https:\/\/profonanpe.org.pe\/wp-content\/uploads\/2024\/10\/DCI-Pasco-Visita-scaled.jpg","contentUrl":"https:\/\/profonanpe.org.pe\/wp-content\/uploads\/2024\/10\/DCI-Pasco-Visita-scaled.jpg","width":1600,"height":1067},{"@type":"BreadcrumbList","@id":"https:\/\/profonanpe.org.pe\/declaracion-conjunta-de-intencion-refuerza-la-gestion-sostenible-con-visitas-de-verificacion-en-pasco-y-huanuco\/#breadcrumb","itemListElement":[{"@type":"ListItem","position":1,"name":"Portada","item":"https:\/\/profonanpe.org.pe\/"},{"@type":"ListItem","position":2,"name":"Declaraci\u00f3n Conjunta de Intenci\u00f3n refuerza la gesti\u00f3n sostenible con visitas de verificaci\u00f3n en Pasco y Hu\u00e1nuco"}]},{"@type":"WebSite","@id":"https:\/\/profonanpe.org.pe\/#website","url":"https:\/\/profonanpe.org.pe\/","name":"Profonanpe","description":"","publisher":{"@id":"https:\/\/profonanpe.org.pe\/#organization"},"potentialAction":[{"@type":"SearchAction","target":{"@type":"EntryPoint","urlTemplate":"https:\/\/profonanpe.org.pe\/?s={search_term_string}"},"query-input":{"@type":"PropertyValueSpecification","valueRequired":true,"valueName":"search_term_string"}}],"inLanguage":"en-US"},{"@type":"Organization","@id":"https:\/\/profonanpe.org.pe\/#organization","name":"Profonanpe","url":"https:\/\/profonanpe.org.pe\/","logo":{"@type":"ImageObject","inLanguage":"en-US","@id":"https:\/\/profonanpe.org.pe\/#\/schema\/logo\/image\/","url":"https:\/\/profonanpe.org.pe\/wp-content\/uploads\/2020\/10\/Snippet-Profonanpe-v2.jpg","contentUrl":"https:\/\/profonanpe.org.pe\/wp-content\/uploads\/2020\/10\/Snippet-Profonanpe-v2.jpg","width":524,"height":274,"caption":"Profonanpe"},"image":{"@id":"https:\/\/profonanpe.org.pe\/#\/schema\/logo\/image\/"}},{"@type":"Person","@id":"https:\/\/profonanpe.org.pe\/#\/schema\/person\/6240c1280fa0faa493147e00b333ed6d","name":"Communications","url":"https:\/\/profonanpe.org.pe\/en\/author\/comunicaciones-profonanpe\/"}]}},"_links":{"self":[{"href":"https:\/\/profonanpe.org.pe\/en\/wp-json\/wp\/v2\/posts\/37324","targetHints":{"allow":["GET"]}}],"collection":[{"href":"https:\/\/profonanpe.org.pe\/en\/wp-json\/wp\/v2\/posts"}],"about":[{"href":"https:\/\/profonanpe.org.pe\/en\/wp-json\/wp\/v2\/types\/post"}],"author":[{"embeddable":true,"href":"https:\/\/profonanpe.org.pe\/en\/wp-json\/wp\/v2\/users\/16"}],"replies":[{"embeddable":true,"href":"https:\/\/profonanpe.org.pe\/en\/wp-json\/wp\/v2\/comments?post=37324"}],"version-history":[{"count":0,"href":"https:\/\/profonanpe.org.pe\/en\/wp-json\/wp\/v2\/posts\/37324\/revisions"}],"wp:featuredmedia":[{"embeddable":true,"href":"https:\/\/profonanpe.org.pe\/en\/wp-json\/wp\/v2\/media\/37326"}],"wp:attachment":[{"href":"https:\/\/profonanpe.org.pe\/en\/wp-json\/wp\/v2\/media?parent=37324"}],"wp:term":[{"taxonomy":"category","embeddable":true,"href":"https:\/\/profonanpe.org.pe\/en\/wp-json\/wp\/v2\/categories?post=37324"},{"taxonomy":"post_tag","embeddable":true,"href":"https:\/\/profonanpe.org.pe\/en\/wp-json\/wp\/v2\/tags?post=37324"}],"curies":[{"name":"wp","href":"https:\/\/api.w.org\/{rel}","templated":true}]}}