{"id":37263,"date":"2024-09-24T22:16:37","date_gmt":"2024-09-25T03:16:37","guid":{"rendered":"https:\/\/profonanpe.org.pe\/?p=37263"},"modified":"2024-12-23T15:58:16","modified_gmt":"2024-12-23T20:58:16","slug":"profonanpe-y-consorcio-kowen-antami-firman-alianza-para-la-conservacion-de-areas-protegidas-y-el-desarrollo-sostenible-de-comunidades-ashaninka-y-yanesha","status":"publish","type":"post","link":"https:\/\/profonanpe.org.pe\/en\/profonanpe-y-consorcio-kowen-antami-firman-alianza-para-la-conservacion-de-areas-protegidas-y-el-desarrollo-sostenible-de-comunidades-ashaninka-y-yanesha\/","title":{"rendered":"Profonanpe and Consorcio Kowen Antami sign alliance for conservation of protected areas and sustainable development of Ash\u00e1ninka and Yanesha communities"},"content":{"rendered":"<p style=\"text-align: center;\">Foto: DRIS<\/p>\n<p>&nbsp;<\/p>\n<p class=\"translation-block\"><span style=\"font-weight: 400\">This <\/span><b>collaboration agreement<\/b> <b>aims to strengthen the management of<\/b> <b>Yanachaga Chemill\u00e9n National Park (PNYCH)<\/b> <b>and the San Mat\u00edas San Carlos Protection Forest (BPSMSC)<\/b><span style=\"font-weight: 400\">, through joint efforts to implement  long-term sustainability strategies.<\/span><\/p>\n<p>&nbsp;<\/p>\n<p><span style=\"font-weight: 400;\">In addition, it will focus on implementing the Amazonian Indigenous REDD+ (RIA) model, designed to reduce deforestation in indigenous territories and promote sustainable economic activities led by indigenous communities.<\/span><\/p>\n<p>&nbsp;<\/p>\n<p><span style=\"font-weight: 400;\">The Kowen Antami Consortium, comprising Sustainable Rural Development (DRIS), the Association of Ash\u00e1ninka Communities of the Pichis Valley (ANAP), the Association for the Conservation and Management of the Yanesha Communal Reserve (AMARCY), and the National Service of Protected Natural Areas (SERNANP) have signed the Management Contract for Yanachaga Chemillen National Park \u2013 PNYCH and the San Mat\u00edas San Carlos Protection Forest \u2013 BPSMSC.\u00a0<\/span><\/p>\n<p>&nbsp;<\/p>\n<p><img fetchpriority=\"high\" decoding=\"async\" class=\"aligncenter size-large wp-image-37264\" src=\"https:\/\/profonanpe.org.pe\/wp-content\/uploads\/2024\/09\/dsc_2429-1024x683.jpg\" alt=\"\" width=\"800\" height=\"534\" srcset=\"https:\/\/profonanpe.org.pe\/wp-content\/uploads\/2024\/09\/dsc_2429-1024x683.jpg 1024w, https:\/\/profonanpe.org.pe\/wp-content\/uploads\/2024\/09\/dsc_2429-300x200.jpg 300w, https:\/\/profonanpe.org.pe\/wp-content\/uploads\/2024\/09\/dsc_2429-768x512.jpg 768w, https:\/\/profonanpe.org.pe\/wp-content\/uploads\/2024\/09\/dsc_2429-1536x1024.jpg 1536w, https:\/\/profonanpe.org.pe\/wp-content\/uploads\/2024\/09\/dsc_2429-2048x1366.jpg 2048w, https:\/\/profonanpe.org.pe\/wp-content\/uploads\/2024\/09\/dsc_2429-scaled.jpg 1600w\" sizes=\"(max-width: 800px) 100vw, 800px\" \/><\/p>\n<p style=\"text-align: center;\">Foto: DRIS<\/p>\n<p>&nbsp;<\/p>\n<p><b>Profonanpe reaffirms its commitment to biodiversity<\/b><\/p>\n<p>&nbsp;<\/p>\n<p><span style=\"font-weight: 400;\">This agreement reaffirms Profonanpe\u2019s commitment to biodiversity conservation and the development of indigenous communities, promoting an innovative model of co-management in which indigenous organizations play a central role in the administration of protected areas.<\/span><\/p>\n<p>&nbsp;<\/p>\n<p><b>This is the first time a consortium has included indigenous organizations and signed a management contract for non-community-owned protected areas, marking a milestone in environmental management in the country.<\/b><\/p>","protected":false},"excerpt":{"rendered":"<p>Foto: DRIS &nbsp; Este acuerdo de colaboraci\u00f3n busca fortalecer la gesti\u00f3n del Parque Nacional Yanachaga Chemill\u00e9n (PNYCH) y del Bosque de Protecci\u00f3n San Mat\u00edas San Carlos (BPSMSC), a trav\u00e9s del trabajo conjunto para implementar\u00a0 estrategias de sostenibilidad a largo plazo. &nbsp; Adem\u00e1s, se enfocar\u00e1 en la implementaci\u00f3n del modelo REDD+ Ind\u00edgena Amaz\u00f3nico-RIA, dise\u00f1ado para reducir [&hellip;]<\/p>\n","protected":false},"author":16,"featured_media":37267,"comment_status":"closed","ping_status":"open","sticky":false,"template":"","format":"standard","meta":{"_acf_changed":false,"footnotes":""},"categories":[593,92],"tags":[635,637,639,641,643],"class_list":["post-37263","post","type-post","status-publish","format-standard","has-post-thumbnail","hentry","category-593","category-noticias","tag-firma","tag-comunidades","tag-estado","tag-gobierno","tag-participacion"],"acf":[],"yoast_head":"<!-- This site is optimized with the Yoast SEO plugin v27.4 - https:\/\/yoast.com\/product\/yoast-seo-wordpress\/ -->\n<title>Profonanpe y Consorcio Kowen Antami firman alianza para la conservaci\u00f3n de \u00e1reas protegidas y el desarrollo sostenible de comunidades Ash\u00e1ninka y Yanesha - Profonanpe<\/title>\n<meta name=\"robots\" content=\"index, follow, max-snippet:-1, max-image-preview:large, max-video-preview:-1\" \/>\n<link rel=\"canonical\" href=\"https:\/\/profonanpe.org.pe\/en\/profonanpe-y-consorcio-kowen-antami-firman-alianza-para-la-conservacion-de-areas-protegidas-y-el-desarrollo-sostenible-de-comunidades-ashaninka-y-yanesha\/\" \/>\n<meta property=\"og:locale\" content=\"en_US\" \/>\n<meta property=\"og:type\" content=\"article\" \/>\n<meta property=\"og:title\" content=\"Profonanpe y Consorcio Kowen Antami firman alianza para la conservaci\u00f3n de \u00e1reas protegidas y el desarrollo sostenible de comunidades Ash\u00e1ninka y Yanesha - Profonanpe\" \/>\n<meta property=\"og:description\" content=\"Foto: DRIS &nbsp; Este acuerdo de colaboraci\u00f3n busca fortalecer la gesti\u00f3n del Parque Nacional Yanachaga Chemill\u00e9n (PNYCH) y del Bosque de Protecci\u00f3n San Mat\u00edas San Carlos (BPSMSC), a trav\u00e9s del trabajo conjunto para implementar\u00a0 estrategias de sostenibilidad a largo plazo. &nbsp; Adem\u00e1s, se enfocar\u00e1 en la implementaci\u00f3n del modelo REDD+ Ind\u00edgena Amaz\u00f3nico-RIA, dise\u00f1ado para reducir [&hellip;]\" \/>\n<meta property=\"og:url\" content=\"https:\/\/profonanpe.org.pe\/en\/profonanpe-y-consorcio-kowen-antami-firman-alianza-para-la-conservacion-de-areas-protegidas-y-el-desarrollo-sostenible-de-comunidades-ashaninka-y-yanesha\/\" \/>\n<meta property=\"og:site_name\" content=\"Profonanpe\" \/>\n<meta property=\"article:published_time\" content=\"2024-09-25T03:16:37+00:00\" \/>\n<meta property=\"article:modified_time\" content=\"2024-12-23T20:58:16+00:00\" \/>\n<meta property=\"og:image\" content=\"https:\/\/profonanpe.org.pe\/wp-content\/uploads\/2024\/09\/dsc_2433-scaled.jpg\" \/>\n\t<meta property=\"og:image:width\" content=\"1600\" \/>\n\t<meta property=\"og:image:height\" content=\"1067\" \/>\n\t<meta property=\"og:image:type\" content=\"image\/jpeg\" \/>\n<meta name=\"author\" content=\"Comunicaciones\" \/>\n<meta name=\"twitter:card\" content=\"summary_large_image\" \/>\n<meta name=\"twitter:label1\" content=\"Written by\" \/>\n\t<meta name=\"twitter:data1\" content=\"Comunicaciones\" \/>\n\t<meta name=\"twitter:label2\" content=\"Est. reading time\" \/>\n\t<meta name=\"twitter:data2\" content=\"2 minutes\" \/>\n<script type=\"application\/ld+json\" class=\"yoast-schema-graph\">{\"@context\":\"https:\\\/\\\/schema.org\",\"@graph\":[{\"@type\":\"Article\",\"@id\":\"https:\\\/\\\/profonanpe.org.pe\\\/profonanpe-y-consorcio-kowen-antami-firman-alianza-para-la-conservacion-de-areas-protegidas-y-el-desarrollo-sostenible-de-comunidades-ashaninka-y-yanesha\\\/#article\",\"isPartOf\":{\"@id\":\"https:\\\/\\\/profonanpe.org.pe\\\/profonanpe-y-consorcio-kowen-antami-firman-alianza-para-la-conservacion-de-areas-protegidas-y-el-desarrollo-sostenible-de-comunidades-ashaninka-y-yanesha\\\/\"},\"author\":{\"name\":\"Comunicaciones\",\"@id\":\"https:\\\/\\\/profonanpe.org.pe\\\/#\\\/schema\\\/person\\\/6240c1280fa0faa493147e00b333ed6d\"},\"headline\":\"Profonanpe y Consorcio Kowen Antami firman alianza para la conservaci\u00f3n de \u00e1reas protegidas y el desarrollo sostenible de comunidades Ash\u00e1ninka y Yanesha\",\"datePublished\":\"2024-09-25T03:16:37+00:00\",\"dateModified\":\"2024-12-23T20:58:16+00:00\",\"mainEntityOfPage\":{\"@id\":\"https:\\\/\\\/profonanpe.org.pe\\\/profonanpe-y-consorcio-kowen-antami-firman-alianza-para-la-conservacion-de-areas-protegidas-y-el-desarrollo-sostenible-de-comunidades-ashaninka-y-yanesha\\\/\"},\"wordCount\":277,\"publisher\":{\"@id\":\"https:\\\/\\\/profonanpe.org.pe\\\/#organization\"},\"image\":{\"@id\":\"https:\\\/\\\/profonanpe.org.pe\\\/profonanpe-y-consorcio-kowen-antami-firman-alianza-para-la-conservacion-de-areas-protegidas-y-el-desarrollo-sostenible-de-comunidades-ashaninka-y-yanesha\\\/#primaryimage\"},\"thumbnailUrl\":\"https:\\\/\\\/profonanpe.org.pe\\\/wp-content\\\/uploads\\\/2024\\\/09\\\/dsc_2433-scaled.jpg\",\"keywords\":[\"Firma\",\"Comunidades\",\"Estado\",\"Gobierno\",\"Participaci\u00f3n\"],\"articleSection\":[\"2024\",\"Noticias\"],\"inLanguage\":\"en-US\"},{\"@type\":\"WebPage\",\"@id\":\"https:\\\/\\\/profonanpe.org.pe\\\/profonanpe-y-consorcio-kowen-antami-firman-alianza-para-la-conservacion-de-areas-protegidas-y-el-desarrollo-sostenible-de-comunidades-ashaninka-y-yanesha\\\/\",\"url\":\"https:\\\/\\\/profonanpe.org.pe\\\/profonanpe-y-consorcio-kowen-antami-firman-alianza-para-la-conservacion-de-areas-protegidas-y-el-desarrollo-sostenible-de-comunidades-ashaninka-y-yanesha\\\/\",\"name\":\"Profonanpe y Consorcio Kowen Antami firman alianza para la conservaci\u00f3n de \u00e1reas protegidas y el desarrollo sostenible de comunidades Ash\u00e1ninka y Yanesha - Profonanpe\",\"isPartOf\":{\"@id\":\"https:\\\/\\\/profonanpe.org.pe\\\/#website\"},\"primaryImageOfPage\":{\"@id\":\"https:\\\/\\\/profonanpe.org.pe\\\/profonanpe-y-consorcio-kowen-antami-firman-alianza-para-la-conservacion-de-areas-protegidas-y-el-desarrollo-sostenible-de-comunidades-ashaninka-y-yanesha\\\/#primaryimage\"},\"image\":{\"@id\":\"https:\\\/\\\/profonanpe.org.pe\\\/profonanpe-y-consorcio-kowen-antami-firman-alianza-para-la-conservacion-de-areas-protegidas-y-el-desarrollo-sostenible-de-comunidades-ashaninka-y-yanesha\\\/#primaryimage\"},\"thumbnailUrl\":\"https:\\\/\\\/profonanpe.org.pe\\\/wp-content\\\/uploads\\\/2024\\\/09\\\/dsc_2433-scaled.jpg\",\"datePublished\":\"2024-09-25T03:16:37+00:00\",\"dateModified\":\"2024-12-23T20:58:16+00:00\",\"breadcrumb\":{\"@id\":\"https:\\\/\\\/profonanpe.org.pe\\\/profonanpe-y-consorcio-kowen-antami-firman-alianza-para-la-conservacion-de-areas-protegidas-y-el-desarrollo-sostenible-de-comunidades-ashaninka-y-yanesha\\\/#breadcrumb\"},\"inLanguage\":\"en-US\",\"potentialAction\":[{\"@type\":\"ReadAction\",\"target\":[\"https:\\\/\\\/profonanpe.org.pe\\\/profonanpe-y-consorcio-kowen-antami-firman-alianza-para-la-conservacion-de-areas-protegidas-y-el-desarrollo-sostenible-de-comunidades-ashaninka-y-yanesha\\\/\"]}]},{\"@type\":\"ImageObject\",\"inLanguage\":\"en-US\",\"@id\":\"https:\\\/\\\/profonanpe.org.pe\\\/profonanpe-y-consorcio-kowen-antami-firman-alianza-para-la-conservacion-de-areas-protegidas-y-el-desarrollo-sostenible-de-comunidades-ashaninka-y-yanesha\\\/#primaryimage\",\"url\":\"https:\\\/\\\/profonanpe.org.pe\\\/wp-content\\\/uploads\\\/2024\\\/09\\\/dsc_2433-scaled.jpg\",\"contentUrl\":\"https:\\\/\\\/profonanpe.org.pe\\\/wp-content\\\/uploads\\\/2024\\\/09\\\/dsc_2433-scaled.jpg\",\"width\":1600,\"height\":1067},{\"@type\":\"BreadcrumbList\",\"@id\":\"https:\\\/\\\/profonanpe.org.pe\\\/profonanpe-y-consorcio-kowen-antami-firman-alianza-para-la-conservacion-de-areas-protegidas-y-el-desarrollo-sostenible-de-comunidades-ashaninka-y-yanesha\\\/#breadcrumb\",\"itemListElement\":[{\"@type\":\"ListItem\",\"position\":1,\"name\":\"Portada\",\"item\":\"https:\\\/\\\/profonanpe.org.pe\\\/\"},{\"@type\":\"ListItem\",\"position\":2,\"name\":\"Profonanpe y Consorcio Kowen Antami firman alianza para la conservaci\u00f3n de \u00e1reas protegidas y el desarrollo sostenible de comunidades Ash\u00e1ninka y Yanesha\"}]},{\"@type\":\"WebSite\",\"@id\":\"https:\\\/\\\/profonanpe.org.pe\\\/#website\",\"url\":\"https:\\\/\\\/profonanpe.org.pe\\\/\",\"name\":\"Profonanpe\",\"description\":\"\",\"publisher\":{\"@id\":\"https:\\\/\\\/profonanpe.org.pe\\\/#organization\"},\"potentialAction\":[{\"@type\":\"SearchAction\",\"target\":{\"@type\":\"EntryPoint\",\"urlTemplate\":\"https:\\\/\\\/profonanpe.org.pe\\\/?s={search_term_string}\"},\"query-input\":{\"@type\":\"PropertyValueSpecification\",\"valueRequired\":true,\"valueName\":\"search_term_string\"}}],\"inLanguage\":\"en-US\"},{\"@type\":\"Organization\",\"@id\":\"https:\\\/\\\/profonanpe.org.pe\\\/#organization\",\"name\":\"Profonanpe\",\"url\":\"https:\\\/\\\/profonanpe.org.pe\\\/\",\"logo\":{\"@type\":\"ImageObject\",\"inLanguage\":\"en-US\",\"@id\":\"https:\\\/\\\/profonanpe.org.pe\\\/#\\\/schema\\\/logo\\\/image\\\/\",\"url\":\"https:\\\/\\\/profonanpe.org.pe\\\/wp-content\\\/uploads\\\/2020\\\/10\\\/Snippet-Profonanpe-v2.jpg\",\"contentUrl\":\"https:\\\/\\\/profonanpe.org.pe\\\/wp-content\\\/uploads\\\/2020\\\/10\\\/Snippet-Profonanpe-v2.jpg\",\"width\":524,\"height\":274,\"caption\":\"Profonanpe\"},\"image\":{\"@id\":\"https:\\\/\\\/profonanpe.org.pe\\\/#\\\/schema\\\/logo\\\/image\\\/\"}},{\"@type\":\"Person\",\"@id\":\"https:\\\/\\\/profonanpe.org.pe\\\/#\\\/schema\\\/person\\\/6240c1280fa0faa493147e00b333ed6d\",\"name\":\"Comunicaciones\",\"url\":\"https:\\\/\\\/profonanpe.org.pe\\\/en\\\/author\\\/comunicaciones-profonanpe\\\/\"}]}<\/script>\n<!-- \/ Yoast SEO plugin. -->","yoast_head_json":{"title":"Profonanpe and Consorcio Kowen Antami sign alliance for conservation of protected areas and sustainable development of Ash\u00e1ninka and Yanesha communities","robots":{"index":"index","follow":"follow","max-snippet":"max-snippet:-1","max-image-preview":"max-image-preview:large","max-video-preview":"max-video-preview:-1"},"canonical":"https:\/\/profonanpe.org.pe\/en\/profonanpe-y-consorcio-kowen-antami-firman-alianza-para-la-conservacion-de-areas-protegidas-y-el-desarrollo-sostenible-de-comunidades-ashaninka-y-yanesha\/","og_locale":"en_US","og_type":"article","og_title":"Profonanpe y Consorcio Kowen Antami firman alianza para la conservaci\u00f3n de \u00e1reas protegidas y el desarrollo sostenible de comunidades Ash\u00e1ninka y Yanesha - Profonanpe","og_description":"Foto: DRIS &nbsp; Este acuerdo de colaboraci\u00f3n busca fortalecer la gesti\u00f3n del Parque Nacional Yanachaga Chemill\u00e9n (PNYCH) y del Bosque de Protecci\u00f3n San Mat\u00edas San Carlos (BPSMSC), a trav\u00e9s del trabajo conjunto para implementar\u00a0 estrategias de sostenibilidad a largo plazo. &nbsp; Adem\u00e1s, se enfocar\u00e1 en la implementaci\u00f3n del modelo REDD+ Ind\u00edgena Amaz\u00f3nico-RIA, dise\u00f1ado para reducir [&hellip;]","og_url":"https:\/\/profonanpe.org.pe\/en\/profonanpe-y-consorcio-kowen-antami-firman-alianza-para-la-conservacion-de-areas-protegidas-y-el-desarrollo-sostenible-de-comunidades-ashaninka-y-yanesha\/","og_site_name":"Profonanpe","article_published_time":"2024-09-25T03:16:37+00:00","article_modified_time":"2024-12-23T20:58:16+00:00","og_image":[{"width":1600,"height":1067,"url":"https:\/\/profonanpe.org.pe\/wp-content\/uploads\/2024\/09\/dsc_2433-scaled.jpg","type":"image\/jpeg"}],"author":"Comunicaciones","twitter_card":"summary_large_image","twitter_misc":{"Written by":"Comunicaciones","Est. reading time":"2 minutes"},"schema":{"@context":"https:\/\/schema.org","@graph":[{"@type":"Article","@id":"https:\/\/profonanpe.org.pe\/profonanpe-y-consorcio-kowen-antami-firman-alianza-para-la-conservacion-de-areas-protegidas-y-el-desarrollo-sostenible-de-comunidades-ashaninka-y-yanesha\/#article","isPartOf":{"@id":"https:\/\/profonanpe.org.pe\/profonanpe-y-consorcio-kowen-antami-firman-alianza-para-la-conservacion-de-areas-protegidas-y-el-desarrollo-sostenible-de-comunidades-ashaninka-y-yanesha\/"},"author":{"name":"Comunicaciones","@id":"https:\/\/profonanpe.org.pe\/#\/schema\/person\/6240c1280fa0faa493147e00b333ed6d"},"headline":"Profonanpe y Consorcio Kowen Antami firman alianza para la conservaci\u00f3n de \u00e1reas protegidas y el desarrollo sostenible de comunidades Ash\u00e1ninka y Yanesha","datePublished":"2024-09-25T03:16:37+00:00","dateModified":"2024-12-23T20:58:16+00:00","mainEntityOfPage":{"@id":"https:\/\/profonanpe.org.pe\/profonanpe-y-consorcio-kowen-antami-firman-alianza-para-la-conservacion-de-areas-protegidas-y-el-desarrollo-sostenible-de-comunidades-ashaninka-y-yanesha\/"},"wordCount":277,"publisher":{"@id":"https:\/\/profonanpe.org.pe\/#organization"},"image":{"@id":"https:\/\/profonanpe.org.pe\/profonanpe-y-consorcio-kowen-antami-firman-alianza-para-la-conservacion-de-areas-protegidas-y-el-desarrollo-sostenible-de-comunidades-ashaninka-y-yanesha\/#primaryimage"},"thumbnailUrl":"https:\/\/profonanpe.org.pe\/wp-content\/uploads\/2024\/09\/dsc_2433-scaled.jpg","keywords":["Firma","Comunidades","Estado","Gobierno","Participaci\u00f3n"],"articleSection":["2024","Noticias"],"inLanguage":"en-US"},{"@type":"WebPage","@id":"https:\/\/profonanpe.org.pe\/profonanpe-y-consorcio-kowen-antami-firman-alianza-para-la-conservacion-de-areas-protegidas-y-el-desarrollo-sostenible-de-comunidades-ashaninka-y-yanesha\/","url":"https:\/\/profonanpe.org.pe\/profonanpe-y-consorcio-kowen-antami-firman-alianza-para-la-conservacion-de-areas-protegidas-y-el-desarrollo-sostenible-de-comunidades-ashaninka-y-yanesha\/","name":"Profonanpe and Consorcio Kowen Antami sign alliance for conservation of protected areas and sustainable development of Ash\u00e1ninka and Yanesha communities","isPartOf":{"@id":"https:\/\/profonanpe.org.pe\/#website"},"primaryImageOfPage":{"@id":"https:\/\/profonanpe.org.pe\/profonanpe-y-consorcio-kowen-antami-firman-alianza-para-la-conservacion-de-areas-protegidas-y-el-desarrollo-sostenible-de-comunidades-ashaninka-y-yanesha\/#primaryimage"},"image":{"@id":"https:\/\/profonanpe.org.pe\/profonanpe-y-consorcio-kowen-antami-firman-alianza-para-la-conservacion-de-areas-protegidas-y-el-desarrollo-sostenible-de-comunidades-ashaninka-y-yanesha\/#primaryimage"},"thumbnailUrl":"https:\/\/profonanpe.org.pe\/wp-content\/uploads\/2024\/09\/dsc_2433-scaled.jpg","datePublished":"2024-09-25T03:16:37+00:00","dateModified":"2024-12-23T20:58:16+00:00","breadcrumb":{"@id":"https:\/\/profonanpe.org.pe\/profonanpe-y-consorcio-kowen-antami-firman-alianza-para-la-conservacion-de-areas-protegidas-y-el-desarrollo-sostenible-de-comunidades-ashaninka-y-yanesha\/#breadcrumb"},"inLanguage":"en-US","potentialAction":[{"@type":"ReadAction","target":["https:\/\/profonanpe.org.pe\/profonanpe-y-consorcio-kowen-antami-firman-alianza-para-la-conservacion-de-areas-protegidas-y-el-desarrollo-sostenible-de-comunidades-ashaninka-y-yanesha\/"]}]},{"@type":"ImageObject","inLanguage":"en-US","@id":"https:\/\/profonanpe.org.pe\/profonanpe-y-consorcio-kowen-antami-firman-alianza-para-la-conservacion-de-areas-protegidas-y-el-desarrollo-sostenible-de-comunidades-ashaninka-y-yanesha\/#primaryimage","url":"https:\/\/profonanpe.org.pe\/wp-content\/uploads\/2024\/09\/dsc_2433-scaled.jpg","contentUrl":"https:\/\/profonanpe.org.pe\/wp-content\/uploads\/2024\/09\/dsc_2433-scaled.jpg","width":1600,"height":1067},{"@type":"BreadcrumbList","@id":"https:\/\/profonanpe.org.pe\/profonanpe-y-consorcio-kowen-antami-firman-alianza-para-la-conservacion-de-areas-protegidas-y-el-desarrollo-sostenible-de-comunidades-ashaninka-y-yanesha\/#breadcrumb","itemListElement":[{"@type":"ListItem","position":1,"name":"Portada","item":"https:\/\/profonanpe.org.pe\/"},{"@type":"ListItem","position":2,"name":"Profonanpe y Consorcio Kowen Antami firman alianza para la conservaci\u00f3n de \u00e1reas protegidas y el desarrollo sostenible de comunidades Ash\u00e1ninka y Yanesha"}]},{"@type":"WebSite","@id":"https:\/\/profonanpe.org.pe\/#website","url":"https:\/\/profonanpe.org.pe\/","name":"Profonanpe","description":"","publisher":{"@id":"https:\/\/profonanpe.org.pe\/#organization"},"potentialAction":[{"@type":"SearchAction","target":{"@type":"EntryPoint","urlTemplate":"https:\/\/profonanpe.org.pe\/?s={search_term_string}"},"query-input":{"@type":"PropertyValueSpecification","valueRequired":true,"valueName":"search_term_string"}}],"inLanguage":"en-US"},{"@type":"Organization","@id":"https:\/\/profonanpe.org.pe\/#organization","name":"Profonanpe","url":"https:\/\/profonanpe.org.pe\/","logo":{"@type":"ImageObject","inLanguage":"en-US","@id":"https:\/\/profonanpe.org.pe\/#\/schema\/logo\/image\/","url":"https:\/\/profonanpe.org.pe\/wp-content\/uploads\/2020\/10\/Snippet-Profonanpe-v2.jpg","contentUrl":"https:\/\/profonanpe.org.pe\/wp-content\/uploads\/2020\/10\/Snippet-Profonanpe-v2.jpg","width":524,"height":274,"caption":"Profonanpe"},"image":{"@id":"https:\/\/profonanpe.org.pe\/#\/schema\/logo\/image\/"}},{"@type":"Person","@id":"https:\/\/profonanpe.org.pe\/#\/schema\/person\/6240c1280fa0faa493147e00b333ed6d","name":"Communications","url":"https:\/\/profonanpe.org.pe\/en\/author\/comunicaciones-profonanpe\/"}]}},"_links":{"self":[{"href":"https:\/\/profonanpe.org.pe\/en\/wp-json\/wp\/v2\/posts\/37263","targetHints":{"allow":["GET"]}}],"collection":[{"href":"https:\/\/profonanpe.org.pe\/en\/wp-json\/wp\/v2\/posts"}],"about":[{"href":"https:\/\/profonanpe.org.pe\/en\/wp-json\/wp\/v2\/types\/post"}],"author":[{"embeddable":true,"href":"https:\/\/profonanpe.org.pe\/en\/wp-json\/wp\/v2\/users\/16"}],"replies":[{"embeddable":true,"href":"https:\/\/profonanpe.org.pe\/en\/wp-json\/wp\/v2\/comments?post=37263"}],"version-history":[{"count":0,"href":"https:\/\/profonanpe.org.pe\/en\/wp-json\/wp\/v2\/posts\/37263\/revisions"}],"wp:featuredmedia":[{"embeddable":true,"href":"https:\/\/profonanpe.org.pe\/en\/wp-json\/wp\/v2\/media\/37267"}],"wp:attachment":[{"href":"https:\/\/profonanpe.org.pe\/en\/wp-json\/wp\/v2\/media?parent=37263"}],"wp:term":[{"taxonomy":"category","embeddable":true,"href":"https:\/\/profonanpe.org.pe\/en\/wp-json\/wp\/v2\/categories?post=37263"},{"taxonomy":"post_tag","embeddable":true,"href":"https:\/\/profonanpe.org.pe\/en\/wp-json\/wp\/v2\/tags?post=37263"}],"curies":[{"name":"wp","href":"https:\/\/api.w.org\/{rel}","templated":true}]}}