{"id":36979,"date":"2024-09-03T10:39:48","date_gmt":"2024-09-03T15:39:48","guid":{"rendered":"https:\/\/profonanpe.org.pe\/?p=36979"},"modified":"2024-12-23T17:19:19","modified_gmt":"2024-12-23T22:19:19","slug":"dialogo-sobre-la-declaracion-conjunta-de-intencion-evaluacion-y-futuro-a-10-anos-de-su-implementacion","status":"publish","type":"post","link":"https:\/\/profonanpe.org.pe\/en\/dialogo-sobre-la-declaracion-conjunta-de-intencion-evaluacion-y-futuro-a-10-anos-de-su-implementacion\/","title":{"rendered":"Dialogue on the Joint Declaration of Intent: Assessment and future 10 years after its implementation"},"content":{"rendered":"<p style=\"text-align: center;\"><strong>Foto: MINAM<\/strong><\/p>\n<p>&nbsp;<\/p>\n<p class=\"translation-block\">The Joint Declaration of Intent (JDI) on REDD+ between Peru, Norway, and Germany was signed in September 2014 with the aim of <strong>significantly reducing greenhouse gas emissions from the land-use sector<\/strong> to contribute to the goal of reducing greenhouse gas emissions by 40% by 2030.<\/p>\n<p>&nbsp;<\/p>\n<p class=\"translation-block\">Later, in May 2021, the agreement was extended for five years and welcomed new partners (the United Kingdom) and observers (USAID), reaffirming the global commitment to sustainability. Consequently, on August 29, representatives from Peru, Norway, Germany, the United Kingdom, and the U.S. Agency for International Development met to <strong>assess the current status and future prospects of the Joint Declaration of Intent (DCI) on REDD+.<\/strong><\/p>\n<p>&nbsp;<\/p>\n<p class=\"translation-block\">Ten years after its signing, <strong>the DCI has been instrumental in reducing deforestation in the Peruvian Amazon, mobilizing resources and efforts to protect one of the planet\u2019s most important ecosystems<\/strong>. This event focused on analyzing the achievements to date and charting a course for the future, in a context where international collaboration and the commitment of local stakeholders are more necessary than ever.<\/p>\n<p>&nbsp;<\/p>\n<p>The event was attended by officials and experts, who offered valuable insights into the achievements made and the challenges ahead. Berioska Quispe, Director General of Climate Change and Desertification (DGCCD) at MINAM, presented an update on the DCI, followed by a presentation on the support provided by the UN-REDD+ Program.<\/p>\n<p>&nbsp;<\/p>\n<p>Representing Profonanpe were Anton Willems, Executive Director of Profonanpe, and Cecilia Flores, DCI Project Manager at Profonanpe, who noted that the DCI\u2019s anniversary is a crucial moment to reflect on the progress made and to strengthen our commitment to reducing deforestation.<\/p>\n<p>&nbsp;<\/p>\n<blockquote><p class=\"translation-block\"><strong>\u201cThis event not only celebrates ten years of working together, but also provides us with a platform to discuss future strategies and strengthen our collaboration with all stakeholders,\u201d<\/strong> Cecilia noted.<\/p>\n<p>&nbsp;<\/p><\/blockquote>\n<p>In the second part of the program, representatives from various sectors, Amazonian regional governments, the central government, and indigenous organizations shared their perspectives and challenges regarding the impact of the DCI in their respective areas of operation. The event concluded with a discussion among participants to draw conclusions and determine the next steps.<\/p>","protected":false},"excerpt":{"rendered":"<p>Foto: MINAM &nbsp; La Declaraci\u00f3n Conjunta de Intenci\u00f3n (DCI) sobre REDD+ entre Per\u00fa, Noruega y Alemania fue firmada en septiembre del 2014 con la finalidad de reducir significativamente las emisiones de gases de efecto invernadero del sector uso de la tierra para contribuir a la meta de reducir en 40% las emisiones de gases de [&hellip;]<\/p>\n","protected":false},"author":16,"featured_media":36980,"comment_status":"closed","ping_status":"open","sticky":false,"template":"","format":"standard","meta":{"_acf_changed":false,"footnotes":""},"categories":[679,593,92],"tags":[],"class_list":["post-36979","post","type-post","status-publish","format-standard","has-post-thumbnail","hentry","category-nota-de-prensa-declaracion-conjunta","category-593","category-noticias"],"acf":[],"yoast_head":"<!-- This site is optimized with the Yoast SEO plugin v27.4 - https:\/\/yoast.com\/product\/yoast-seo-wordpress\/ -->\n<title>Di\u00e1logo sobre la Declaraci\u00f3n Conjunta de Intenci\u00f3n: Evaluaci\u00f3n y futuro a 10 a\u00f1os de su implementaci\u00f3n - Profonanpe<\/title>\n<meta name=\"robots\" content=\"index, follow, max-snippet:-1, max-image-preview:large, max-video-preview:-1\" \/>\n<link rel=\"canonical\" href=\"https:\/\/profonanpe.org.pe\/en\/dialogo-sobre-la-declaracion-conjunta-de-intencion-evaluacion-y-futuro-a-10-anos-de-su-implementacion\/\" \/>\n<meta property=\"og:locale\" content=\"en_US\" \/>\n<meta property=\"og:type\" content=\"article\" \/>\n<meta property=\"og:title\" content=\"Di\u00e1logo sobre la Declaraci\u00f3n Conjunta de Intenci\u00f3n: Evaluaci\u00f3n y futuro a 10 a\u00f1os de su implementaci\u00f3n - Profonanpe\" \/>\n<meta property=\"og:description\" content=\"Foto: MINAM &nbsp; La Declaraci\u00f3n Conjunta de Intenci\u00f3n (DCI) sobre REDD+ entre Per\u00fa, Noruega y Alemania fue firmada en septiembre del 2014 con la finalidad de reducir significativamente las emisiones de gases de efecto invernadero del sector uso de la tierra para contribuir a la meta de reducir en 40% las emisiones de gases de [&hellip;]\" \/>\n<meta property=\"og:url\" content=\"https:\/\/profonanpe.org.pe\/en\/dialogo-sobre-la-declaracion-conjunta-de-intencion-evaluacion-y-futuro-a-10-anos-de-su-implementacion\/\" \/>\n<meta property=\"og:site_name\" content=\"Profonanpe\" \/>\n<meta property=\"article:published_time\" content=\"2024-09-03T15:39:48+00:00\" \/>\n<meta property=\"article:modified_time\" content=\"2024-12-23T22:19:19+00:00\" \/>\n<meta property=\"og:image\" content=\"https:\/\/profonanpe.org.pe\/wp-content\/uploads\/2024\/09\/Captura-de-pantalla-2024-09-03-a-las-10.39.01.png\" \/>\n\t<meta property=\"og:image:width\" content=\"864\" \/>\n\t<meta property=\"og:image:height\" content=\"636\" \/>\n\t<meta property=\"og:image:type\" content=\"image\/png\" \/>\n<meta name=\"author\" content=\"Comunicaciones\" \/>\n<meta name=\"twitter:card\" content=\"summary_large_image\" \/>\n<meta name=\"twitter:label1\" content=\"Written by\" \/>\n\t<meta name=\"twitter:data1\" content=\"Comunicaciones\" \/>\n\t<meta name=\"twitter:label2\" content=\"Est. reading time\" \/>\n\t<meta name=\"twitter:data2\" content=\"2 minutes\" \/>\n<script type=\"application\/ld+json\" class=\"yoast-schema-graph\">{\"@context\":\"https:\\\/\\\/schema.org\",\"@graph\":[{\"@type\":\"Article\",\"@id\":\"https:\\\/\\\/profonanpe.org.pe\\\/dialogo-sobre-la-declaracion-conjunta-de-intencion-evaluacion-y-futuro-a-10-anos-de-su-implementacion\\\/#article\",\"isPartOf\":{\"@id\":\"https:\\\/\\\/profonanpe.org.pe\\\/dialogo-sobre-la-declaracion-conjunta-de-intencion-evaluacion-y-futuro-a-10-anos-de-su-implementacion\\\/\"},\"author\":{\"name\":\"Comunicaciones\",\"@id\":\"https:\\\/\\\/profonanpe.org.pe\\\/#\\\/schema\\\/person\\\/6240c1280fa0faa493147e00b333ed6d\"},\"headline\":\"Di\u00e1logo sobre la Declaraci\u00f3n Conjunta de Intenci\u00f3n: Evaluaci\u00f3n y futuro a 10 a\u00f1os de su implementaci\u00f3n\",\"datePublished\":\"2024-09-03T15:39:48+00:00\",\"dateModified\":\"2024-12-23T22:19:19+00:00\",\"mainEntityOfPage\":{\"@id\":\"https:\\\/\\\/profonanpe.org.pe\\\/dialogo-sobre-la-declaracion-conjunta-de-intencion-evaluacion-y-futuro-a-10-anos-de-su-implementacion\\\/\"},\"wordCount\":448,\"publisher\":{\"@id\":\"https:\\\/\\\/profonanpe.org.pe\\\/#organization\"},\"image\":{\"@id\":\"https:\\\/\\\/profonanpe.org.pe\\\/dialogo-sobre-la-declaracion-conjunta-de-intencion-evaluacion-y-futuro-a-10-anos-de-su-implementacion\\\/#primaryimage\"},\"thumbnailUrl\":\"https:\\\/\\\/profonanpe.org.pe\\\/wp-content\\\/uploads\\\/2024\\\/09\\\/Captura-de-pantalla-2024-09-03-a-las-10.39.01.png\",\"articleSection\":[\"Nota de prensa - Declaraci\u00f3n Conjunta\",\"2024\",\"Noticias\"],\"inLanguage\":\"en-US\"},{\"@type\":\"WebPage\",\"@id\":\"https:\\\/\\\/profonanpe.org.pe\\\/dialogo-sobre-la-declaracion-conjunta-de-intencion-evaluacion-y-futuro-a-10-anos-de-su-implementacion\\\/\",\"url\":\"https:\\\/\\\/profonanpe.org.pe\\\/dialogo-sobre-la-declaracion-conjunta-de-intencion-evaluacion-y-futuro-a-10-anos-de-su-implementacion\\\/\",\"name\":\"Di\u00e1logo sobre la Declaraci\u00f3n Conjunta de Intenci\u00f3n: Evaluaci\u00f3n y futuro a 10 a\u00f1os de su implementaci\u00f3n - Profonanpe\",\"isPartOf\":{\"@id\":\"https:\\\/\\\/profonanpe.org.pe\\\/#website\"},\"primaryImageOfPage\":{\"@id\":\"https:\\\/\\\/profonanpe.org.pe\\\/dialogo-sobre-la-declaracion-conjunta-de-intencion-evaluacion-y-futuro-a-10-anos-de-su-implementacion\\\/#primaryimage\"},\"image\":{\"@id\":\"https:\\\/\\\/profonanpe.org.pe\\\/dialogo-sobre-la-declaracion-conjunta-de-intencion-evaluacion-y-futuro-a-10-anos-de-su-implementacion\\\/#primaryimage\"},\"thumbnailUrl\":\"https:\\\/\\\/profonanpe.org.pe\\\/wp-content\\\/uploads\\\/2024\\\/09\\\/Captura-de-pantalla-2024-09-03-a-las-10.39.01.png\",\"datePublished\":\"2024-09-03T15:39:48+00:00\",\"dateModified\":\"2024-12-23T22:19:19+00:00\",\"breadcrumb\":{\"@id\":\"https:\\\/\\\/profonanpe.org.pe\\\/dialogo-sobre-la-declaracion-conjunta-de-intencion-evaluacion-y-futuro-a-10-anos-de-su-implementacion\\\/#breadcrumb\"},\"inLanguage\":\"en-US\",\"potentialAction\":[{\"@type\":\"ReadAction\",\"target\":[\"https:\\\/\\\/profonanpe.org.pe\\\/dialogo-sobre-la-declaracion-conjunta-de-intencion-evaluacion-y-futuro-a-10-anos-de-su-implementacion\\\/\"]}]},{\"@type\":\"ImageObject\",\"inLanguage\":\"en-US\",\"@id\":\"https:\\\/\\\/profonanpe.org.pe\\\/dialogo-sobre-la-declaracion-conjunta-de-intencion-evaluacion-y-futuro-a-10-anos-de-su-implementacion\\\/#primaryimage\",\"url\":\"https:\\\/\\\/profonanpe.org.pe\\\/wp-content\\\/uploads\\\/2024\\\/09\\\/Captura-de-pantalla-2024-09-03-a-las-10.39.01.png\",\"contentUrl\":\"https:\\\/\\\/profonanpe.org.pe\\\/wp-content\\\/uploads\\\/2024\\\/09\\\/Captura-de-pantalla-2024-09-03-a-las-10.39.01.png\",\"width\":864,\"height\":636},{\"@type\":\"BreadcrumbList\",\"@id\":\"https:\\\/\\\/profonanpe.org.pe\\\/dialogo-sobre-la-declaracion-conjunta-de-intencion-evaluacion-y-futuro-a-10-anos-de-su-implementacion\\\/#breadcrumb\",\"itemListElement\":[{\"@type\":\"ListItem\",\"position\":1,\"name\":\"Portada\",\"item\":\"https:\\\/\\\/profonanpe.org.pe\\\/\"},{\"@type\":\"ListItem\",\"position\":2,\"name\":\"Di\u00e1logo sobre la Declaraci\u00f3n Conjunta de Intenci\u00f3n: Evaluaci\u00f3n y futuro a 10 a\u00f1os de su implementaci\u00f3n\"}]},{\"@type\":\"WebSite\",\"@id\":\"https:\\\/\\\/profonanpe.org.pe\\\/#website\",\"url\":\"https:\\\/\\\/profonanpe.org.pe\\\/\",\"name\":\"Profonanpe\",\"description\":\"\",\"publisher\":{\"@id\":\"https:\\\/\\\/profonanpe.org.pe\\\/#organization\"},\"potentialAction\":[{\"@type\":\"SearchAction\",\"target\":{\"@type\":\"EntryPoint\",\"urlTemplate\":\"https:\\\/\\\/profonanpe.org.pe\\\/?s={search_term_string}\"},\"query-input\":{\"@type\":\"PropertyValueSpecification\",\"valueRequired\":true,\"valueName\":\"search_term_string\"}}],\"inLanguage\":\"en-US\"},{\"@type\":\"Organization\",\"@id\":\"https:\\\/\\\/profonanpe.org.pe\\\/#organization\",\"name\":\"Profonanpe\",\"url\":\"https:\\\/\\\/profonanpe.org.pe\\\/\",\"logo\":{\"@type\":\"ImageObject\",\"inLanguage\":\"en-US\",\"@id\":\"https:\\\/\\\/profonanpe.org.pe\\\/#\\\/schema\\\/logo\\\/image\\\/\",\"url\":\"https:\\\/\\\/profonanpe.org.pe\\\/wp-content\\\/uploads\\\/2020\\\/10\\\/Snippet-Profonanpe-v2.jpg\",\"contentUrl\":\"https:\\\/\\\/profonanpe.org.pe\\\/wp-content\\\/uploads\\\/2020\\\/10\\\/Snippet-Profonanpe-v2.jpg\",\"width\":524,\"height\":274,\"caption\":\"Profonanpe\"},\"image\":{\"@id\":\"https:\\\/\\\/profonanpe.org.pe\\\/#\\\/schema\\\/logo\\\/image\\\/\"}},{\"@type\":\"Person\",\"@id\":\"https:\\\/\\\/profonanpe.org.pe\\\/#\\\/schema\\\/person\\\/6240c1280fa0faa493147e00b333ed6d\",\"name\":\"Comunicaciones\",\"url\":\"https:\\\/\\\/profonanpe.org.pe\\\/en\\\/author\\\/comunicaciones-profonanpe\\\/\"}]}<\/script>\n<!-- \/ Yoast SEO plugin. -->","yoast_head_json":{"title":"Di\u00e1logo sobre la Declaraci\u00f3n Conjunta de Intenci\u00f3n: Evaluaci\u00f3n y futuro a 10 a\u00f1os de su implementaci\u00f3n - Profonanpe","robots":{"index":"index","follow":"follow","max-snippet":"max-snippet:-1","max-image-preview":"max-image-preview:large","max-video-preview":"max-video-preview:-1"},"canonical":"https:\/\/profonanpe.org.pe\/en\/dialogo-sobre-la-declaracion-conjunta-de-intencion-evaluacion-y-futuro-a-10-anos-de-su-implementacion\/","og_locale":"en_US","og_type":"article","og_title":"Di\u00e1logo sobre la Declaraci\u00f3n Conjunta de Intenci\u00f3n: Evaluaci\u00f3n y futuro a 10 a\u00f1os de su implementaci\u00f3n - Profonanpe","og_description":"Foto: MINAM &nbsp; La Declaraci\u00f3n Conjunta de Intenci\u00f3n (DCI) sobre REDD+ entre Per\u00fa, Noruega y Alemania fue firmada en septiembre del 2014 con la finalidad de reducir significativamente las emisiones de gases de efecto invernadero del sector uso de la tierra para contribuir a la meta de reducir en 40% las emisiones de gases de [&hellip;]","og_url":"https:\/\/profonanpe.org.pe\/en\/dialogo-sobre-la-declaracion-conjunta-de-intencion-evaluacion-y-futuro-a-10-anos-de-su-implementacion\/","og_site_name":"Profonanpe","article_published_time":"2024-09-03T15:39:48+00:00","article_modified_time":"2024-12-23T22:19:19+00:00","og_image":[{"width":864,"height":636,"url":"https:\/\/profonanpe.org.pe\/wp-content\/uploads\/2024\/09\/Captura-de-pantalla-2024-09-03-a-las-10.39.01.png","type":"image\/png"}],"author":"Comunicaciones","twitter_card":"summary_large_image","twitter_misc":{"Written by":"Comunicaciones","Est. reading time":"2 minutes"},"schema":{"@context":"https:\/\/schema.org","@graph":[{"@type":"Article","@id":"https:\/\/profonanpe.org.pe\/dialogo-sobre-la-declaracion-conjunta-de-intencion-evaluacion-y-futuro-a-10-anos-de-su-implementacion\/#article","isPartOf":{"@id":"https:\/\/profonanpe.org.pe\/dialogo-sobre-la-declaracion-conjunta-de-intencion-evaluacion-y-futuro-a-10-anos-de-su-implementacion\/"},"author":{"name":"Comunicaciones","@id":"https:\/\/profonanpe.org.pe\/#\/schema\/person\/6240c1280fa0faa493147e00b333ed6d"},"headline":"Di\u00e1logo sobre la Declaraci\u00f3n Conjunta de Intenci\u00f3n: Evaluaci\u00f3n y futuro a 10 a\u00f1os de su implementaci\u00f3n","datePublished":"2024-09-03T15:39:48+00:00","dateModified":"2024-12-23T22:19:19+00:00","mainEntityOfPage":{"@id":"https:\/\/profonanpe.org.pe\/dialogo-sobre-la-declaracion-conjunta-de-intencion-evaluacion-y-futuro-a-10-anos-de-su-implementacion\/"},"wordCount":448,"publisher":{"@id":"https:\/\/profonanpe.org.pe\/#organization"},"image":{"@id":"https:\/\/profonanpe.org.pe\/dialogo-sobre-la-declaracion-conjunta-de-intencion-evaluacion-y-futuro-a-10-anos-de-su-implementacion\/#primaryimage"},"thumbnailUrl":"https:\/\/profonanpe.org.pe\/wp-content\/uploads\/2024\/09\/Captura-de-pantalla-2024-09-03-a-las-10.39.01.png","articleSection":["Nota de prensa - Declaraci\u00f3n Conjunta","2024","Noticias"],"inLanguage":"en-US"},{"@type":"WebPage","@id":"https:\/\/profonanpe.org.pe\/dialogo-sobre-la-declaracion-conjunta-de-intencion-evaluacion-y-futuro-a-10-anos-de-su-implementacion\/","url":"https:\/\/profonanpe.org.pe\/dialogo-sobre-la-declaracion-conjunta-de-intencion-evaluacion-y-futuro-a-10-anos-de-su-implementacion\/","name":"Di\u00e1logo sobre la Declaraci\u00f3n Conjunta de Intenci\u00f3n: Evaluaci\u00f3n y futuro a 10 a\u00f1os de su implementaci\u00f3n - Profonanpe","isPartOf":{"@id":"https:\/\/profonanpe.org.pe\/#website"},"primaryImageOfPage":{"@id":"https:\/\/profonanpe.org.pe\/dialogo-sobre-la-declaracion-conjunta-de-intencion-evaluacion-y-futuro-a-10-anos-de-su-implementacion\/#primaryimage"},"image":{"@id":"https:\/\/profonanpe.org.pe\/dialogo-sobre-la-declaracion-conjunta-de-intencion-evaluacion-y-futuro-a-10-anos-de-su-implementacion\/#primaryimage"},"thumbnailUrl":"https:\/\/profonanpe.org.pe\/wp-content\/uploads\/2024\/09\/Captura-de-pantalla-2024-09-03-a-las-10.39.01.png","datePublished":"2024-09-03T15:39:48+00:00","dateModified":"2024-12-23T22:19:19+00:00","breadcrumb":{"@id":"https:\/\/profonanpe.org.pe\/dialogo-sobre-la-declaracion-conjunta-de-intencion-evaluacion-y-futuro-a-10-anos-de-su-implementacion\/#breadcrumb"},"inLanguage":"en-US","potentialAction":[{"@type":"ReadAction","target":["https:\/\/profonanpe.org.pe\/dialogo-sobre-la-declaracion-conjunta-de-intencion-evaluacion-y-futuro-a-10-anos-de-su-implementacion\/"]}]},{"@type":"ImageObject","inLanguage":"en-US","@id":"https:\/\/profonanpe.org.pe\/dialogo-sobre-la-declaracion-conjunta-de-intencion-evaluacion-y-futuro-a-10-anos-de-su-implementacion\/#primaryimage","url":"https:\/\/profonanpe.org.pe\/wp-content\/uploads\/2024\/09\/Captura-de-pantalla-2024-09-03-a-las-10.39.01.png","contentUrl":"https:\/\/profonanpe.org.pe\/wp-content\/uploads\/2024\/09\/Captura-de-pantalla-2024-09-03-a-las-10.39.01.png","width":864,"height":636},{"@type":"BreadcrumbList","@id":"https:\/\/profonanpe.org.pe\/dialogo-sobre-la-declaracion-conjunta-de-intencion-evaluacion-y-futuro-a-10-anos-de-su-implementacion\/#breadcrumb","itemListElement":[{"@type":"ListItem","position":1,"name":"Portada","item":"https:\/\/profonanpe.org.pe\/"},{"@type":"ListItem","position":2,"name":"Di\u00e1logo sobre la Declaraci\u00f3n Conjunta de Intenci\u00f3n: Evaluaci\u00f3n y futuro a 10 a\u00f1os de su implementaci\u00f3n"}]},{"@type":"WebSite","@id":"https:\/\/profonanpe.org.pe\/#website","url":"https:\/\/profonanpe.org.pe\/","name":"Profonanpe","description":"","publisher":{"@id":"https:\/\/profonanpe.org.pe\/#organization"},"potentialAction":[{"@type":"SearchAction","target":{"@type":"EntryPoint","urlTemplate":"https:\/\/profonanpe.org.pe\/?s={search_term_string}"},"query-input":{"@type":"PropertyValueSpecification","valueRequired":true,"valueName":"search_term_string"}}],"inLanguage":"en-US"},{"@type":"Organization","@id":"https:\/\/profonanpe.org.pe\/#organization","name":"Profonanpe","url":"https:\/\/profonanpe.org.pe\/","logo":{"@type":"ImageObject","inLanguage":"en-US","@id":"https:\/\/profonanpe.org.pe\/#\/schema\/logo\/image\/","url":"https:\/\/profonanpe.org.pe\/wp-content\/uploads\/2020\/10\/Snippet-Profonanpe-v2.jpg","contentUrl":"https:\/\/profonanpe.org.pe\/wp-content\/uploads\/2020\/10\/Snippet-Profonanpe-v2.jpg","width":524,"height":274,"caption":"Profonanpe"},"image":{"@id":"https:\/\/profonanpe.org.pe\/#\/schema\/logo\/image\/"}},{"@type":"Person","@id":"https:\/\/profonanpe.org.pe\/#\/schema\/person\/6240c1280fa0faa493147e00b333ed6d","name":"Communications","url":"https:\/\/profonanpe.org.pe\/en\/author\/comunicaciones-profonanpe\/"}]}},"_links":{"self":[{"href":"https:\/\/profonanpe.org.pe\/en\/wp-json\/wp\/v2\/posts\/36979","targetHints":{"allow":["GET"]}}],"collection":[{"href":"https:\/\/profonanpe.org.pe\/en\/wp-json\/wp\/v2\/posts"}],"about":[{"href":"https:\/\/profonanpe.org.pe\/en\/wp-json\/wp\/v2\/types\/post"}],"author":[{"embeddable":true,"href":"https:\/\/profonanpe.org.pe\/en\/wp-json\/wp\/v2\/users\/16"}],"replies":[{"embeddable":true,"href":"https:\/\/profonanpe.org.pe\/en\/wp-json\/wp\/v2\/comments?post=36979"}],"version-history":[{"count":0,"href":"https:\/\/profonanpe.org.pe\/en\/wp-json\/wp\/v2\/posts\/36979\/revisions"}],"wp:featuredmedia":[{"embeddable":true,"href":"https:\/\/profonanpe.org.pe\/en\/wp-json\/wp\/v2\/media\/36980"}],"wp:attachment":[{"href":"https:\/\/profonanpe.org.pe\/en\/wp-json\/wp\/v2\/media?parent=36979"}],"wp:term":[{"taxonomy":"category","embeddable":true,"href":"https:\/\/profonanpe.org.pe\/en\/wp-json\/wp\/v2\/categories?post=36979"},{"taxonomy":"post_tag","embeddable":true,"href":"https:\/\/profonanpe.org.pe\/en\/wp-json\/wp\/v2\/tags?post=36979"}],"curies":[{"name":"wp","href":"https:\/\/api.w.org\/{rel}","templated":true}]}}