{"id":36754,"date":"2024-08-26T11:13:43","date_gmt":"2024-08-26T16:13:43","guid":{"rendered":"https:\/\/profonanpe.org.pe\/?p=36754"},"modified":"2025-01-03T14:33:27","modified_gmt":"2025-01-03T19:33:27","slug":"organizaciones-indigenas-refuerzan-estrategias-para-la-conservacion-de-la-amazonia","status":"publish","type":"post","link":"https:\/\/profonanpe.org.pe\/en\/organizaciones-indigenas-refuerzan-estrategias-para-la-conservacion-de-la-amazonia\/","title":{"rendered":"Indigenous organizations reinforce strategies for Amazonian conservation"},"content":{"rendered":"<p>&nbsp;<\/p>\n<p class=\"translation-block\">In an effort to strengthen the implementation of the DCI Project and ensure compliance with technical and financial targets, <strong>the \u201cWorkshop on Safeguards and Technical Assistance for the 2024 POA\u201d was held on August 22.<\/strong><\/p>\n<p>&nbsp;<\/p>\n<p>This event is being held as part of the Joint Declaration of Intent (JDI) Project, led by the Ministry of the Environment and implemented by Profonanpe, and is part of the country\u2019s strategies to address deforestation and forest degradation in order to reduce greenhouse gas (GHG) emissions and mitigate climate change.<\/p>\n<p>&nbsp;<\/p>\n<p class=\"translation-block\">The workshop aimed to <strong>share and validate the safeguards instruments, and also focused on providing technical assistance to participating organizations.<\/strong> During the event, critical issues were addressed, such as identifying gaps in the achievement of goals and standardizing reporting criteria, thereby ensuring that the actions implemented follow a consistent and effective approach.<\/p>\n<p>&nbsp;<\/p>\n<p class=\"translation-block\">During the workshop, Paola S\u00e1nchez, ANECAP\u2019s project monitoring manager, emphasized the importance of reviewing goals on a regular basis: <em>\u201cIt is crucial for each organization to review its goals independently, because this allows you to analyze quarterly progress and see if you are on the right track. This is a necessary reminder.\u201d<\/em><\/p>\n<p>&nbsp;<\/p>\n<p><img fetchpriority=\"high\" decoding=\"async\" class=\"aligncenter size-large wp-image-36757\" src=\"https:\/\/profonanpe.org.pe\/wp-content\/uploads\/2024\/08\/Paola-Sanchez-1024x683.jpg\" alt=\"\" width=\"800\" height=\"534\" srcset=\"https:\/\/profonanpe.org.pe\/wp-content\/uploads\/2024\/08\/Paola-Sanchez-1024x683.jpg 1024w, https:\/\/profonanpe.org.pe\/wp-content\/uploads\/2024\/08\/Paola-Sanchez-300x200.jpg 300w, https:\/\/profonanpe.org.pe\/wp-content\/uploads\/2024\/08\/Paola-Sanchez-768x512.jpg 768w, https:\/\/profonanpe.org.pe\/wp-content\/uploads\/2024\/08\/Paola-Sanchez-1536x1025.jpg 1536w, https:\/\/profonanpe.org.pe\/wp-content\/uploads\/2024\/08\/Paola-Sanchez-2048x1367.jpg 2048w, https:\/\/profonanpe.org.pe\/wp-content\/uploads\/2024\/08\/Paola-Sanchez-scaled.jpg 1600w\" sizes=\"(max-width: 800px) 100vw, 800px\" \/><\/p>\n<p>&nbsp;<\/p>\n<p style=\"text-align: center;\"><strong>Photo: Profonanpe <\/strong><\/p>\n<p>&nbsp;<\/p>\n<p>In addition, Juan Pablo Ferreyros, project coordinator for DCI\u2019s activities at CONAP, highlighted how these sessions strengthen the technical capacity of indigenous organizations: \u201cThese workshops allow us to see the progress we\u2019ve made and learn new things that we can apply to various activities, not just this project.\u201d<\/p>\n<p>&nbsp;<\/p>\n<p>The workshop also focused on identifying gaps in the achievement of goals and on standardizing reporting criteria, ensuring that the actions taken follow a consistent approach.<\/p>\n<p>&nbsp;<\/p>\n<p><em>\u201cWhat we\u2019ve learned from our partners is a valuable lesson worth emulating, because we\u2019re all working together to bring about the progress the people need\u201d<\/em>, se\u00f1al\u00f3 Nelsith Sangama, segunda vocal de AIDESEP.<\/p>\n<p>&nbsp;<\/p>\n<p>With an agenda focused on dialogue and efficiency, this forum established itself as a key platform for advancing the management of the DCI Project and reaffirming all parties\u2019 commitment to the conservation of the Amazon and the reduction of GHG emissions caused by deforestation.<strong><br \/>\n<\/strong><\/p>\n<p>&nbsp;<\/p>\n<p><img decoding=\"async\" class=\"aligncenter size-large wp-image-36758\" src=\"https:\/\/profonanpe.org.pe\/wp-content\/uploads\/2024\/08\/Grupal-taller-organizaciones-indigenas-1-1024x683.jpg\" alt=\"\" width=\"800\" height=\"534\" srcset=\"https:\/\/profonanpe.org.pe\/wp-content\/uploads\/2024\/08\/Grupal-taller-organizaciones-indigenas-1-1024x683.jpg 1024w, https:\/\/profonanpe.org.pe\/wp-content\/uploads\/2024\/08\/Grupal-taller-organizaciones-indigenas-1-300x200.jpg 300w, https:\/\/profonanpe.org.pe\/wp-content\/uploads\/2024\/08\/Grupal-taller-organizaciones-indigenas-1-768x512.jpg 768w, https:\/\/profonanpe.org.pe\/wp-content\/uploads\/2024\/08\/Grupal-taller-organizaciones-indigenas-1-1536x1025.jpg 1536w, https:\/\/profonanpe.org.pe\/wp-content\/uploads\/2024\/08\/Grupal-taller-organizaciones-indigenas-1-2048x1367.jpg 2048w, https:\/\/profonanpe.org.pe\/wp-content\/uploads\/2024\/08\/Grupal-taller-organizaciones-indigenas-1-scaled.jpg 1600w\" sizes=\"(max-width: 800px) 100vw, 800px\" \/><\/p>\n<p>&nbsp;<\/p>\n<p style=\"text-align: center;\"><strong>Photo: Profonanpe\u00a0<\/strong><\/p>","protected":false},"excerpt":{"rendered":"<p>&nbsp; En un esfuerzo por fortalecer la implementaci\u00f3n del Proyecto DCI y asegurar el cumplimiento de las metas t\u00e9cnicas y financieras, el 22 de agosto se llev\u00f3 a cabo el \u00abTaller de Salvaguardas y Asistencia T\u00e9cnica al POA 2024\u00bb. &nbsp; Este evento, se realiza en el marco del Proyecto Declaraci\u00f3n Conjunta de Intenci\u00f3n \u2013 DCI [&hellip;]<\/p>\n","protected":false},"author":16,"featured_media":36755,"comment_status":"closed","ping_status":"open","sticky":false,"template":"","format":"standard","meta":{"_acf_changed":false,"footnotes":""},"categories":[593,92],"tags":[],"class_list":["post-36754","post","type-post","status-publish","format-standard","has-post-thumbnail","hentry","category-593","category-noticias"],"acf":[],"yoast_head":"<!-- This site is optimized with the Yoast SEO plugin v27.4 - https:\/\/yoast.com\/product\/yoast-seo-wordpress\/ -->\n<title>Organizaciones Ind\u00edgenas refuerzan estrategias para la conservaci\u00f3n de la Amazon\u00eda - Profonanpe<\/title>\n<meta name=\"robots\" content=\"index, follow, max-snippet:-1, max-image-preview:large, max-video-preview:-1\" \/>\n<link rel=\"canonical\" href=\"https:\/\/profonanpe.org.pe\/en\/organizaciones-indigenas-refuerzan-estrategias-para-la-conservacion-de-la-amazonia\/\" \/>\n<meta property=\"og:locale\" content=\"en_US\" \/>\n<meta property=\"og:type\" content=\"article\" \/>\n<meta property=\"og:title\" content=\"Organizaciones Ind\u00edgenas refuerzan estrategias para la conservaci\u00f3n de la Amazon\u00eda - Profonanpe\" \/>\n<meta property=\"og:description\" content=\"&nbsp; En un esfuerzo por fortalecer la implementaci\u00f3n del Proyecto DCI y asegurar el cumplimiento de las metas t\u00e9cnicas y financieras, el 22 de agosto se llev\u00f3 a cabo el \u00abTaller de Salvaguardas y Asistencia T\u00e9cnica al POA 2024\u00bb. &nbsp; Este evento, se realiza en el marco del Proyecto Declaraci\u00f3n Conjunta de Intenci\u00f3n \u2013 DCI [&hellip;]\" \/>\n<meta property=\"og:url\" content=\"https:\/\/profonanpe.org.pe\/en\/organizaciones-indigenas-refuerzan-estrategias-para-la-conservacion-de-la-amazonia\/\" \/>\n<meta property=\"og:site_name\" content=\"Profonanpe\" \/>\n<meta property=\"article:published_time\" content=\"2024-08-26T16:13:43+00:00\" \/>\n<meta property=\"article:modified_time\" content=\"2025-01-03T19:33:27+00:00\" \/>\n<meta property=\"og:image\" content=\"https:\/\/profonanpe.org.pe\/wp-content\/uploads\/2024\/08\/Taller-foto-grupal-scaled.jpg\" \/>\n\t<meta property=\"og:image:width\" content=\"1600\" \/>\n\t<meta property=\"og:image:height\" content=\"1009\" \/>\n\t<meta property=\"og:image:type\" content=\"image\/jpeg\" \/>\n<meta name=\"author\" content=\"Comunicaciones\" \/>\n<meta name=\"twitter:card\" content=\"summary_large_image\" \/>\n<meta name=\"twitter:label1\" content=\"Written by\" \/>\n\t<meta name=\"twitter:data1\" content=\"Comunicaciones\" \/>\n\t<meta name=\"twitter:label2\" content=\"Est. reading time\" \/>\n\t<meta name=\"twitter:data2\" content=\"3 minutes\" \/>\n<script type=\"application\/ld+json\" class=\"yoast-schema-graph\">{\"@context\":\"https:\\\/\\\/schema.org\",\"@graph\":[{\"@type\":\"Article\",\"@id\":\"https:\\\/\\\/profonanpe.org.pe\\\/organizaciones-indigenas-refuerzan-estrategias-para-la-conservacion-de-la-amazonia\\\/#article\",\"isPartOf\":{\"@id\":\"https:\\\/\\\/profonanpe.org.pe\\\/organizaciones-indigenas-refuerzan-estrategias-para-la-conservacion-de-la-amazonia\\\/\"},\"author\":{\"name\":\"Comunicaciones\",\"@id\":\"https:\\\/\\\/profonanpe.org.pe\\\/#\\\/schema\\\/person\\\/6240c1280fa0faa493147e00b333ed6d\"},\"headline\":\"Organizaciones Ind\u00edgenas refuerzan estrategias para la conservaci\u00f3n de la Amazon\u00eda\",\"datePublished\":\"2024-08-26T16:13:43+00:00\",\"dateModified\":\"2025-01-03T19:33:27+00:00\",\"mainEntityOfPage\":{\"@id\":\"https:\\\/\\\/profonanpe.org.pe\\\/organizaciones-indigenas-refuerzan-estrategias-para-la-conservacion-de-la-amazonia\\\/\"},\"wordCount\":418,\"publisher\":{\"@id\":\"https:\\\/\\\/profonanpe.org.pe\\\/#organization\"},\"image\":{\"@id\":\"https:\\\/\\\/profonanpe.org.pe\\\/organizaciones-indigenas-refuerzan-estrategias-para-la-conservacion-de-la-amazonia\\\/#primaryimage\"},\"thumbnailUrl\":\"https:\\\/\\\/profonanpe.org.pe\\\/wp-content\\\/uploads\\\/2024\\\/08\\\/Taller-foto-grupal-scaled.jpg\",\"articleSection\":[\"2024\",\"Noticias\"],\"inLanguage\":\"en-US\"},{\"@type\":\"WebPage\",\"@id\":\"https:\\\/\\\/profonanpe.org.pe\\\/organizaciones-indigenas-refuerzan-estrategias-para-la-conservacion-de-la-amazonia\\\/\",\"url\":\"https:\\\/\\\/profonanpe.org.pe\\\/organizaciones-indigenas-refuerzan-estrategias-para-la-conservacion-de-la-amazonia\\\/\",\"name\":\"Organizaciones Ind\u00edgenas refuerzan estrategias para la conservaci\u00f3n de la Amazon\u00eda - Profonanpe\",\"isPartOf\":{\"@id\":\"https:\\\/\\\/profonanpe.org.pe\\\/#website\"},\"primaryImageOfPage\":{\"@id\":\"https:\\\/\\\/profonanpe.org.pe\\\/organizaciones-indigenas-refuerzan-estrategias-para-la-conservacion-de-la-amazonia\\\/#primaryimage\"},\"image\":{\"@id\":\"https:\\\/\\\/profonanpe.org.pe\\\/organizaciones-indigenas-refuerzan-estrategias-para-la-conservacion-de-la-amazonia\\\/#primaryimage\"},\"thumbnailUrl\":\"https:\\\/\\\/profonanpe.org.pe\\\/wp-content\\\/uploads\\\/2024\\\/08\\\/Taller-foto-grupal-scaled.jpg\",\"datePublished\":\"2024-08-26T16:13:43+00:00\",\"dateModified\":\"2025-01-03T19:33:27+00:00\",\"breadcrumb\":{\"@id\":\"https:\\\/\\\/profonanpe.org.pe\\\/organizaciones-indigenas-refuerzan-estrategias-para-la-conservacion-de-la-amazonia\\\/#breadcrumb\"},\"inLanguage\":\"en-US\",\"potentialAction\":[{\"@type\":\"ReadAction\",\"target\":[\"https:\\\/\\\/profonanpe.org.pe\\\/organizaciones-indigenas-refuerzan-estrategias-para-la-conservacion-de-la-amazonia\\\/\"]}]},{\"@type\":\"ImageObject\",\"inLanguage\":\"en-US\",\"@id\":\"https:\\\/\\\/profonanpe.org.pe\\\/organizaciones-indigenas-refuerzan-estrategias-para-la-conservacion-de-la-amazonia\\\/#primaryimage\",\"url\":\"https:\\\/\\\/profonanpe.org.pe\\\/wp-content\\\/uploads\\\/2024\\\/08\\\/Taller-foto-grupal-scaled.jpg\",\"contentUrl\":\"https:\\\/\\\/profonanpe.org.pe\\\/wp-content\\\/uploads\\\/2024\\\/08\\\/Taller-foto-grupal-scaled.jpg\",\"width\":1600,\"height\":1009},{\"@type\":\"BreadcrumbList\",\"@id\":\"https:\\\/\\\/profonanpe.org.pe\\\/organizaciones-indigenas-refuerzan-estrategias-para-la-conservacion-de-la-amazonia\\\/#breadcrumb\",\"itemListElement\":[{\"@type\":\"ListItem\",\"position\":1,\"name\":\"Portada\",\"item\":\"https:\\\/\\\/profonanpe.org.pe\\\/\"},{\"@type\":\"ListItem\",\"position\":2,\"name\":\"Organizaciones Ind\u00edgenas refuerzan estrategias para la conservaci\u00f3n de la Amazon\u00eda\"}]},{\"@type\":\"WebSite\",\"@id\":\"https:\\\/\\\/profonanpe.org.pe\\\/#website\",\"url\":\"https:\\\/\\\/profonanpe.org.pe\\\/\",\"name\":\"Profonanpe\",\"description\":\"\",\"publisher\":{\"@id\":\"https:\\\/\\\/profonanpe.org.pe\\\/#organization\"},\"potentialAction\":[{\"@type\":\"SearchAction\",\"target\":{\"@type\":\"EntryPoint\",\"urlTemplate\":\"https:\\\/\\\/profonanpe.org.pe\\\/?s={search_term_string}\"},\"query-input\":{\"@type\":\"PropertyValueSpecification\",\"valueRequired\":true,\"valueName\":\"search_term_string\"}}],\"inLanguage\":\"en-US\"},{\"@type\":\"Organization\",\"@id\":\"https:\\\/\\\/profonanpe.org.pe\\\/#organization\",\"name\":\"Profonanpe\",\"url\":\"https:\\\/\\\/profonanpe.org.pe\\\/\",\"logo\":{\"@type\":\"ImageObject\",\"inLanguage\":\"en-US\",\"@id\":\"https:\\\/\\\/profonanpe.org.pe\\\/#\\\/schema\\\/logo\\\/image\\\/\",\"url\":\"https:\\\/\\\/profonanpe.org.pe\\\/wp-content\\\/uploads\\\/2020\\\/10\\\/Snippet-Profonanpe-v2.jpg\",\"contentUrl\":\"https:\\\/\\\/profonanpe.org.pe\\\/wp-content\\\/uploads\\\/2020\\\/10\\\/Snippet-Profonanpe-v2.jpg\",\"width\":524,\"height\":274,\"caption\":\"Profonanpe\"},\"image\":{\"@id\":\"https:\\\/\\\/profonanpe.org.pe\\\/#\\\/schema\\\/logo\\\/image\\\/\"}},{\"@type\":\"Person\",\"@id\":\"https:\\\/\\\/profonanpe.org.pe\\\/#\\\/schema\\\/person\\\/6240c1280fa0faa493147e00b333ed6d\",\"name\":\"Comunicaciones\",\"url\":\"https:\\\/\\\/profonanpe.org.pe\\\/en\\\/author\\\/comunicaciones-profonanpe\\\/\"}]}<\/script>\n<!-- \/ Yoast SEO plugin. -->","yoast_head_json":{"title":"Organizaciones Ind\u00edgenas refuerzan estrategias para la conservaci\u00f3n de la Amazon\u00eda - Profonanpe","robots":{"index":"index","follow":"follow","max-snippet":"max-snippet:-1","max-image-preview":"max-image-preview:large","max-video-preview":"max-video-preview:-1"},"canonical":"https:\/\/profonanpe.org.pe\/en\/organizaciones-indigenas-refuerzan-estrategias-para-la-conservacion-de-la-amazonia\/","og_locale":"en_US","og_type":"article","og_title":"Organizaciones Ind\u00edgenas refuerzan estrategias para la conservaci\u00f3n de la Amazon\u00eda - Profonanpe","og_description":"&nbsp; En un esfuerzo por fortalecer la implementaci\u00f3n del Proyecto DCI y asegurar el cumplimiento de las metas t\u00e9cnicas y financieras, el 22 de agosto se llev\u00f3 a cabo el \u00abTaller de Salvaguardas y Asistencia T\u00e9cnica al POA 2024\u00bb. &nbsp; Este evento, se realiza en el marco del Proyecto Declaraci\u00f3n Conjunta de Intenci\u00f3n \u2013 DCI [&hellip;]","og_url":"https:\/\/profonanpe.org.pe\/en\/organizaciones-indigenas-refuerzan-estrategias-para-la-conservacion-de-la-amazonia\/","og_site_name":"Profonanpe","article_published_time":"2024-08-26T16:13:43+00:00","article_modified_time":"2025-01-03T19:33:27+00:00","og_image":[{"width":1600,"height":1009,"url":"https:\/\/profonanpe.org.pe\/wp-content\/uploads\/2024\/08\/Taller-foto-grupal-scaled.jpg","type":"image\/jpeg"}],"author":"Comunicaciones","twitter_card":"summary_large_image","twitter_misc":{"Written by":"Comunicaciones","Est. reading time":"3 minutes"},"schema":{"@context":"https:\/\/schema.org","@graph":[{"@type":"Article","@id":"https:\/\/profonanpe.org.pe\/organizaciones-indigenas-refuerzan-estrategias-para-la-conservacion-de-la-amazonia\/#article","isPartOf":{"@id":"https:\/\/profonanpe.org.pe\/organizaciones-indigenas-refuerzan-estrategias-para-la-conservacion-de-la-amazonia\/"},"author":{"name":"Comunicaciones","@id":"https:\/\/profonanpe.org.pe\/#\/schema\/person\/6240c1280fa0faa493147e00b333ed6d"},"headline":"Organizaciones Ind\u00edgenas refuerzan estrategias para la conservaci\u00f3n de la Amazon\u00eda","datePublished":"2024-08-26T16:13:43+00:00","dateModified":"2025-01-03T19:33:27+00:00","mainEntityOfPage":{"@id":"https:\/\/profonanpe.org.pe\/organizaciones-indigenas-refuerzan-estrategias-para-la-conservacion-de-la-amazonia\/"},"wordCount":418,"publisher":{"@id":"https:\/\/profonanpe.org.pe\/#organization"},"image":{"@id":"https:\/\/profonanpe.org.pe\/organizaciones-indigenas-refuerzan-estrategias-para-la-conservacion-de-la-amazonia\/#primaryimage"},"thumbnailUrl":"https:\/\/profonanpe.org.pe\/wp-content\/uploads\/2024\/08\/Taller-foto-grupal-scaled.jpg","articleSection":["2024","Noticias"],"inLanguage":"en-US"},{"@type":"WebPage","@id":"https:\/\/profonanpe.org.pe\/organizaciones-indigenas-refuerzan-estrategias-para-la-conservacion-de-la-amazonia\/","url":"https:\/\/profonanpe.org.pe\/organizaciones-indigenas-refuerzan-estrategias-para-la-conservacion-de-la-amazonia\/","name":"Organizaciones Ind\u00edgenas refuerzan estrategias para la conservaci\u00f3n de la Amazon\u00eda - Profonanpe","isPartOf":{"@id":"https:\/\/profonanpe.org.pe\/#website"},"primaryImageOfPage":{"@id":"https:\/\/profonanpe.org.pe\/organizaciones-indigenas-refuerzan-estrategias-para-la-conservacion-de-la-amazonia\/#primaryimage"},"image":{"@id":"https:\/\/profonanpe.org.pe\/organizaciones-indigenas-refuerzan-estrategias-para-la-conservacion-de-la-amazonia\/#primaryimage"},"thumbnailUrl":"https:\/\/profonanpe.org.pe\/wp-content\/uploads\/2024\/08\/Taller-foto-grupal-scaled.jpg","datePublished":"2024-08-26T16:13:43+00:00","dateModified":"2025-01-03T19:33:27+00:00","breadcrumb":{"@id":"https:\/\/profonanpe.org.pe\/organizaciones-indigenas-refuerzan-estrategias-para-la-conservacion-de-la-amazonia\/#breadcrumb"},"inLanguage":"en-US","potentialAction":[{"@type":"ReadAction","target":["https:\/\/profonanpe.org.pe\/organizaciones-indigenas-refuerzan-estrategias-para-la-conservacion-de-la-amazonia\/"]}]},{"@type":"ImageObject","inLanguage":"en-US","@id":"https:\/\/profonanpe.org.pe\/organizaciones-indigenas-refuerzan-estrategias-para-la-conservacion-de-la-amazonia\/#primaryimage","url":"https:\/\/profonanpe.org.pe\/wp-content\/uploads\/2024\/08\/Taller-foto-grupal-scaled.jpg","contentUrl":"https:\/\/profonanpe.org.pe\/wp-content\/uploads\/2024\/08\/Taller-foto-grupal-scaled.jpg","width":1600,"height":1009},{"@type":"BreadcrumbList","@id":"https:\/\/profonanpe.org.pe\/organizaciones-indigenas-refuerzan-estrategias-para-la-conservacion-de-la-amazonia\/#breadcrumb","itemListElement":[{"@type":"ListItem","position":1,"name":"Portada","item":"https:\/\/profonanpe.org.pe\/"},{"@type":"ListItem","position":2,"name":"Organizaciones Ind\u00edgenas refuerzan estrategias para la conservaci\u00f3n de la Amazon\u00eda"}]},{"@type":"WebSite","@id":"https:\/\/profonanpe.org.pe\/#website","url":"https:\/\/profonanpe.org.pe\/","name":"Profonanpe","description":"","publisher":{"@id":"https:\/\/profonanpe.org.pe\/#organization"},"potentialAction":[{"@type":"SearchAction","target":{"@type":"EntryPoint","urlTemplate":"https:\/\/profonanpe.org.pe\/?s={search_term_string}"},"query-input":{"@type":"PropertyValueSpecification","valueRequired":true,"valueName":"search_term_string"}}],"inLanguage":"en-US"},{"@type":"Organization","@id":"https:\/\/profonanpe.org.pe\/#organization","name":"Profonanpe","url":"https:\/\/profonanpe.org.pe\/","logo":{"@type":"ImageObject","inLanguage":"en-US","@id":"https:\/\/profonanpe.org.pe\/#\/schema\/logo\/image\/","url":"https:\/\/profonanpe.org.pe\/wp-content\/uploads\/2020\/10\/Snippet-Profonanpe-v2.jpg","contentUrl":"https:\/\/profonanpe.org.pe\/wp-content\/uploads\/2020\/10\/Snippet-Profonanpe-v2.jpg","width":524,"height":274,"caption":"Profonanpe"},"image":{"@id":"https:\/\/profonanpe.org.pe\/#\/schema\/logo\/image\/"}},{"@type":"Person","@id":"https:\/\/profonanpe.org.pe\/#\/schema\/person\/6240c1280fa0faa493147e00b333ed6d","name":"Communications","url":"https:\/\/profonanpe.org.pe\/en\/author\/comunicaciones-profonanpe\/"}]}},"_links":{"self":[{"href":"https:\/\/profonanpe.org.pe\/en\/wp-json\/wp\/v2\/posts\/36754","targetHints":{"allow":["GET"]}}],"collection":[{"href":"https:\/\/profonanpe.org.pe\/en\/wp-json\/wp\/v2\/posts"}],"about":[{"href":"https:\/\/profonanpe.org.pe\/en\/wp-json\/wp\/v2\/types\/post"}],"author":[{"embeddable":true,"href":"https:\/\/profonanpe.org.pe\/en\/wp-json\/wp\/v2\/users\/16"}],"replies":[{"embeddable":true,"href":"https:\/\/profonanpe.org.pe\/en\/wp-json\/wp\/v2\/comments?post=36754"}],"version-history":[{"count":0,"href":"https:\/\/profonanpe.org.pe\/en\/wp-json\/wp\/v2\/posts\/36754\/revisions"}],"wp:featuredmedia":[{"embeddable":true,"href":"https:\/\/profonanpe.org.pe\/en\/wp-json\/wp\/v2\/media\/36755"}],"wp:attachment":[{"href":"https:\/\/profonanpe.org.pe\/en\/wp-json\/wp\/v2\/media?parent=36754"}],"wp:term":[{"taxonomy":"category","embeddable":true,"href":"https:\/\/profonanpe.org.pe\/en\/wp-json\/wp\/v2\/categories?post=36754"},{"taxonomy":"post_tag","embeddable":true,"href":"https:\/\/profonanpe.org.pe\/en\/wp-json\/wp\/v2\/tags?post=36754"}],"curies":[{"name":"wp","href":"https:\/\/api.w.org\/{rel}","templated":true}]}}