{"id":36365,"date":"2024-08-01T06:50:17","date_gmt":"2024-08-01T11:50:17","guid":{"rendered":"https:\/\/profonanpe.org.pe\/?p=36365"},"modified":"2025-01-03T15:56:18","modified_gmt":"2025-01-03T20:56:18","slug":"organizaciones-indigenas-potencian-esfuerzos-contra-la-deforestacion-y-degradacion-forestal","status":"publish","type":"post","link":"https:\/\/profonanpe.org.pe\/en\/organizaciones-indigenas-potencian-esfuerzos-contra-la-deforestacion-y-degradacion-forestal\/","title":{"rendered":"Indigenous organizations boost efforts to combat deforestation and forest degradation"},"content":{"rendered":"<p style=\"text-align: center;\">Foto: Ministerio del Ambiente.<\/p>\n<p>&nbsp;<\/p>\n<p class=\"translation-block\"><span style=\"font-weight: 400\">In a joint effort to address deforestation and forest degradation, representatives of the Indigenous Peoples' Platform on Climate Change (PPICC) participated on July 11 and 12<\/span> <span style=\"font-weight: 400\">in the workshop to review the proposed REDD+ safeguards guidelines, where contributions and comments were gathered, and questions regarding the guidelines were addressed. <\/span><\/p>\n<p>&nbsp;<\/p>\n<p><span style=\"font-weight: 400;\">The workshop was organized by the Ministry of the Environment (MINAM) in collaboration with the Amazonian Eco and Biobusiness Finance Facility (EBBF Amazon\u00eda) project, Profonanpe, and the Norwegian Agency for Development Cooperation (NORAD).<\/span><\/p>\n<p>&nbsp;<\/p>\n<p><span style=\"font-weight: 400;\">During the meeting, participants discussed the importance of safeguards for the implementation of REDD+ and the strengthening of its institutional framework in the country. In addition, the capacities of PPICC leaders were strengthened regarding the proposed guidelines for the management and provision of periodic information on REDD+ safeguards. Profonanpe\u2019s Research and Development Office and Indigenous Peoples Office also participated in the workshop.<\/span><\/p>\n<p>&nbsp;<\/p>\n<p><img fetchpriority=\"high\" decoding=\"async\" class=\"aligncenter size-large wp-image-36367\" src=\"https:\/\/profonanpe.org.pe\/wp-content\/uploads\/2024\/07\/Bienvenida-PPICC-1024x595.png\" alt=\"\" width=\"800\" height=\"465\" srcset=\"https:\/\/profonanpe.org.pe\/wp-content\/uploads\/2024\/07\/Bienvenida-PPICC-1024x595.png 1024w, https:\/\/profonanpe.org.pe\/wp-content\/uploads\/2024\/07\/Bienvenida-PPICC-300x174.png 300w, https:\/\/profonanpe.org.pe\/wp-content\/uploads\/2024\/07\/Bienvenida-PPICC-768x446.png 768w, https:\/\/profonanpe.org.pe\/wp-content\/uploads\/2024\/07\/Bienvenida-PPICC-1536x893.png 1536w, https:\/\/profonanpe.org.pe\/wp-content\/uploads\/2024\/07\/Bienvenida-PPICC.png 1600w\" sizes=\"(max-width: 800px) 100vw, 800px\" \/><\/p>\n<p>&nbsp;<\/p>\n<p style=\"text-align: center;\">Foto: Ministerio del Ambiente.<\/p>\n<p>&nbsp;<\/p>\n<p><b>Commitment to Sustainability<\/b><\/p>\n<p>&nbsp;<\/p>\n<p class=\"translation-block\"><span style=\"font-weight: 400\">The workshop was attended by more than a hundred representatives from indigenous organizations, who were divided into working groups by organization. <\/span><span style=\"font-weight: 400\"> T<\/span><span style=\"font-weight: 400\">he participating organizations were AIDESEP, CCP, CNA, CONAP, FENMUCARINAP, ONAMIAP, and UNCA. The importance of integrating ancestral knowledge into national policies and programs was emphasized. Likewise, the workshop provided an additional space for interaction among the leaders of the organizations.<\/span><\/p>\n<p class=\"translation-block\"><span style=\"font-weight: 400\"><br>\n<\/span><span style=\"font-weight: 400\"><br>\n<\/span><span style=\"font-weight: 400\">\u201c<\/span><i><span style=\"font-weight: 400\">One of the objectives of the EBBF Amazon project is to contribute to capacity building for the integration of REDD+ initiatives within the national framework; in this regard, it is important to develop a safeguards framework agreed upon with indigenous organizations and applicable at the level of the eco- and bio-businesses supported by the project\u201d<\/span><\/i><span style=\"font-weight: 400\">, said Lourdes Lares, Social and Gender Safeguards Coordinator for the EBBF project.<\/span><\/p>\n<p>&nbsp;<\/p>\n<p><span style=\"font-weight: 400;\">These types of activities are essential for strengthening environmental governance and ensuring that the voices of indigenous peoples are heard and taken into account in decision-making. The collaboration between MINAM, civil society organizations, and the EBBF makes it possible to channel efforts toward achieving balanced development that respects the environment and local communities.<\/span><span style=\"font-weight: 400;\"><br \/>\n<\/span><\/p>\n<p class=\"translation-block\"><span style=\"font-weight: 400;\"><br>\r\n<\/span><span style=\"font-weight: 400;\">De esta manera, Profonanpe reafirma su compromiso de seguir trabajando de la mano con el M<\/span><span style=\"font-weight: 400;\">I<\/span><span style=\"font-weight: 400;\">NAM y las organizaciones ind\u00edgenas, para avanzar en la lucha contra la deforestaci\u00f3n y la degradaci\u00f3n de los bosques de nuestra Amazon\u00eda.&nbsp;<\/span><\/p>\n<p>&nbsp;<\/p>\n<p><b>About the EBBF Amazon Project<\/b><\/p>\n<p>&nbsp;<\/p>\n<p><span style=\"font-weight: 400;\">The Amazonian Eco and Biobusiness Finance Facility (EBBF Amazonia) is a Profonanpe project, funded by the Green Climate Fund, that provides technical assistance and partially repayable grants to Amazonian eco and biobusinesses to promote the sustainable management of Amazonian forests and contribute to the reduction of greenhouse gas (GHG) emissions. <\/span><\/p>","protected":false},"excerpt":{"rendered":"<p>Foto: Ministerio del Ambiente. &nbsp; En un esfuerzo conjunto para enfrentar la deforestaci\u00f3n y la degradaci\u00f3n forestal, los representantes de la Plataforma de Pueblos Ind\u00edgenas para enfrentar el Cambio Clim\u00e1tico (PPICC) participaron los d\u00edas 11 y 12 de julio en el Taller de revisi\u00f3n de la propuesta de lineamiento de salvaguardas REDD+, en donde se [&hellip;]<\/p>\n","protected":false},"author":16,"featured_media":36366,"comment_status":"closed","ping_status":"open","sticky":false,"template":"","format":"standard","meta":{"_acf_changed":false,"footnotes":""},"categories":[593,92],"tags":[],"class_list":["post-36365","post","type-post","status-publish","format-standard","has-post-thumbnail","hentry","category-593","category-noticias"],"acf":[],"yoast_head":"<!-- This site is optimized with the Yoast SEO plugin v27.4 - https:\/\/yoast.com\/product\/yoast-seo-wordpress\/ -->\n<title>Organizaciones Ind\u00edgenas potencian esfuerzos contra la deforestaci\u00f3n y degradaci\u00f3n forestal - Profonanpe<\/title>\n<meta name=\"robots\" content=\"index, follow, max-snippet:-1, max-image-preview:large, max-video-preview:-1\" \/>\n<link rel=\"canonical\" href=\"https:\/\/profonanpe.org.pe\/en\/organizaciones-indigenas-potencian-esfuerzos-contra-la-deforestacion-y-degradacion-forestal\/\" \/>\n<meta property=\"og:locale\" content=\"en_US\" \/>\n<meta property=\"og:type\" content=\"article\" \/>\n<meta property=\"og:title\" content=\"Organizaciones Ind\u00edgenas potencian esfuerzos contra la deforestaci\u00f3n y degradaci\u00f3n forestal - Profonanpe\" \/>\n<meta property=\"og:description\" content=\"Foto: Ministerio del Ambiente. &nbsp; En un esfuerzo conjunto para enfrentar la deforestaci\u00f3n y la degradaci\u00f3n forestal, los representantes de la Plataforma de Pueblos Ind\u00edgenas para enfrentar el Cambio Clim\u00e1tico (PPICC) participaron los d\u00edas 11 y 12 de julio en el Taller de revisi\u00f3n de la propuesta de lineamiento de salvaguardas REDD+, en donde se [&hellip;]\" \/>\n<meta property=\"og:url\" content=\"https:\/\/profonanpe.org.pe\/en\/organizaciones-indigenas-potencian-esfuerzos-contra-la-deforestacion-y-degradacion-forestal\/\" \/>\n<meta property=\"og:site_name\" content=\"Profonanpe\" \/>\n<meta property=\"article:published_time\" content=\"2024-08-01T11:50:17+00:00\" \/>\n<meta property=\"article:modified_time\" content=\"2025-01-03T20:56:18+00:00\" \/>\n<meta property=\"og:image\" content=\"https:\/\/profonanpe.org.pe\/wp-content\/uploads\/2024\/07\/Foto-grupal-final-PPICC_julio-2024-1024x576.png\" \/>\n\t<meta property=\"og:image:width\" content=\"1024\" \/>\n\t<meta property=\"og:image:height\" content=\"576\" \/>\n\t<meta property=\"og:image:type\" content=\"image\/png\" \/>\n<meta name=\"author\" content=\"Comunicaciones\" \/>\n<meta name=\"twitter:card\" content=\"summary_large_image\" \/>\n<meta name=\"twitter:label1\" content=\"Written by\" \/>\n\t<meta name=\"twitter:data1\" content=\"Comunicaciones\" \/>\n\t<meta name=\"twitter:label2\" content=\"Est. reading time\" \/>\n\t<meta name=\"twitter:data2\" content=\"3 minutes\" \/>\n<script type=\"application\/ld+json\" class=\"yoast-schema-graph\">{\"@context\":\"https:\\\/\\\/schema.org\",\"@graph\":[{\"@type\":\"Article\",\"@id\":\"https:\\\/\\\/profonanpe.org.pe\\\/en\\\/organizaciones-indigenas-potencian-esfuerzos-contra-la-deforestacion-y-degradacion-forestal\\\/#article\",\"isPartOf\":{\"@id\":\"https:\\\/\\\/profonanpe.org.pe\\\/en\\\/organizaciones-indigenas-potencian-esfuerzos-contra-la-deforestacion-y-degradacion-forestal\\\/\"},\"author\":{\"name\":\"Comunicaciones\",\"@id\":\"https:\\\/\\\/profonanpe.org.pe\\\/#\\\/schema\\\/person\\\/6240c1280fa0faa493147e00b333ed6d\"},\"headline\":\"Organizaciones Ind\u00edgenas potencian esfuerzos contra la deforestaci\u00f3n y degradaci\u00f3n forestal\",\"datePublished\":\"2024-08-01T11:50:17+00:00\",\"dateModified\":\"2025-01-03T20:56:18+00:00\",\"mainEntityOfPage\":{\"@id\":\"https:\\\/\\\/profonanpe.org.pe\\\/en\\\/organizaciones-indigenas-potencian-esfuerzos-contra-la-deforestacion-y-degradacion-forestal\\\/\"},\"wordCount\":544,\"publisher\":{\"@id\":\"https:\\\/\\\/profonanpe.org.pe\\\/#organization\"},\"image\":{\"@id\":\"https:\\\/\\\/profonanpe.org.pe\\\/en\\\/organizaciones-indigenas-potencian-esfuerzos-contra-la-deforestacion-y-degradacion-forestal\\\/#primaryimage\"},\"thumbnailUrl\":\"https:\\\/\\\/profonanpe.org.pe\\\/wp-content\\\/uploads\\\/2024\\\/07\\\/Foto-grupal-final-PPICC_julio-2024.png\",\"articleSection\":[\"2024\",\"Noticias\"],\"inLanguage\":\"en-US\"},{\"@type\":\"WebPage\",\"@id\":\"https:\\\/\\\/profonanpe.org.pe\\\/en\\\/organizaciones-indigenas-potencian-esfuerzos-contra-la-deforestacion-y-degradacion-forestal\\\/\",\"url\":\"https:\\\/\\\/profonanpe.org.pe\\\/en\\\/organizaciones-indigenas-potencian-esfuerzos-contra-la-deforestacion-y-degradacion-forestal\\\/\",\"name\":\"Organizaciones Ind\u00edgenas potencian esfuerzos contra la deforestaci\u00f3n y degradaci\u00f3n forestal - Profonanpe\",\"isPartOf\":{\"@id\":\"https:\\\/\\\/profonanpe.org.pe\\\/#website\"},\"primaryImageOfPage\":{\"@id\":\"https:\\\/\\\/profonanpe.org.pe\\\/en\\\/organizaciones-indigenas-potencian-esfuerzos-contra-la-deforestacion-y-degradacion-forestal\\\/#primaryimage\"},\"image\":{\"@id\":\"https:\\\/\\\/profonanpe.org.pe\\\/en\\\/organizaciones-indigenas-potencian-esfuerzos-contra-la-deforestacion-y-degradacion-forestal\\\/#primaryimage\"},\"thumbnailUrl\":\"https:\\\/\\\/profonanpe.org.pe\\\/wp-content\\\/uploads\\\/2024\\\/07\\\/Foto-grupal-final-PPICC_julio-2024.png\",\"datePublished\":\"2024-08-01T11:50:17+00:00\",\"dateModified\":\"2025-01-03T20:56:18+00:00\",\"breadcrumb\":{\"@id\":\"https:\\\/\\\/profonanpe.org.pe\\\/en\\\/organizaciones-indigenas-potencian-esfuerzos-contra-la-deforestacion-y-degradacion-forestal\\\/#breadcrumb\"},\"inLanguage\":\"en-US\",\"potentialAction\":[{\"@type\":\"ReadAction\",\"target\":[\"https:\\\/\\\/profonanpe.org.pe\\\/en\\\/organizaciones-indigenas-potencian-esfuerzos-contra-la-deforestacion-y-degradacion-forestal\\\/\"]}]},{\"@type\":\"ImageObject\",\"inLanguage\":\"en-US\",\"@id\":\"https:\\\/\\\/profonanpe.org.pe\\\/en\\\/organizaciones-indigenas-potencian-esfuerzos-contra-la-deforestacion-y-degradacion-forestal\\\/#primaryimage\",\"url\":\"https:\\\/\\\/profonanpe.org.pe\\\/wp-content\\\/uploads\\\/2024\\\/07\\\/Foto-grupal-final-PPICC_julio-2024.png\",\"contentUrl\":\"https:\\\/\\\/profonanpe.org.pe\\\/wp-content\\\/uploads\\\/2024\\\/07\\\/Foto-grupal-final-PPICC_julio-2024.png\",\"width\":1600,\"height\":900},{\"@type\":\"BreadcrumbList\",\"@id\":\"https:\\\/\\\/profonanpe.org.pe\\\/en\\\/organizaciones-indigenas-potencian-esfuerzos-contra-la-deforestacion-y-degradacion-forestal\\\/#breadcrumb\",\"itemListElement\":[{\"@type\":\"ListItem\",\"position\":1,\"name\":\"Portada\",\"item\":\"https:\\\/\\\/profonanpe.org.pe\\\/\"},{\"@type\":\"ListItem\",\"position\":2,\"name\":\"Organizaciones Ind\u00edgenas potencian esfuerzos contra la deforestaci\u00f3n y degradaci\u00f3n forestal\"}]},{\"@type\":\"WebSite\",\"@id\":\"https:\\\/\\\/profonanpe.org.pe\\\/#website\",\"url\":\"https:\\\/\\\/profonanpe.org.pe\\\/\",\"name\":\"Profonanpe\",\"description\":\"\",\"publisher\":{\"@id\":\"https:\\\/\\\/profonanpe.org.pe\\\/#organization\"},\"potentialAction\":[{\"@type\":\"SearchAction\",\"target\":{\"@type\":\"EntryPoint\",\"urlTemplate\":\"https:\\\/\\\/profonanpe.org.pe\\\/?s={search_term_string}\"},\"query-input\":{\"@type\":\"PropertyValueSpecification\",\"valueRequired\":true,\"valueName\":\"search_term_string\"}}],\"inLanguage\":\"en-US\"},{\"@type\":\"Organization\",\"@id\":\"https:\\\/\\\/profonanpe.org.pe\\\/#organization\",\"name\":\"Profonanpe\",\"url\":\"https:\\\/\\\/profonanpe.org.pe\\\/\",\"logo\":{\"@type\":\"ImageObject\",\"inLanguage\":\"en-US\",\"@id\":\"https:\\\/\\\/profonanpe.org.pe\\\/#\\\/schema\\\/logo\\\/image\\\/\",\"url\":\"https:\\\/\\\/profonanpe.org.pe\\\/wp-content\\\/uploads\\\/2020\\\/10\\\/Snippet-Profonanpe-v2.jpg\",\"contentUrl\":\"https:\\\/\\\/profonanpe.org.pe\\\/wp-content\\\/uploads\\\/2020\\\/10\\\/Snippet-Profonanpe-v2.jpg\",\"width\":524,\"height\":274,\"caption\":\"Profonanpe\"},\"image\":{\"@id\":\"https:\\\/\\\/profonanpe.org.pe\\\/#\\\/schema\\\/logo\\\/image\\\/\"}},{\"@type\":\"Person\",\"@id\":\"https:\\\/\\\/profonanpe.org.pe\\\/#\\\/schema\\\/person\\\/6240c1280fa0faa493147e00b333ed6d\",\"name\":\"Comunicaciones\",\"url\":\"https:\\\/\\\/profonanpe.org.pe\\\/en\\\/author\\\/comunicaciones-profonanpe\\\/\"}]}<\/script>\n<!-- \/ Yoast SEO plugin. -->","yoast_head_json":{"title":"Organizaciones Ind\u00edgenas potencian esfuerzos contra la deforestaci\u00f3n y degradaci\u00f3n forestal - Profonanpe","robots":{"index":"index","follow":"follow","max-snippet":"max-snippet:-1","max-image-preview":"max-image-preview:large","max-video-preview":"max-video-preview:-1"},"canonical":"https:\/\/profonanpe.org.pe\/en\/organizaciones-indigenas-potencian-esfuerzos-contra-la-deforestacion-y-degradacion-forestal\/","og_locale":"en_US","og_type":"article","og_title":"Organizaciones Ind\u00edgenas potencian esfuerzos contra la deforestaci\u00f3n y degradaci\u00f3n forestal - Profonanpe","og_description":"Foto: Ministerio del Ambiente. &nbsp; En un esfuerzo conjunto para enfrentar la deforestaci\u00f3n y la degradaci\u00f3n forestal, los representantes de la Plataforma de Pueblos Ind\u00edgenas para enfrentar el Cambio Clim\u00e1tico (PPICC) participaron los d\u00edas 11 y 12 de julio en el Taller de revisi\u00f3n de la propuesta de lineamiento de salvaguardas REDD+, en donde se [&hellip;]","og_url":"https:\/\/profonanpe.org.pe\/en\/organizaciones-indigenas-potencian-esfuerzos-contra-la-deforestacion-y-degradacion-forestal\/","og_site_name":"Profonanpe","article_published_time":"2024-08-01T11:50:17+00:00","article_modified_time":"2025-01-03T20:56:18+00:00","og_image":[{"width":1024,"height":576,"url":"https:\/\/profonanpe.org.pe\/wp-content\/uploads\/2024\/07\/Foto-grupal-final-PPICC_julio-2024-1024x576.png","type":"image\/png"}],"author":"Comunicaciones","twitter_card":"summary_large_image","twitter_misc":{"Written by":"Comunicaciones","Est. reading time":"3 minutes"},"schema":{"@context":"https:\/\/schema.org","@graph":[{"@type":"Article","@id":"https:\/\/profonanpe.org.pe\/en\/organizaciones-indigenas-potencian-esfuerzos-contra-la-deforestacion-y-degradacion-forestal\/#article","isPartOf":{"@id":"https:\/\/profonanpe.org.pe\/en\/organizaciones-indigenas-potencian-esfuerzos-contra-la-deforestacion-y-degradacion-forestal\/"},"author":{"name":"Comunicaciones","@id":"https:\/\/profonanpe.org.pe\/#\/schema\/person\/6240c1280fa0faa493147e00b333ed6d"},"headline":"Organizaciones Ind\u00edgenas potencian esfuerzos contra la deforestaci\u00f3n y degradaci\u00f3n forestal","datePublished":"2024-08-01T11:50:17+00:00","dateModified":"2025-01-03T20:56:18+00:00","mainEntityOfPage":{"@id":"https:\/\/profonanpe.org.pe\/en\/organizaciones-indigenas-potencian-esfuerzos-contra-la-deforestacion-y-degradacion-forestal\/"},"wordCount":544,"publisher":{"@id":"https:\/\/profonanpe.org.pe\/#organization"},"image":{"@id":"https:\/\/profonanpe.org.pe\/en\/organizaciones-indigenas-potencian-esfuerzos-contra-la-deforestacion-y-degradacion-forestal\/#primaryimage"},"thumbnailUrl":"https:\/\/profonanpe.org.pe\/wp-content\/uploads\/2024\/07\/Foto-grupal-final-PPICC_julio-2024.png","articleSection":["2024","Noticias"],"inLanguage":"en-US"},{"@type":"WebPage","@id":"https:\/\/profonanpe.org.pe\/en\/organizaciones-indigenas-potencian-esfuerzos-contra-la-deforestacion-y-degradacion-forestal\/","url":"https:\/\/profonanpe.org.pe\/en\/organizaciones-indigenas-potencian-esfuerzos-contra-la-deforestacion-y-degradacion-forestal\/","name":"Organizaciones Ind\u00edgenas potencian esfuerzos contra la deforestaci\u00f3n y degradaci\u00f3n forestal - Profonanpe","isPartOf":{"@id":"https:\/\/profonanpe.org.pe\/#website"},"primaryImageOfPage":{"@id":"https:\/\/profonanpe.org.pe\/en\/organizaciones-indigenas-potencian-esfuerzos-contra-la-deforestacion-y-degradacion-forestal\/#primaryimage"},"image":{"@id":"https:\/\/profonanpe.org.pe\/en\/organizaciones-indigenas-potencian-esfuerzos-contra-la-deforestacion-y-degradacion-forestal\/#primaryimage"},"thumbnailUrl":"https:\/\/profonanpe.org.pe\/wp-content\/uploads\/2024\/07\/Foto-grupal-final-PPICC_julio-2024.png","datePublished":"2024-08-01T11:50:17+00:00","dateModified":"2025-01-03T20:56:18+00:00","breadcrumb":{"@id":"https:\/\/profonanpe.org.pe\/en\/organizaciones-indigenas-potencian-esfuerzos-contra-la-deforestacion-y-degradacion-forestal\/#breadcrumb"},"inLanguage":"en-US","potentialAction":[{"@type":"ReadAction","target":["https:\/\/profonanpe.org.pe\/en\/organizaciones-indigenas-potencian-esfuerzos-contra-la-deforestacion-y-degradacion-forestal\/"]}]},{"@type":"ImageObject","inLanguage":"en-US","@id":"https:\/\/profonanpe.org.pe\/en\/organizaciones-indigenas-potencian-esfuerzos-contra-la-deforestacion-y-degradacion-forestal\/#primaryimage","url":"https:\/\/profonanpe.org.pe\/wp-content\/uploads\/2024\/07\/Foto-grupal-final-PPICC_julio-2024.png","contentUrl":"https:\/\/profonanpe.org.pe\/wp-content\/uploads\/2024\/07\/Foto-grupal-final-PPICC_julio-2024.png","width":1600,"height":900},{"@type":"BreadcrumbList","@id":"https:\/\/profonanpe.org.pe\/en\/organizaciones-indigenas-potencian-esfuerzos-contra-la-deforestacion-y-degradacion-forestal\/#breadcrumb","itemListElement":[{"@type":"ListItem","position":1,"name":"Portada","item":"https:\/\/profonanpe.org.pe\/"},{"@type":"ListItem","position":2,"name":"Organizaciones Ind\u00edgenas potencian esfuerzos contra la deforestaci\u00f3n y degradaci\u00f3n forestal"}]},{"@type":"WebSite","@id":"https:\/\/profonanpe.org.pe\/#website","url":"https:\/\/profonanpe.org.pe\/","name":"Profonanpe","description":"","publisher":{"@id":"https:\/\/profonanpe.org.pe\/#organization"},"potentialAction":[{"@type":"SearchAction","target":{"@type":"EntryPoint","urlTemplate":"https:\/\/profonanpe.org.pe\/?s={search_term_string}"},"query-input":{"@type":"PropertyValueSpecification","valueRequired":true,"valueName":"search_term_string"}}],"inLanguage":"en-US"},{"@type":"Organization","@id":"https:\/\/profonanpe.org.pe\/#organization","name":"Profonanpe","url":"https:\/\/profonanpe.org.pe\/","logo":{"@type":"ImageObject","inLanguage":"en-US","@id":"https:\/\/profonanpe.org.pe\/#\/schema\/logo\/image\/","url":"https:\/\/profonanpe.org.pe\/wp-content\/uploads\/2020\/10\/Snippet-Profonanpe-v2.jpg","contentUrl":"https:\/\/profonanpe.org.pe\/wp-content\/uploads\/2020\/10\/Snippet-Profonanpe-v2.jpg","width":524,"height":274,"caption":"Profonanpe"},"image":{"@id":"https:\/\/profonanpe.org.pe\/#\/schema\/logo\/image\/"}},{"@type":"Person","@id":"https:\/\/profonanpe.org.pe\/#\/schema\/person\/6240c1280fa0faa493147e00b333ed6d","name":"Communications","url":"https:\/\/profonanpe.org.pe\/en\/author\/comunicaciones-profonanpe\/"}]}},"_links":{"self":[{"href":"https:\/\/profonanpe.org.pe\/en\/wp-json\/wp\/v2\/posts\/36365","targetHints":{"allow":["GET"]}}],"collection":[{"href":"https:\/\/profonanpe.org.pe\/en\/wp-json\/wp\/v2\/posts"}],"about":[{"href":"https:\/\/profonanpe.org.pe\/en\/wp-json\/wp\/v2\/types\/post"}],"author":[{"embeddable":true,"href":"https:\/\/profonanpe.org.pe\/en\/wp-json\/wp\/v2\/users\/16"}],"replies":[{"embeddable":true,"href":"https:\/\/profonanpe.org.pe\/en\/wp-json\/wp\/v2\/comments?post=36365"}],"version-history":[{"count":0,"href":"https:\/\/profonanpe.org.pe\/en\/wp-json\/wp\/v2\/posts\/36365\/revisions"}],"wp:featuredmedia":[{"embeddable":true,"href":"https:\/\/profonanpe.org.pe\/en\/wp-json\/wp\/v2\/media\/36366"}],"wp:attachment":[{"href":"https:\/\/profonanpe.org.pe\/en\/wp-json\/wp\/v2\/media?parent=36365"}],"wp:term":[{"taxonomy":"category","embeddable":true,"href":"https:\/\/profonanpe.org.pe\/en\/wp-json\/wp\/v2\/categories?post=36365"},{"taxonomy":"post_tag","embeddable":true,"href":"https:\/\/profonanpe.org.pe\/en\/wp-json\/wp\/v2\/tags?post=36365"}],"curies":[{"name":"wp","href":"https:\/\/api.w.org\/{rel}","templated":true}]}}