{"id":36149,"date":"2024-07-19T12:11:13","date_gmt":"2024-07-19T17:11:13","guid":{"rendered":"https:\/\/profonanpe.org.pe\/?p=36149"},"modified":"2025-01-07T15:53:45","modified_gmt":"2025-01-07T20:53:45","slug":"mesas-tematicas-conservacion-y-uso-sostenible-de-la-agrobiodiversidad-andina","status":"publish","type":"post","link":"https:\/\/profonanpe.org.pe\/en\/mesas-tematicas-conservacion-y-uso-sostenible-de-la-agrobiodiversidad-andina\/","title":{"rendered":"Thematic Roundtables: Conservation and sustainable use of Andean agrobiodiversity"},"content":{"rendered":"<p>&nbsp;<\/p>\n<p>&nbsp;<\/p>\n<p>On July 18, the second meeting of Profonanpe\u2019s 2024 Thematic Working Groups took place, bringing together experts from the public and private sectors, international cooperation, and civil society who are taking action on the conservation and sustainable use of agrobiodiversity. The meeting aimed to foster the exchange of ideas and approaches that will strengthen efforts in this important area.<\/p>\n<p>&nbsp;<\/p>\n<p><img fetchpriority=\"high\" decoding=\"async\" class=\"aligncenter size-large wp-image-36155\" src=\"https:\/\/profonanpe.org.pe\/wp-content\/uploads\/2024\/07\/anton-1024x683.jpg\" alt=\"\" width=\"800\" height=\"534\" srcset=\"https:\/\/profonanpe.org.pe\/wp-content\/uploads\/2024\/07\/anton-1024x683.jpg 1024w, https:\/\/profonanpe.org.pe\/wp-content\/uploads\/2024\/07\/anton-300x200.jpg 300w, https:\/\/profonanpe.org.pe\/wp-content\/uploads\/2024\/07\/anton-768x512.jpg 768w, https:\/\/profonanpe.org.pe\/wp-content\/uploads\/2024\/07\/anton-1536x1024.jpg 1536w, https:\/\/profonanpe.org.pe\/wp-content\/uploads\/2024\/07\/anton-2048x1365.jpg 2048w, https:\/\/profonanpe.org.pe\/wp-content\/uploads\/2024\/07\/anton-scaled.jpg 1600w\" sizes=\"(max-width: 800px) 100vw, 800px\" \/><\/p>\n<p>&nbsp;<\/p>\n<p>Anton Willems, Executive Director of Profonanpe, opened the meeting by highlighting Profonanpe\u2019s role as \u201ca facilitator among the various sectors that have been creating opportunities for exchange and debate, enabling us to identify key issues on our country\u2019s environmental agenda.\u201d<\/p>\n<p>&nbsp;<\/p>\n<p>For his part, C\u00e9sar Sotomayor, National Coordinator of the GEF Agrobiodiversity-SIPAM Project, gave an introductory presentation on seed banks, a strategy adopted by the project that has been based on the revitalization of the human and social capital of conservation-minded farmers in Puno, Cusco, Apur\u00edmac, and Huancavelica.<\/p>\n<p>&nbsp;<\/p>\n<p><img decoding=\"async\" class=\"aligncenter size-full wp-image-36153\" src=\"https:\/\/profonanpe.org.pe\/wp-content\/uploads\/2024\/07\/WhatsApp-Image-2024-07-19-at-12.01.42.jpeg\" alt=\"\" width=\"828\" height=\"659\" srcset=\"https:\/\/profonanpe.org.pe\/wp-content\/uploads\/2024\/07\/WhatsApp-Image-2024-07-19-at-12.01.42.jpeg 828w, https:\/\/profonanpe.org.pe\/wp-content\/uploads\/2024\/07\/WhatsApp-Image-2024-07-19-at-12.01.42-300x239.jpeg 300w, https:\/\/profonanpe.org.pe\/wp-content\/uploads\/2024\/07\/WhatsApp-Image-2024-07-19-at-12.01.42-768x611.jpeg 768w\" sizes=\"(max-width: 828px) 100vw, 828px\" \/><\/p>\n<p>&nbsp;<\/p>\n<p>\u201cOne of the major challenges facing public policy, particularly with regard to agrodiversity, is resolving a complex paradox. Conservation-minded farmers contribute to food security and preserve valuable genetic material, yet they earn little income from growing diverse crops. Despite this, they continue to devote their time to conservation,\u201d explained Sotomayor.<\/p>\n<p>&nbsp;<\/p>\n<p>The meeting highlighted the importance of conservation-oriented farming families\u2019 use of human, social, and cultural assets. \u201cThese intangible assets, though difficult to quantify, are reflected in the prestige and reputation of the producers. However, they are often not fully recognized,\u201d he added.<\/p>\n<p>&nbsp;<\/p>\n<p><img decoding=\"async\" class=\"aligncenter size-full wp-image-36161\" src=\"https:\/\/profonanpe.org.pe\/wp-content\/uploads\/2024\/07\/SENORAS.jpeg\" alt=\"\" width=\"710\" height=\"534\" srcset=\"https:\/\/profonanpe.org.pe\/wp-content\/uploads\/2024\/07\/SENORAS.jpeg 710w, https:\/\/profonanpe.org.pe\/wp-content\/uploads\/2024\/07\/SENORAS-300x226.jpeg 300w\" sizes=\"(max-width: 710px) 100vw, 710px\" \/><\/p>\n<p>&nbsp;<\/p>\n<p><strong>Work tables<\/strong><\/p>\n<p>&nbsp;<\/p>\n<p>To generate knowledge, the meeting organized working groups that focused on three key topics: the creation and management of family and community seed banks; the use of cultural and social capital in the conservation of agrobiodiversity; and the development of market-based incentives for the conservation of agrobiodiversity products.<\/p>\n<p>&nbsp;<\/p>\n<p>Finally, innovative approaches were proposed that will help improve the management of agrobiodiversity in the Andean region. The participants concluded that it is essential to provide local incentives for the conservation of agrobiodiversity and to establish a direct link to the market to ensure demand for these products.<\/p>\n<p>&nbsp;<\/p>\n<p>In addition, the importance of achieving environmental, social, and economic sustainability goals was emphasized, as well as the need to address the valuation, property rights, and benefit-sharing of genetic resources\u2014issues that will be on the agenda at COP 16.<\/p>\n<p>&nbsp;<\/p>\n<ul>\n<li class=\"translation-block\">Learn about the innovative Seed Bank initiative <a href=\"https:\/\/profonanpe.org.pe\/wp-content\/uploads\/2024\/07\/Documento-de-Trabajo-Proyecto-SIPAM.pdf\" target=\"_self\">here.<\/a><\/li>\n<li class=\"translation-block\">Watch the conversation between Sixto Huaracha and Anita Sierra <a href=\"https:\/\/www.youtube.com\/watch?v=E2AxVkpCvsE\" target=\"_self\">here.<\/a><\/li>\n<\/ul>\n<p>&nbsp;<\/p>\n<p><strong>About Profonanpe's Thematic Roundtables<\/strong><\/p>\n<p>&nbsp;<\/p>\n<p>These are spaces for dialogue that seek to inspire the planning of collective actions that promote sustainability and efficiency in the management of environmental projects, as well as to have an impact on the national environmental agenda. These spaces bring together specialists from different sectors: public, private, international cooperation and civil society.<\/p>","protected":false},"excerpt":{"rendered":"<p>&nbsp; &nbsp; El 18 de julio se desarroll\u00f3 el segundo encuentro de las Mesas Tem\u00e1ticas 2024 de Profonanpe, reuniendo a especialistas de sectores p\u00fablico, privado, cooperaci\u00f3n internacional y sociedad civil quienes vienen tomando acciones en la conservaci\u00f3n y uso sostenible de la agrobiodiversidad. El encuentro busc\u00f3 fomentar el intercambio de ideas y enfoques que fortalezcan [&hellip;]<\/p>\n","protected":false},"author":16,"featured_media":36152,"comment_status":"closed","ping_status":"open","sticky":false,"template":"","format":"standard","meta":{"_acf_changed":false,"footnotes":""},"categories":[158],"tags":[],"class_list":["post-36149","post","type-post","status-publish","format-standard","has-post-thumbnail","hentry","category-columnas-es"],"acf":[],"yoast_head":"<!-- This site is optimized with the Yoast SEO plugin v27.4 - https:\/\/yoast.com\/product\/yoast-seo-wordpress\/ -->\n<title>Mesas Tem\u00e1ticas: Conservaci\u00f3n y uso sostenible de la agrobiodiversidad andina - Profonanpe<\/title>\n<meta name=\"robots\" content=\"index, follow, max-snippet:-1, max-image-preview:large, max-video-preview:-1\" \/>\n<link rel=\"canonical\" href=\"https:\/\/profonanpe.org.pe\/en\/mesas-tematicas-conservacion-y-uso-sostenible-de-la-agrobiodiversidad-andina\/\" \/>\n<meta property=\"og:locale\" content=\"en_US\" \/>\n<meta property=\"og:type\" content=\"article\" \/>\n<meta property=\"og:title\" content=\"Mesas Tem\u00e1ticas: Conservaci\u00f3n y uso sostenible de la agrobiodiversidad andina - Profonanpe\" \/>\n<meta property=\"og:description\" content=\"&nbsp; &nbsp; El 18 de julio se desarroll\u00f3 el segundo encuentro de las Mesas Tem\u00e1ticas 2024 de Profonanpe, reuniendo a especialistas de sectores p\u00fablico, privado, cooperaci\u00f3n internacional y sociedad civil quienes vienen tomando acciones en la conservaci\u00f3n y uso sostenible de la agrobiodiversidad. El encuentro busc\u00f3 fomentar el intercambio de ideas y enfoques que fortalezcan [&hellip;]\" \/>\n<meta property=\"og:url\" content=\"https:\/\/profonanpe.org.pe\/en\/mesas-tematicas-conservacion-y-uso-sostenible-de-la-agrobiodiversidad-andina\/\" \/>\n<meta property=\"og:site_name\" content=\"Profonanpe\" \/>\n<meta property=\"article:published_time\" content=\"2024-07-19T17:11:13+00:00\" \/>\n<meta property=\"article:modified_time\" content=\"2025-01-07T20:53:45+00:00\" \/>\n<meta property=\"og:image\" content=\"https:\/\/profonanpe.org.pe\/wp-content\/uploads\/2024\/07\/IMG_8622-1-scaled.jpg\" \/>\n\t<meta property=\"og:image:width\" content=\"1600\" \/>\n\t<meta property=\"og:image:height\" content=\"1067\" \/>\n\t<meta property=\"og:image:type\" content=\"image\/jpeg\" \/>\n<meta name=\"author\" content=\"Comunicaciones\" \/>\n<meta name=\"twitter:card\" content=\"summary_large_image\" \/>\n<meta name=\"twitter:label1\" content=\"Written by\" \/>\n\t<meta name=\"twitter:data1\" content=\"Comunicaciones\" \/>\n\t<meta name=\"twitter:label2\" content=\"Est. reading time\" \/>\n\t<meta name=\"twitter:data2\" content=\"4 minutes\" \/>\n<script type=\"application\/ld+json\" class=\"yoast-schema-graph\">{\"@context\":\"https:\\\/\\\/schema.org\",\"@graph\":[{\"@type\":\"Article\",\"@id\":\"https:\\\/\\\/profonanpe.org.pe\\\/en\\\/mesas-tematicas-conservacion-y-uso-sostenible-de-la-agrobiodiversidad-andina\\\/#article\",\"isPartOf\":{\"@id\":\"https:\\\/\\\/profonanpe.org.pe\\\/en\\\/mesas-tematicas-conservacion-y-uso-sostenible-de-la-agrobiodiversidad-andina\\\/\"},\"author\":{\"name\":\"Comunicaciones\",\"@id\":\"https:\\\/\\\/profonanpe.org.pe\\\/#\\\/schema\\\/person\\\/6240c1280fa0faa493147e00b333ed6d\"},\"headline\":\"Mesas Tem\u00e1ticas: Conservaci\u00f3n y uso sostenible de la agrobiodiversidad andina\",\"datePublished\":\"2024-07-19T17:11:13+00:00\",\"dateModified\":\"2025-01-07T20:53:45+00:00\",\"mainEntityOfPage\":{\"@id\":\"https:\\\/\\\/profonanpe.org.pe\\\/en\\\/mesas-tematicas-conservacion-y-uso-sostenible-de-la-agrobiodiversidad-andina\\\/\"},\"wordCount\":546,\"publisher\":{\"@id\":\"https:\\\/\\\/profonanpe.org.pe\\\/#organization\"},\"image\":{\"@id\":\"https:\\\/\\\/profonanpe.org.pe\\\/en\\\/mesas-tematicas-conservacion-y-uso-sostenible-de-la-agrobiodiversidad-andina\\\/#primaryimage\"},\"thumbnailUrl\":\"https:\\\/\\\/profonanpe.org.pe\\\/wp-content\\\/uploads\\\/2024\\\/07\\\/IMG_8622-1-scaled.jpg\",\"articleSection\":[\"Columnas\"],\"inLanguage\":\"en-US\"},{\"@type\":\"WebPage\",\"@id\":\"https:\\\/\\\/profonanpe.org.pe\\\/en\\\/mesas-tematicas-conservacion-y-uso-sostenible-de-la-agrobiodiversidad-andina\\\/\",\"url\":\"https:\\\/\\\/profonanpe.org.pe\\\/en\\\/mesas-tematicas-conservacion-y-uso-sostenible-de-la-agrobiodiversidad-andina\\\/\",\"name\":\"Mesas Tem\u00e1ticas: Conservaci\u00f3n y uso sostenible de la agrobiodiversidad andina - Profonanpe\",\"isPartOf\":{\"@id\":\"https:\\\/\\\/profonanpe.org.pe\\\/#website\"},\"primaryImageOfPage\":{\"@id\":\"https:\\\/\\\/profonanpe.org.pe\\\/en\\\/mesas-tematicas-conservacion-y-uso-sostenible-de-la-agrobiodiversidad-andina\\\/#primaryimage\"},\"image\":{\"@id\":\"https:\\\/\\\/profonanpe.org.pe\\\/en\\\/mesas-tematicas-conservacion-y-uso-sostenible-de-la-agrobiodiversidad-andina\\\/#primaryimage\"},\"thumbnailUrl\":\"https:\\\/\\\/profonanpe.org.pe\\\/wp-content\\\/uploads\\\/2024\\\/07\\\/IMG_8622-1-scaled.jpg\",\"datePublished\":\"2024-07-19T17:11:13+00:00\",\"dateModified\":\"2025-01-07T20:53:45+00:00\",\"breadcrumb\":{\"@id\":\"https:\\\/\\\/profonanpe.org.pe\\\/en\\\/mesas-tematicas-conservacion-y-uso-sostenible-de-la-agrobiodiversidad-andina\\\/#breadcrumb\"},\"inLanguage\":\"en-US\",\"potentialAction\":[{\"@type\":\"ReadAction\",\"target\":[\"https:\\\/\\\/profonanpe.org.pe\\\/en\\\/mesas-tematicas-conservacion-y-uso-sostenible-de-la-agrobiodiversidad-andina\\\/\"]}]},{\"@type\":\"ImageObject\",\"inLanguage\":\"en-US\",\"@id\":\"https:\\\/\\\/profonanpe.org.pe\\\/en\\\/mesas-tematicas-conservacion-y-uso-sostenible-de-la-agrobiodiversidad-andina\\\/#primaryimage\",\"url\":\"https:\\\/\\\/profonanpe.org.pe\\\/wp-content\\\/uploads\\\/2024\\\/07\\\/IMG_8622-1-scaled.jpg\",\"contentUrl\":\"https:\\\/\\\/profonanpe.org.pe\\\/wp-content\\\/uploads\\\/2024\\\/07\\\/IMG_8622-1-scaled.jpg\",\"width\":1600,\"height\":1067},{\"@type\":\"BreadcrumbList\",\"@id\":\"https:\\\/\\\/profonanpe.org.pe\\\/en\\\/mesas-tematicas-conservacion-y-uso-sostenible-de-la-agrobiodiversidad-andina\\\/#breadcrumb\",\"itemListElement\":[{\"@type\":\"ListItem\",\"position\":1,\"name\":\"Portada\",\"item\":\"https:\\\/\\\/profonanpe.org.pe\\\/\"},{\"@type\":\"ListItem\",\"position\":2,\"name\":\"Mesas Tem\u00e1ticas: Conservaci\u00f3n y uso sostenible de la agrobiodiversidad andina\"}]},{\"@type\":\"WebSite\",\"@id\":\"https:\\\/\\\/profonanpe.org.pe\\\/#website\",\"url\":\"https:\\\/\\\/profonanpe.org.pe\\\/\",\"name\":\"Profonanpe\",\"description\":\"\",\"publisher\":{\"@id\":\"https:\\\/\\\/profonanpe.org.pe\\\/#organization\"},\"potentialAction\":[{\"@type\":\"SearchAction\",\"target\":{\"@type\":\"EntryPoint\",\"urlTemplate\":\"https:\\\/\\\/profonanpe.org.pe\\\/?s={search_term_string}\"},\"query-input\":{\"@type\":\"PropertyValueSpecification\",\"valueRequired\":true,\"valueName\":\"search_term_string\"}}],\"inLanguage\":\"en-US\"},{\"@type\":\"Organization\",\"@id\":\"https:\\\/\\\/profonanpe.org.pe\\\/#organization\",\"name\":\"Profonanpe\",\"url\":\"https:\\\/\\\/profonanpe.org.pe\\\/\",\"logo\":{\"@type\":\"ImageObject\",\"inLanguage\":\"en-US\",\"@id\":\"https:\\\/\\\/profonanpe.org.pe\\\/#\\\/schema\\\/logo\\\/image\\\/\",\"url\":\"https:\\\/\\\/profonanpe.org.pe\\\/wp-content\\\/uploads\\\/2020\\\/10\\\/Snippet-Profonanpe-v2.jpg\",\"contentUrl\":\"https:\\\/\\\/profonanpe.org.pe\\\/wp-content\\\/uploads\\\/2020\\\/10\\\/Snippet-Profonanpe-v2.jpg\",\"width\":524,\"height\":274,\"caption\":\"Profonanpe\"},\"image\":{\"@id\":\"https:\\\/\\\/profonanpe.org.pe\\\/#\\\/schema\\\/logo\\\/image\\\/\"}},{\"@type\":\"Person\",\"@id\":\"https:\\\/\\\/profonanpe.org.pe\\\/#\\\/schema\\\/person\\\/6240c1280fa0faa493147e00b333ed6d\",\"name\":\"Comunicaciones\",\"url\":\"https:\\\/\\\/profonanpe.org.pe\\\/en\\\/author\\\/comunicaciones-profonanpe\\\/\"}]}<\/script>\n<!-- \/ Yoast SEO plugin. -->","yoast_head_json":{"title":"Mesas Tem\u00e1ticas: Conservaci\u00f3n y uso sostenible de la agrobiodiversidad andina - Profonanpe","robots":{"index":"index","follow":"follow","max-snippet":"max-snippet:-1","max-image-preview":"max-image-preview:large","max-video-preview":"max-video-preview:-1"},"canonical":"https:\/\/profonanpe.org.pe\/en\/mesas-tematicas-conservacion-y-uso-sostenible-de-la-agrobiodiversidad-andina\/","og_locale":"en_US","og_type":"article","og_title":"Mesas Tem\u00e1ticas: Conservaci\u00f3n y uso sostenible de la agrobiodiversidad andina - Profonanpe","og_description":"&nbsp; &nbsp; El 18 de julio se desarroll\u00f3 el segundo encuentro de las Mesas Tem\u00e1ticas 2024 de Profonanpe, reuniendo a especialistas de sectores p\u00fablico, privado, cooperaci\u00f3n internacional y sociedad civil quienes vienen tomando acciones en la conservaci\u00f3n y uso sostenible de la agrobiodiversidad. El encuentro busc\u00f3 fomentar el intercambio de ideas y enfoques que fortalezcan [&hellip;]","og_url":"https:\/\/profonanpe.org.pe\/en\/mesas-tematicas-conservacion-y-uso-sostenible-de-la-agrobiodiversidad-andina\/","og_site_name":"Profonanpe","article_published_time":"2024-07-19T17:11:13+00:00","article_modified_time":"2025-01-07T20:53:45+00:00","og_image":[{"width":1600,"height":1067,"url":"https:\/\/profonanpe.org.pe\/wp-content\/uploads\/2024\/07\/IMG_8622-1-scaled.jpg","type":"image\/jpeg"}],"author":"Comunicaciones","twitter_card":"summary_large_image","twitter_misc":{"Written by":"Comunicaciones","Est. reading time":"4 minutes"},"schema":{"@context":"https:\/\/schema.org","@graph":[{"@type":"Article","@id":"https:\/\/profonanpe.org.pe\/en\/mesas-tematicas-conservacion-y-uso-sostenible-de-la-agrobiodiversidad-andina\/#article","isPartOf":{"@id":"https:\/\/profonanpe.org.pe\/en\/mesas-tematicas-conservacion-y-uso-sostenible-de-la-agrobiodiversidad-andina\/"},"author":{"name":"Comunicaciones","@id":"https:\/\/profonanpe.org.pe\/#\/schema\/person\/6240c1280fa0faa493147e00b333ed6d"},"headline":"Mesas Tem\u00e1ticas: Conservaci\u00f3n y uso sostenible de la agrobiodiversidad andina","datePublished":"2024-07-19T17:11:13+00:00","dateModified":"2025-01-07T20:53:45+00:00","mainEntityOfPage":{"@id":"https:\/\/profonanpe.org.pe\/en\/mesas-tematicas-conservacion-y-uso-sostenible-de-la-agrobiodiversidad-andina\/"},"wordCount":546,"publisher":{"@id":"https:\/\/profonanpe.org.pe\/#organization"},"image":{"@id":"https:\/\/profonanpe.org.pe\/en\/mesas-tematicas-conservacion-y-uso-sostenible-de-la-agrobiodiversidad-andina\/#primaryimage"},"thumbnailUrl":"https:\/\/profonanpe.org.pe\/wp-content\/uploads\/2024\/07\/IMG_8622-1-scaled.jpg","articleSection":["Columnas"],"inLanguage":"en-US"},{"@type":"WebPage","@id":"https:\/\/profonanpe.org.pe\/en\/mesas-tematicas-conservacion-y-uso-sostenible-de-la-agrobiodiversidad-andina\/","url":"https:\/\/profonanpe.org.pe\/en\/mesas-tematicas-conservacion-y-uso-sostenible-de-la-agrobiodiversidad-andina\/","name":"Mesas Tem\u00e1ticas: Conservaci\u00f3n y uso sostenible de la agrobiodiversidad andina - Profonanpe","isPartOf":{"@id":"https:\/\/profonanpe.org.pe\/#website"},"primaryImageOfPage":{"@id":"https:\/\/profonanpe.org.pe\/en\/mesas-tematicas-conservacion-y-uso-sostenible-de-la-agrobiodiversidad-andina\/#primaryimage"},"image":{"@id":"https:\/\/profonanpe.org.pe\/en\/mesas-tematicas-conservacion-y-uso-sostenible-de-la-agrobiodiversidad-andina\/#primaryimage"},"thumbnailUrl":"https:\/\/profonanpe.org.pe\/wp-content\/uploads\/2024\/07\/IMG_8622-1-scaled.jpg","datePublished":"2024-07-19T17:11:13+00:00","dateModified":"2025-01-07T20:53:45+00:00","breadcrumb":{"@id":"https:\/\/profonanpe.org.pe\/en\/mesas-tematicas-conservacion-y-uso-sostenible-de-la-agrobiodiversidad-andina\/#breadcrumb"},"inLanguage":"en-US","potentialAction":[{"@type":"ReadAction","target":["https:\/\/profonanpe.org.pe\/en\/mesas-tematicas-conservacion-y-uso-sostenible-de-la-agrobiodiversidad-andina\/"]}]},{"@type":"ImageObject","inLanguage":"en-US","@id":"https:\/\/profonanpe.org.pe\/en\/mesas-tematicas-conservacion-y-uso-sostenible-de-la-agrobiodiversidad-andina\/#primaryimage","url":"https:\/\/profonanpe.org.pe\/wp-content\/uploads\/2024\/07\/IMG_8622-1-scaled.jpg","contentUrl":"https:\/\/profonanpe.org.pe\/wp-content\/uploads\/2024\/07\/IMG_8622-1-scaled.jpg","width":1600,"height":1067},{"@type":"BreadcrumbList","@id":"https:\/\/profonanpe.org.pe\/en\/mesas-tematicas-conservacion-y-uso-sostenible-de-la-agrobiodiversidad-andina\/#breadcrumb","itemListElement":[{"@type":"ListItem","position":1,"name":"Portada","item":"https:\/\/profonanpe.org.pe\/"},{"@type":"ListItem","position":2,"name":"Mesas Tem\u00e1ticas: Conservaci\u00f3n y uso sostenible de la agrobiodiversidad andina"}]},{"@type":"WebSite","@id":"https:\/\/profonanpe.org.pe\/#website","url":"https:\/\/profonanpe.org.pe\/","name":"Profonanpe","description":"","publisher":{"@id":"https:\/\/profonanpe.org.pe\/#organization"},"potentialAction":[{"@type":"SearchAction","target":{"@type":"EntryPoint","urlTemplate":"https:\/\/profonanpe.org.pe\/?s={search_term_string}"},"query-input":{"@type":"PropertyValueSpecification","valueRequired":true,"valueName":"search_term_string"}}],"inLanguage":"en-US"},{"@type":"Organization","@id":"https:\/\/profonanpe.org.pe\/#organization","name":"Profonanpe","url":"https:\/\/profonanpe.org.pe\/","logo":{"@type":"ImageObject","inLanguage":"en-US","@id":"https:\/\/profonanpe.org.pe\/#\/schema\/logo\/image\/","url":"https:\/\/profonanpe.org.pe\/wp-content\/uploads\/2020\/10\/Snippet-Profonanpe-v2.jpg","contentUrl":"https:\/\/profonanpe.org.pe\/wp-content\/uploads\/2020\/10\/Snippet-Profonanpe-v2.jpg","width":524,"height":274,"caption":"Profonanpe"},"image":{"@id":"https:\/\/profonanpe.org.pe\/#\/schema\/logo\/image\/"}},{"@type":"Person","@id":"https:\/\/profonanpe.org.pe\/#\/schema\/person\/6240c1280fa0faa493147e00b333ed6d","name":"Communications","url":"https:\/\/profonanpe.org.pe\/en\/author\/comunicaciones-profonanpe\/"}]}},"_links":{"self":[{"href":"https:\/\/profonanpe.org.pe\/en\/wp-json\/wp\/v2\/posts\/36149","targetHints":{"allow":["GET"]}}],"collection":[{"href":"https:\/\/profonanpe.org.pe\/en\/wp-json\/wp\/v2\/posts"}],"about":[{"href":"https:\/\/profonanpe.org.pe\/en\/wp-json\/wp\/v2\/types\/post"}],"author":[{"embeddable":true,"href":"https:\/\/profonanpe.org.pe\/en\/wp-json\/wp\/v2\/users\/16"}],"replies":[{"embeddable":true,"href":"https:\/\/profonanpe.org.pe\/en\/wp-json\/wp\/v2\/comments?post=36149"}],"version-history":[{"count":0,"href":"https:\/\/profonanpe.org.pe\/en\/wp-json\/wp\/v2\/posts\/36149\/revisions"}],"wp:featuredmedia":[{"embeddable":true,"href":"https:\/\/profonanpe.org.pe\/en\/wp-json\/wp\/v2\/media\/36152"}],"wp:attachment":[{"href":"https:\/\/profonanpe.org.pe\/en\/wp-json\/wp\/v2\/media?parent=36149"}],"wp:term":[{"taxonomy":"category","embeddable":true,"href":"https:\/\/profonanpe.org.pe\/en\/wp-json\/wp\/v2\/categories?post=36149"},{"taxonomy":"post_tag","embeddable":true,"href":"https:\/\/profonanpe.org.pe\/en\/wp-json\/wp\/v2\/tags?post=36149"}],"curies":[{"name":"wp","href":"https:\/\/api.w.org\/{rel}","templated":true}]}}