{"id":35451,"date":"2024-05-31T08:36:51","date_gmt":"2024-05-31T13:36:51","guid":{"rendered":"https:\/\/profonanpe.org.pe\/?p=35451"},"modified":"2025-01-31T12:33:08","modified_gmt":"2025-01-31T17:33:08","slug":"24-native-communities-in-loreto-receive-property-titles","status":"publish","type":"post","link":"https:\/\/profonanpe.org.pe\/en\/24-comunidades-nativas-de-loreto-reciben-titulos-de-propiedad\/","title":{"rendered":"24 Native Communities of Loreto receive property titles"},"content":{"rendered":"<p>In an atmosphere of celebration, last May 21, an important event was held to hand over land titles to 24 native communities in the Loreto region. This ceremony, led by the Regional Government of Loreto and organized by AIDESEP and ORPIO, was attended by community authorities, indigenous leaders and officials of the Regional Management of Agrarian Development and Irrigation (GERDAGRI) of Loreto.<\/p>\n<p>&nbsp;<\/p>\n<p>Profonanpe, Peru's private environmental fund, actively supported the titling of the native communities of Padre L\u00f3pez and Nuevo Polo Sur del Puinahua. This achievement is part of the collaborative and direct work with AIDESEP to contribute to the legal security of their territories.<\/p>\n<p>&nbsp;<\/p>\n<p><img fetchpriority=\"high\" decoding=\"async\" class=\"aligncenter size-full wp-image-35456\" src=\"https:\/\/profonanpe.org.pe\/wp-content\/uploads\/2024\/05\/UPI2.0.jpg\" alt=\"\" width=\"2285\" height=\"1500\" \/><\/p>\n<p>&nbsp;<\/p>\n<p>The titling of these two communities was possible thanks to the joint and articulated effort between AIDESEP, ORPIO, Profonanpe and GERDAGRI of Loreto, framed in the project \u00abSupport for the Implementation of the National Strategy on Forests and Climate Change of Peru (ENBCC) - Phase III\u00bb, financed by the Inter-American Development Bank (IDB) through the Readiness Fund of the Forest Carbon Partnership Facility (FCP). One of the components of the project consisted of accompanying the titling and recognition processes of native communities, in accordance with current regulations, developed by AIDESEP with the technical support of Profonanpe. To date, this collaboration has allowed the titling of 8 native communities and the recognition of 13 in 4 departments of the country.<\/p>\n<p>&nbsp;<\/p>\n<p>The president of AIDESEP, Jorge P\u00e9rez, highlighted in his speech the challenges that communities still face, even after receiving their land titles, as is the case of Centro Arenal, which continues to face threats and pressures. This is why achieving the titling becomes a crucial step to guarantee the legal security of the indigenous territories of the native communities.<\/p>\n<p>&nbsp;<\/p>\n<p>The successful titling of the 24 native communities has been possible thanks to the articulated and collaborative work led by AIDESEP in coordination with GERDAGRI and various partners, including Profonanpe, Rainforest Foundation US and the Indian Law Resources Center. The field work, which included georeferencing, demarcation, agrological evaluation and soil analysis, in direct coordination with AIDESEP, was fundamental to achieve the objectives in less time than in other similar projects.<\/p>","protected":false},"excerpt":{"rendered":"<p>En un ambiente de celebraci\u00f3n, el pasado 21 de mayo se llev\u00f3 a cabo un importante evento de entrega de t\u00edtulos de propiedad a 24 comunidades nativas en la regi\u00f3n Loreto. Esta ceremonia, liderada por el Gobierno Regional de Loreto y organizada por AIDESEP y ORPIO, cont\u00f3 con la participaci\u00f3n de autoridades comunales, dirigentes ind\u00edgenas [&hellip;]<\/p>\n","protected":false},"author":16,"featured_media":35454,"comment_status":"closed","ping_status":"open","sticky":false,"template":"","format":"standard","meta":{"_acf_changed":false,"footnotes":""},"categories":[158],"tags":[],"class_list":["post-35451","post","type-post","status-publish","format-standard","has-post-thumbnail","hentry","category-columnas-es"],"acf":[],"yoast_head":"<!-- This site is optimized with the Yoast SEO plugin v27.4 - https:\/\/yoast.com\/product\/yoast-seo-wordpress\/ -->\n<title>24 Comunidades Nativas de Loreto reciben t\u00edtulos de propiedad - Profonanpe<\/title>\n<meta name=\"robots\" content=\"index, follow, max-snippet:-1, max-image-preview:large, max-video-preview:-1\" \/>\n<link rel=\"canonical\" href=\"https:\/\/profonanpe.org.pe\/en\/24-native-communities-in-loreto-receive-property-titles\/\" \/>\n<meta property=\"og:locale\" content=\"en_US\" \/>\n<meta property=\"og:type\" content=\"article\" \/>\n<meta property=\"og:title\" content=\"24 Comunidades Nativas de Loreto reciben t\u00edtulos de propiedad - Profonanpe\" \/>\n<meta property=\"og:description\" content=\"En un ambiente de celebraci\u00f3n, el pasado 21 de mayo se llev\u00f3 a cabo un importante evento de entrega de t\u00edtulos de propiedad a 24 comunidades nativas en la regi\u00f3n Loreto. Esta ceremonia, liderada por el Gobierno Regional de Loreto y organizada por AIDESEP y ORPIO, cont\u00f3 con la participaci\u00f3n de autoridades comunales, dirigentes ind\u00edgenas [&hellip;]\" \/>\n<meta property=\"og:url\" content=\"https:\/\/profonanpe.org.pe\/en\/24-native-communities-in-loreto-receive-property-titles\/\" \/>\n<meta property=\"og:site_name\" content=\"Profonanpe\" \/>\n<meta property=\"article:published_time\" content=\"2024-05-31T13:36:51+00:00\" \/>\n<meta property=\"article:modified_time\" content=\"2025-01-31T17:33:08+00:00\" \/>\n<meta property=\"og:image\" content=\"https:\/\/profonanpe.org.pe\/wp-content\/uploads\/2024\/05\/UPI.jpg\" \/>\n\t<meta property=\"og:image:width\" content=\"1600\" \/>\n\t<meta property=\"og:image:height\" content=\"988\" \/>\n\t<meta property=\"og:image:type\" content=\"image\/jpeg\" \/>\n<meta name=\"author\" content=\"Comunicaciones\" \/>\n<meta name=\"twitter:card\" content=\"summary_large_image\" \/>\n<meta name=\"twitter:label1\" content=\"Written by\" \/>\n\t<meta name=\"twitter:data1\" content=\"Comunicaciones\" \/>\n\t<meta name=\"twitter:label2\" content=\"Est. reading time\" \/>\n\t<meta name=\"twitter:data2\" content=\"3 minutes\" \/>\n<script type=\"application\/ld+json\" class=\"yoast-schema-graph\">{\"@context\":\"https:\\\/\\\/schema.org\",\"@graph\":[{\"@type\":\"Article\",\"@id\":\"https:\\\/\\\/profonanpe.org.pe\\\/24-comunidades-nativas-de-loreto-reciben-titulos-de-propiedad\\\/#article\",\"isPartOf\":{\"@id\":\"https:\\\/\\\/profonanpe.org.pe\\\/24-comunidades-nativas-de-loreto-reciben-titulos-de-propiedad\\\/\"},\"author\":{\"name\":\"Comunicaciones\",\"@id\":\"https:\\\/\\\/profonanpe.org.pe\\\/#\\\/schema\\\/person\\\/6240c1280fa0faa493147e00b333ed6d\"},\"headline\":\"24 Comunidades Nativas de Loreto reciben t\u00edtulos de propiedad\",\"datePublished\":\"2024-05-31T13:36:51+00:00\",\"dateModified\":\"2025-01-31T17:33:08+00:00\",\"mainEntityOfPage\":{\"@id\":\"https:\\\/\\\/profonanpe.org.pe\\\/24-comunidades-nativas-de-loreto-reciben-titulos-de-propiedad\\\/\"},\"wordCount\":427,\"publisher\":{\"@id\":\"https:\\\/\\\/profonanpe.org.pe\\\/#organization\"},\"image\":{\"@id\":\"https:\\\/\\\/profonanpe.org.pe\\\/24-comunidades-nativas-de-loreto-reciben-titulos-de-propiedad\\\/#primaryimage\"},\"thumbnailUrl\":\"https:\\\/\\\/profonanpe.org.pe\\\/wp-content\\\/uploads\\\/2024\\\/05\\\/UPI.jpg\",\"articleSection\":[\"Columnas\"],\"inLanguage\":\"en-US\"},{\"@type\":\"WebPage\",\"@id\":\"https:\\\/\\\/profonanpe.org.pe\\\/24-comunidades-nativas-de-loreto-reciben-titulos-de-propiedad\\\/\",\"url\":\"https:\\\/\\\/profonanpe.org.pe\\\/24-comunidades-nativas-de-loreto-reciben-titulos-de-propiedad\\\/\",\"name\":\"24 Comunidades Nativas de Loreto reciben t\u00edtulos de propiedad - Profonanpe\",\"isPartOf\":{\"@id\":\"https:\\\/\\\/profonanpe.org.pe\\\/#website\"},\"primaryImageOfPage\":{\"@id\":\"https:\\\/\\\/profonanpe.org.pe\\\/24-comunidades-nativas-de-loreto-reciben-titulos-de-propiedad\\\/#primaryimage\"},\"image\":{\"@id\":\"https:\\\/\\\/profonanpe.org.pe\\\/24-comunidades-nativas-de-loreto-reciben-titulos-de-propiedad\\\/#primaryimage\"},\"thumbnailUrl\":\"https:\\\/\\\/profonanpe.org.pe\\\/wp-content\\\/uploads\\\/2024\\\/05\\\/UPI.jpg\",\"datePublished\":\"2024-05-31T13:36:51+00:00\",\"dateModified\":\"2025-01-31T17:33:08+00:00\",\"breadcrumb\":{\"@id\":\"https:\\\/\\\/profonanpe.org.pe\\\/24-comunidades-nativas-de-loreto-reciben-titulos-de-propiedad\\\/#breadcrumb\"},\"inLanguage\":\"en-US\",\"potentialAction\":[{\"@type\":\"ReadAction\",\"target\":[\"https:\\\/\\\/profonanpe.org.pe\\\/24-comunidades-nativas-de-loreto-reciben-titulos-de-propiedad\\\/\"]}]},{\"@type\":\"ImageObject\",\"inLanguage\":\"en-US\",\"@id\":\"https:\\\/\\\/profonanpe.org.pe\\\/24-comunidades-nativas-de-loreto-reciben-titulos-de-propiedad\\\/#primaryimage\",\"url\":\"https:\\\/\\\/profonanpe.org.pe\\\/wp-content\\\/uploads\\\/2024\\\/05\\\/UPI.jpg\",\"contentUrl\":\"https:\\\/\\\/profonanpe.org.pe\\\/wp-content\\\/uploads\\\/2024\\\/05\\\/UPI.jpg\",\"width\":1600,\"height\":988},{\"@type\":\"BreadcrumbList\",\"@id\":\"https:\\\/\\\/profonanpe.org.pe\\\/24-comunidades-nativas-de-loreto-reciben-titulos-de-propiedad\\\/#breadcrumb\",\"itemListElement\":[{\"@type\":\"ListItem\",\"position\":1,\"name\":\"Portada\",\"item\":\"https:\\\/\\\/profonanpe.org.pe\\\/\"},{\"@type\":\"ListItem\",\"position\":2,\"name\":\"24 Comunidades Nativas de Loreto reciben t\u00edtulos de propiedad\"}]},{\"@type\":\"WebSite\",\"@id\":\"https:\\\/\\\/profonanpe.org.pe\\\/#website\",\"url\":\"https:\\\/\\\/profonanpe.org.pe\\\/\",\"name\":\"Profonanpe\",\"description\":\"\",\"publisher\":{\"@id\":\"https:\\\/\\\/profonanpe.org.pe\\\/#organization\"},\"potentialAction\":[{\"@type\":\"SearchAction\",\"target\":{\"@type\":\"EntryPoint\",\"urlTemplate\":\"https:\\\/\\\/profonanpe.org.pe\\\/?s={search_term_string}\"},\"query-input\":{\"@type\":\"PropertyValueSpecification\",\"valueRequired\":true,\"valueName\":\"search_term_string\"}}],\"inLanguage\":\"en-US\"},{\"@type\":\"Organization\",\"@id\":\"https:\\\/\\\/profonanpe.org.pe\\\/#organization\",\"name\":\"Profonanpe\",\"url\":\"https:\\\/\\\/profonanpe.org.pe\\\/\",\"logo\":{\"@type\":\"ImageObject\",\"inLanguage\":\"en-US\",\"@id\":\"https:\\\/\\\/profonanpe.org.pe\\\/#\\\/schema\\\/logo\\\/image\\\/\",\"url\":\"https:\\\/\\\/profonanpe.org.pe\\\/wp-content\\\/uploads\\\/2020\\\/10\\\/Snippet-Profonanpe-v2.jpg\",\"contentUrl\":\"https:\\\/\\\/profonanpe.org.pe\\\/wp-content\\\/uploads\\\/2020\\\/10\\\/Snippet-Profonanpe-v2.jpg\",\"width\":524,\"height\":274,\"caption\":\"Profonanpe\"},\"image\":{\"@id\":\"https:\\\/\\\/profonanpe.org.pe\\\/#\\\/schema\\\/logo\\\/image\\\/\"}},{\"@type\":\"Person\",\"@id\":\"https:\\\/\\\/profonanpe.org.pe\\\/#\\\/schema\\\/person\\\/6240c1280fa0faa493147e00b333ed6d\",\"name\":\"Comunicaciones\",\"url\":\"https:\\\/\\\/profonanpe.org.pe\\\/en\\\/author\\\/comunicaciones-profonanpe\\\/\"}]}<\/script>\n<!-- \/ Yoast SEO plugin. -->","yoast_head_json":{"title":"24 Native Communities of Loreto receive property titles - Profonanpe","robots":{"index":"index","follow":"follow","max-snippet":"max-snippet:-1","max-image-preview":"max-image-preview:large","max-video-preview":"max-video-preview:-1"},"canonical":"https:\/\/profonanpe.org.pe\/en\/24-native-communities-in-loreto-receive-property-titles\/","og_locale":"en_US","og_type":"article","og_title":"24 Comunidades Nativas de Loreto reciben t\u00edtulos de propiedad - Profonanpe","og_description":"En un ambiente de celebraci\u00f3n, el pasado 21 de mayo se llev\u00f3 a cabo un importante evento de entrega de t\u00edtulos de propiedad a 24 comunidades nativas en la regi\u00f3n Loreto. Esta ceremonia, liderada por el Gobierno Regional de Loreto y organizada por AIDESEP y ORPIO, cont\u00f3 con la participaci\u00f3n de autoridades comunales, dirigentes ind\u00edgenas [&hellip;]","og_url":"https:\/\/profonanpe.org.pe\/en\/24-native-communities-in-loreto-receive-property-titles\/","og_site_name":"Profonanpe","article_published_time":"2024-05-31T13:36:51+00:00","article_modified_time":"2025-01-31T17:33:08+00:00","og_image":[{"width":1600,"height":988,"url":"https:\/\/profonanpe.org.pe\/wp-content\/uploads\/2024\/05\/UPI.jpg","type":"image\/jpeg"}],"author":"Comunicaciones","twitter_card":"summary_large_image","twitter_misc":{"Written by":"Comunicaciones","Est. reading time":"3 minutes"},"schema":{"@context":"https:\/\/schema.org","@graph":[{"@type":"Article","@id":"https:\/\/profonanpe.org.pe\/24-comunidades-nativas-de-loreto-reciben-titulos-de-propiedad\/#article","isPartOf":{"@id":"https:\/\/profonanpe.org.pe\/24-comunidades-nativas-de-loreto-reciben-titulos-de-propiedad\/"},"author":{"name":"Comunicaciones","@id":"https:\/\/profonanpe.org.pe\/#\/schema\/person\/6240c1280fa0faa493147e00b333ed6d"},"headline":"24 Comunidades Nativas de Loreto reciben t\u00edtulos de propiedad","datePublished":"2024-05-31T13:36:51+00:00","dateModified":"2025-01-31T17:33:08+00:00","mainEntityOfPage":{"@id":"https:\/\/profonanpe.org.pe\/24-comunidades-nativas-de-loreto-reciben-titulos-de-propiedad\/"},"wordCount":427,"publisher":{"@id":"https:\/\/profonanpe.org.pe\/#organization"},"image":{"@id":"https:\/\/profonanpe.org.pe\/24-comunidades-nativas-de-loreto-reciben-titulos-de-propiedad\/#primaryimage"},"thumbnailUrl":"https:\/\/profonanpe.org.pe\/wp-content\/uploads\/2024\/05\/UPI.jpg","articleSection":["Columnas"],"inLanguage":"en-US"},{"@type":"WebPage","@id":"https:\/\/profonanpe.org.pe\/24-comunidades-nativas-de-loreto-reciben-titulos-de-propiedad\/","url":"https:\/\/profonanpe.org.pe\/24-comunidades-nativas-de-loreto-reciben-titulos-de-propiedad\/","name":"24 Native Communities of Loreto receive property titles - Profonanpe","isPartOf":{"@id":"https:\/\/profonanpe.org.pe\/#website"},"primaryImageOfPage":{"@id":"https:\/\/profonanpe.org.pe\/24-comunidades-nativas-de-loreto-reciben-titulos-de-propiedad\/#primaryimage"},"image":{"@id":"https:\/\/profonanpe.org.pe\/24-comunidades-nativas-de-loreto-reciben-titulos-de-propiedad\/#primaryimage"},"thumbnailUrl":"https:\/\/profonanpe.org.pe\/wp-content\/uploads\/2024\/05\/UPI.jpg","datePublished":"2024-05-31T13:36:51+00:00","dateModified":"2025-01-31T17:33:08+00:00","breadcrumb":{"@id":"https:\/\/profonanpe.org.pe\/24-comunidades-nativas-de-loreto-reciben-titulos-de-propiedad\/#breadcrumb"},"inLanguage":"en-US","potentialAction":[{"@type":"ReadAction","target":["https:\/\/profonanpe.org.pe\/24-comunidades-nativas-de-loreto-reciben-titulos-de-propiedad\/"]}]},{"@type":"ImageObject","inLanguage":"en-US","@id":"https:\/\/profonanpe.org.pe\/24-comunidades-nativas-de-loreto-reciben-titulos-de-propiedad\/#primaryimage","url":"https:\/\/profonanpe.org.pe\/wp-content\/uploads\/2024\/05\/UPI.jpg","contentUrl":"https:\/\/profonanpe.org.pe\/wp-content\/uploads\/2024\/05\/UPI.jpg","width":1600,"height":988},{"@type":"BreadcrumbList","@id":"https:\/\/profonanpe.org.pe\/24-comunidades-nativas-de-loreto-reciben-titulos-de-propiedad\/#breadcrumb","itemListElement":[{"@type":"ListItem","position":1,"name":"Portada","item":"https:\/\/profonanpe.org.pe\/"},{"@type":"ListItem","position":2,"name":"24 Comunidades Nativas de Loreto reciben t\u00edtulos de propiedad"}]},{"@type":"WebSite","@id":"https:\/\/profonanpe.org.pe\/#website","url":"https:\/\/profonanpe.org.pe\/","name":"Profonanpe","description":"","publisher":{"@id":"https:\/\/profonanpe.org.pe\/#organization"},"potentialAction":[{"@type":"SearchAction","target":{"@type":"EntryPoint","urlTemplate":"https:\/\/profonanpe.org.pe\/?s={search_term_string}"},"query-input":{"@type":"PropertyValueSpecification","valueRequired":true,"valueName":"search_term_string"}}],"inLanguage":"en-US"},{"@type":"Organization","@id":"https:\/\/profonanpe.org.pe\/#organization","name":"Profonanpe","url":"https:\/\/profonanpe.org.pe\/","logo":{"@type":"ImageObject","inLanguage":"en-US","@id":"https:\/\/profonanpe.org.pe\/#\/schema\/logo\/image\/","url":"https:\/\/profonanpe.org.pe\/wp-content\/uploads\/2020\/10\/Snippet-Profonanpe-v2.jpg","contentUrl":"https:\/\/profonanpe.org.pe\/wp-content\/uploads\/2020\/10\/Snippet-Profonanpe-v2.jpg","width":524,"height":274,"caption":"Profonanpe"},"image":{"@id":"https:\/\/profonanpe.org.pe\/#\/schema\/logo\/image\/"}},{"@type":"Person","@id":"https:\/\/profonanpe.org.pe\/#\/schema\/person\/6240c1280fa0faa493147e00b333ed6d","name":"Communications","url":"https:\/\/profonanpe.org.pe\/en\/author\/comunicaciones-profonanpe\/"}]}},"_links":{"self":[{"href":"https:\/\/profonanpe.org.pe\/en\/wp-json\/wp\/v2\/posts\/35451","targetHints":{"allow":["GET"]}}],"collection":[{"href":"https:\/\/profonanpe.org.pe\/en\/wp-json\/wp\/v2\/posts"}],"about":[{"href":"https:\/\/profonanpe.org.pe\/en\/wp-json\/wp\/v2\/types\/post"}],"author":[{"embeddable":true,"href":"https:\/\/profonanpe.org.pe\/en\/wp-json\/wp\/v2\/users\/16"}],"replies":[{"embeddable":true,"href":"https:\/\/profonanpe.org.pe\/en\/wp-json\/wp\/v2\/comments?post=35451"}],"version-history":[{"count":0,"href":"https:\/\/profonanpe.org.pe\/en\/wp-json\/wp\/v2\/posts\/35451\/revisions"}],"wp:featuredmedia":[{"embeddable":true,"href":"https:\/\/profonanpe.org.pe\/en\/wp-json\/wp\/v2\/media\/35454"}],"wp:attachment":[{"href":"https:\/\/profonanpe.org.pe\/en\/wp-json\/wp\/v2\/media?parent=35451"}],"wp:term":[{"taxonomy":"category","embeddable":true,"href":"https:\/\/profonanpe.org.pe\/en\/wp-json\/wp\/v2\/categories?post=35451"},{"taxonomy":"post_tag","embeddable":true,"href":"https:\/\/profonanpe.org.pe\/en\/wp-json\/wp\/v2\/tags?post=35451"}],"curies":[{"name":"wp","href":"https:\/\/api.w.org\/{rel}","templated":true}]}}