{"id":35180,"date":"2024-05-09T05:58:43","date_gmt":"2024-05-09T10:58:43","guid":{"rendered":"https:\/\/profonanpe.org.pe\/gobierno-regional-de-loreto-y-ministerio-del-ambiente-definen-acciones-con-miras-a-fortalecer-la-gestion-y-con\/"},"modified":"2025-01-31T12:52:35","modified_gmt":"2025-01-31T17:52:35","slug":"regional-government-of-loreto-and-ministry-of-the-environment-define-actions-to-strengthen-the-management-and","status":"publish","type":"post","link":"https:\/\/profonanpe.org.pe\/en\/gobierno-regional-de-loreto-y-ministerio-del-ambiente-definen-acciones-con-miras-a-fortalecer-la-gestion-y-con\/","title":{"rendered":"Regional Government of Loreto and Ministry of Environment define actions to strengthen management and conservation of the Abanico del Pastaza Ramsar Site"},"content":{"rendered":"<p><b>Lima, April 2024. <\/b><span style=\"font-weight: 400;\">One of the most valuable Ramsar sites in Peru and the world is the Pastaza River Fan Wetland Complex, an ecosystem whose conservation is of national interest and which already has a roadmap that will strengthen its management and conservation. To this end, the Regional Government of Loreto and the Ministry of the Environment, with the technical support of the \u201cAmazonian Forests - ASL2\u201d project, established key actions to promote its conservation, within the framework of national regulations and the Ramsar Convention.<\/span><\/p>\n<p>&nbsp;<\/p>\n<p><span style=\"font-weight: 400;\">The technical support provided by the \u201cBosques Amaz\u00f3nicos - ASL2\u201d project will enable the establishment of protection mechanisms for the peatlands and other relevant ecosystems of the Pastaza Fan, which are facing increasing pressures and threats.<\/span><\/p>\n<p>&nbsp;<\/p>\n<p><i><span style=\"font-weight: 400;\">\u201cThe Pastaza Fan is a set of key ecosystems whose conservation contributes to the long-term care of the Peruvian Amazon in the face of climate change. From the Amazon Forests - ASL2 project, we seek to contribute to the adoption of mitigation measures and preserve carbon stocks for the benefit of local communities and their ecosystems\u201d.\u201d <\/span><\/i><span style=\"font-weight: 400;\">notes Jorge Elliot, technical coordinator of the project.<\/span><\/p>\n<p>&nbsp;<\/p>\n<p><img fetchpriority=\"high\" decoding=\"async\" class=\"aligncenter size-full wp-image-35183\" src=\"https:\/\/profonanpe.org.pe\/wp-content\/uploads\/2024\/05\/Equipos-del-MINAM-GORE-Loreto-y-ASL2-1.jpeg\" alt=\"\" width=\"1280\" height=\"965\" \/><\/p>\n<p><span style=\"font-weight: 400; font-size: 10pt;\">Technical team of the \u201cBosques Amaz\u00f3nicos - ASL2\u201d project, the Ministry of Environment and the Regional Government of Loreto, team in charge of establishing the roadmap for the management of the Pastaza Fan.<\/span><\/p>\n<p>&nbsp;<\/p>\n<p><span style=\"font-weight: 400;\">The effective conservation of the Pastaza Fan is of vital importance due to its high carbon sequestration capacity, which contributes to mitigating the effects of climate change. Its ecosystem is characterized by large extensions of swamps, lakes and alluvial plains covering more than 3.8 million hectares, which allows it to store more than 3 billion tons of carbon, equivalent to the accumulation of 62 years of annual emissions from human activities in Peru.<\/span><\/p>\n<p>&nbsp;<\/p>\n<p><span style=\"font-weight: 400;\">In this sense, the knowledge and experience generated in the area by the Humedales del Datem project of Profonanpe, Peru's environmental fund, represents a valuable precedent in the relationship with local communities and the management and promotion of bio-businesses.<\/span><\/p>\n<p>&nbsp;<\/p>\n<p><span style=\"font-weight: 400;\">These actions will support the implementation of the Roadmap for the management of the Ramsar site, which will now focus on governance, through the creation of a participatory body for its management, considering its extension and variety of stakeholders.<\/span><\/p>\n<p>&nbsp;<\/p>\n<p><span style=\"font-weight: 400;\">Another of the actions foreseen in the aforementioned roadmap consists of strengthening the capacities of key actors in the Ramsar site and the subsequent development of the management instrument that will ensure its sustainability. This process will be led by the Regional Government of Loreto and it is expected that, by the end of this year, its management body will be operational with the support of MINAM and the technical support of the \u201cBosques Amaz\u00f3nicos - ASL2\u201d project.\u00a0<\/span><\/p>\n<p>&nbsp;<\/p>\n<h4><b>About the project \u201cAmazon Forests - ASL2\u201d.\u201d<\/b><\/h4>\n<p><span style=\"font-weight: 400;\">The project seeks to promote the conservation of healthy, functional and climate-resilient forests and wetlands; maintaining important carbon reserves, avoiding Greenhouse Gas (GHG) emissions and generating sustainable and resilient local livelihoods.<\/span><\/p>\n<p>&nbsp;<\/p>\n<p><span style=\"font-weight: 400;\">This initiative is executed by the Ministry of the Environment - MINAM, with financing from the Global Environment Facility - GEF; and has the support of the Food and Agriculture Organization of the United Nations - FAO, the International Fund for Agricultural Development - IFAD, the United Nations Industrial Development Organization - UNIDO and Profonanpe.<\/span><\/p>","protected":false},"excerpt":{"rendered":"<p>Lima, abril 2024. Uno de los sitios Ramsar m\u00e1s valiosos del Per\u00fa y el mundo es el Complejo de Humedales del Abanico del R\u00edo Pastaza, un ecosistema cuya conservaci\u00f3n es de inter\u00e9s nacional y que ya cuenta con una hoja de ruta que permitir\u00e1 fortalecer su gesti\u00f3n y conservaci\u00f3n. Para ello, el Gobierno Regional de [&hellip;]<\/p>\n","protected":false},"author":16,"featured_media":35182,"comment_status":"closed","ping_status":"open","sticky":false,"template":"","format":"standard","meta":{"_acf_changed":false,"footnotes":""},"categories":[158],"tags":[],"class_list":["post-35180","post","type-post","status-publish","format-standard","has-post-thumbnail","hentry","category-columnas-es"],"acf":[],"yoast_head":"<!-- This site is optimized with the Yoast SEO plugin v27.4 - https:\/\/yoast.com\/product\/yoast-seo-wordpress\/ -->\n<title>Gobierno Regional de Loreto y Ministerio del Ambiente definen acciones con miras a fortalecer la gesti\u00f3n y conservaci\u00f3n del Sitio Ramsar Abanico del Pastaza - Profonanpe<\/title>\n<meta name=\"robots\" content=\"index, follow, max-snippet:-1, max-image-preview:large, max-video-preview:-1\" \/>\n<link rel=\"canonical\" href=\"https:\/\/profonanpe.org.pe\/en\/regional-government-of-loreto-and-ministry-of-the-environment-define-actions-to-strengthen-the-management-and\/\" \/>\n<meta property=\"og:locale\" content=\"en_US\" \/>\n<meta property=\"og:type\" content=\"article\" \/>\n<meta property=\"og:title\" content=\"Se definen acciones con miras a fortalecer la gesti\u00f3n y conservaci\u00f3n del Sitio Ramsar Abanico del Pastaza.\" \/>\n<meta property=\"og:description\" content=\"El Gobierno Regional de Loreto y el Ministerio de Ambiente, con el soporte del proyecto \u201cBosques Amaz\u00f3nicos - ASL2\u201d, establecen una hoja de ruta para fortalecer la gesti\u00f3n y conservaci\u00f3n del Abanico del Pastaza, el sitio Ramsar m\u00e1s extenso de la Amazon\u00eda peruana, cuyo valor destaca por su alta capacidad de retenci\u00f3n de carbono y ser hogar de una gran diversidad de especies de flora y fauna.\" \/>\n<meta property=\"og:url\" content=\"https:\/\/profonanpe.org.pe\/en\/regional-government-of-loreto-and-ministry-of-the-environment-define-actions-to-strengthen-the-management-and\/\" \/>\n<meta property=\"og:site_name\" content=\"Profonanpe\" \/>\n<meta property=\"article:published_time\" content=\"2024-05-09T10:58:43+00:00\" \/>\n<meta property=\"article:modified_time\" content=\"2025-01-31T17:52:35+00:00\" \/>\n<meta property=\"og:image\" content=\"https:\/\/profonanpe.org.pe\/wp-content\/uploads\/2024\/05\/abanico-re.png\" \/>\n\t<meta property=\"og:image:width\" content=\"1501\" \/>\n\t<meta property=\"og:image:height\" content=\"1000\" \/>\n\t<meta property=\"og:image:type\" content=\"image\/png\" \/>\n<meta name=\"author\" content=\"Comunicaciones\" \/>\n<meta name=\"twitter:card\" content=\"summary_large_image\" \/>\n<meta name=\"twitter:label1\" content=\"Written by\" \/>\n\t<meta name=\"twitter:data1\" content=\"Comunicaciones\" \/>\n\t<meta name=\"twitter:label2\" content=\"Est. reading time\" \/>\n\t<meta name=\"twitter:data2\" content=\"4 minutes\" \/>\n<script type=\"application\/ld+json\" class=\"yoast-schema-graph\">{\"@context\":\"https:\\\/\\\/schema.org\",\"@graph\":[{\"@type\":\"Article\",\"@id\":\"https:\\\/\\\/profonanpe.org.pe\\\/gobierno-regional-de-loreto-y-ministerio-del-ambiente-definen-acciones-con-miras-a-fortalecer-la-gestion-y-con\\\/#article\",\"isPartOf\":{\"@id\":\"https:\\\/\\\/profonanpe.org.pe\\\/gobierno-regional-de-loreto-y-ministerio-del-ambiente-definen-acciones-con-miras-a-fortalecer-la-gestion-y-con\\\/\"},\"author\":{\"name\":\"Comunicaciones\",\"@id\":\"https:\\\/\\\/profonanpe.org.pe\\\/#\\\/schema\\\/person\\\/6240c1280fa0faa493147e00b333ed6d\"},\"headline\":\"Gobierno Regional de Loreto y Ministerio del Ambiente definen acciones con miras a fortalecer la gesti\u00f3n y conservaci\u00f3n del Sitio Ramsar Abanico del Pastaza\",\"datePublished\":\"2024-05-09T10:58:43+00:00\",\"dateModified\":\"2025-01-31T17:52:35+00:00\",\"mainEntityOfPage\":{\"@id\":\"https:\\\/\\\/profonanpe.org.pe\\\/gobierno-regional-de-loreto-y-ministerio-del-ambiente-definen-acciones-con-miras-a-fortalecer-la-gestion-y-con\\\/\"},\"wordCount\":664,\"publisher\":{\"@id\":\"https:\\\/\\\/profonanpe.org.pe\\\/#organization\"},\"image\":{\"@id\":\"https:\\\/\\\/profonanpe.org.pe\\\/gobierno-regional-de-loreto-y-ministerio-del-ambiente-definen-acciones-con-miras-a-fortalecer-la-gestion-y-con\\\/#primaryimage\"},\"thumbnailUrl\":\"https:\\\/\\\/profonanpe.org.pe\\\/wp-content\\\/uploads\\\/2024\\\/05\\\/abanico-re.png\",\"articleSection\":[\"Columnas\"],\"inLanguage\":\"en-US\"},{\"@type\":\"WebPage\",\"@id\":\"https:\\\/\\\/profonanpe.org.pe\\\/gobierno-regional-de-loreto-y-ministerio-del-ambiente-definen-acciones-con-miras-a-fortalecer-la-gestion-y-con\\\/\",\"url\":\"https:\\\/\\\/profonanpe.org.pe\\\/gobierno-regional-de-loreto-y-ministerio-del-ambiente-definen-acciones-con-miras-a-fortalecer-la-gestion-y-con\\\/\",\"name\":\"Gobierno Regional de Loreto y Ministerio del Ambiente definen acciones con miras a fortalecer la gesti\u00f3n y conservaci\u00f3n del Sitio Ramsar Abanico del Pastaza - Profonanpe\",\"isPartOf\":{\"@id\":\"https:\\\/\\\/profonanpe.org.pe\\\/#website\"},\"primaryImageOfPage\":{\"@id\":\"https:\\\/\\\/profonanpe.org.pe\\\/gobierno-regional-de-loreto-y-ministerio-del-ambiente-definen-acciones-con-miras-a-fortalecer-la-gestion-y-con\\\/#primaryimage\"},\"image\":{\"@id\":\"https:\\\/\\\/profonanpe.org.pe\\\/gobierno-regional-de-loreto-y-ministerio-del-ambiente-definen-acciones-con-miras-a-fortalecer-la-gestion-y-con\\\/#primaryimage\"},\"thumbnailUrl\":\"https:\\\/\\\/profonanpe.org.pe\\\/wp-content\\\/uploads\\\/2024\\\/05\\\/abanico-re.png\",\"datePublished\":\"2024-05-09T10:58:43+00:00\",\"dateModified\":\"2025-01-31T17:52:35+00:00\",\"breadcrumb\":{\"@id\":\"https:\\\/\\\/profonanpe.org.pe\\\/gobierno-regional-de-loreto-y-ministerio-del-ambiente-definen-acciones-con-miras-a-fortalecer-la-gestion-y-con\\\/#breadcrumb\"},\"inLanguage\":\"en-US\",\"potentialAction\":[{\"@type\":\"ReadAction\",\"target\":[\"https:\\\/\\\/profonanpe.org.pe\\\/gobierno-regional-de-loreto-y-ministerio-del-ambiente-definen-acciones-con-miras-a-fortalecer-la-gestion-y-con\\\/\"]}]},{\"@type\":\"ImageObject\",\"inLanguage\":\"en-US\",\"@id\":\"https:\\\/\\\/profonanpe.org.pe\\\/gobierno-regional-de-loreto-y-ministerio-del-ambiente-definen-acciones-con-miras-a-fortalecer-la-gestion-y-con\\\/#primaryimage\",\"url\":\"https:\\\/\\\/profonanpe.org.pe\\\/wp-content\\\/uploads\\\/2024\\\/05\\\/abanico-re.png\",\"contentUrl\":\"https:\\\/\\\/profonanpe.org.pe\\\/wp-content\\\/uploads\\\/2024\\\/05\\\/abanico-re.png\",\"width\":1501,\"height\":1000},{\"@type\":\"BreadcrumbList\",\"@id\":\"https:\\\/\\\/profonanpe.org.pe\\\/gobierno-regional-de-loreto-y-ministerio-del-ambiente-definen-acciones-con-miras-a-fortalecer-la-gestion-y-con\\\/#breadcrumb\",\"itemListElement\":[{\"@type\":\"ListItem\",\"position\":1,\"name\":\"Portada\",\"item\":\"https:\\\/\\\/profonanpe.org.pe\\\/\"},{\"@type\":\"ListItem\",\"position\":2,\"name\":\"Gobierno Regional de Loreto y Ministerio del Ambiente definen acciones con miras a fortalecer la gesti\u00f3n y conservaci\u00f3n del Sitio Ramsar Abanico del Pastaza\"}]},{\"@type\":\"WebSite\",\"@id\":\"https:\\\/\\\/profonanpe.org.pe\\\/#website\",\"url\":\"https:\\\/\\\/profonanpe.org.pe\\\/\",\"name\":\"Profonanpe\",\"description\":\"\",\"publisher\":{\"@id\":\"https:\\\/\\\/profonanpe.org.pe\\\/#organization\"},\"potentialAction\":[{\"@type\":\"SearchAction\",\"target\":{\"@type\":\"EntryPoint\",\"urlTemplate\":\"https:\\\/\\\/profonanpe.org.pe\\\/?s={search_term_string}\"},\"query-input\":{\"@type\":\"PropertyValueSpecification\",\"valueRequired\":true,\"valueName\":\"search_term_string\"}}],\"inLanguage\":\"en-US\"},{\"@type\":\"Organization\",\"@id\":\"https:\\\/\\\/profonanpe.org.pe\\\/#organization\",\"name\":\"Profonanpe\",\"url\":\"https:\\\/\\\/profonanpe.org.pe\\\/\",\"logo\":{\"@type\":\"ImageObject\",\"inLanguage\":\"en-US\",\"@id\":\"https:\\\/\\\/profonanpe.org.pe\\\/#\\\/schema\\\/logo\\\/image\\\/\",\"url\":\"https:\\\/\\\/profonanpe.org.pe\\\/wp-content\\\/uploads\\\/2020\\\/10\\\/Snippet-Profonanpe-v2.jpg\",\"contentUrl\":\"https:\\\/\\\/profonanpe.org.pe\\\/wp-content\\\/uploads\\\/2020\\\/10\\\/Snippet-Profonanpe-v2.jpg\",\"width\":524,\"height\":274,\"caption\":\"Profonanpe\"},\"image\":{\"@id\":\"https:\\\/\\\/profonanpe.org.pe\\\/#\\\/schema\\\/logo\\\/image\\\/\"}},{\"@type\":\"Person\",\"@id\":\"https:\\\/\\\/profonanpe.org.pe\\\/#\\\/schema\\\/person\\\/6240c1280fa0faa493147e00b333ed6d\",\"name\":\"Comunicaciones\",\"url\":\"https:\\\/\\\/profonanpe.org.pe\\\/en\\\/author\\\/comunicaciones-profonanpe\\\/\"}]}<\/script>\n<!-- \/ Yoast SEO plugin. -->","yoast_head_json":{"title":"Regional Government of Loreto and Ministry of Environment define actions to strengthen management and conservation of the Abanico del Pastaza Ramsar Site","robots":{"index":"index","follow":"follow","max-snippet":"max-snippet:-1","max-image-preview":"max-image-preview:large","max-video-preview":"max-video-preview:-1"},"canonical":"https:\/\/profonanpe.org.pe\/en\/regional-government-of-loreto-and-ministry-of-the-environment-define-actions-to-strengthen-the-management-and\/","og_locale":"en_US","og_type":"article","og_title":"Se definen acciones con miras a fortalecer la gesti\u00f3n y conservaci\u00f3n del Sitio Ramsar Abanico del Pastaza.","og_description":"El Gobierno Regional de Loreto y el Ministerio de Ambiente, con el soporte del proyecto \u201cBosques Amaz\u00f3nicos - ASL2\u201d, establecen una hoja de ruta para fortalecer la gesti\u00f3n y conservaci\u00f3n del Abanico del Pastaza, el sitio Ramsar m\u00e1s extenso de la Amazon\u00eda peruana, cuyo valor destaca por su alta capacidad de retenci\u00f3n de carbono y ser hogar de una gran diversidad de especies de flora y fauna.","og_url":"https:\/\/profonanpe.org.pe\/en\/regional-government-of-loreto-and-ministry-of-the-environment-define-actions-to-strengthen-the-management-and\/","og_site_name":"Profonanpe","article_published_time":"2024-05-09T10:58:43+00:00","article_modified_time":"2025-01-31T17:52:35+00:00","og_image":[{"width":1501,"height":1000,"url":"https:\/\/profonanpe.org.pe\/wp-content\/uploads\/2024\/05\/abanico-re.png","type":"image\/png"}],"author":"Comunicaciones","twitter_card":"summary_large_image","twitter_misc":{"Written by":"Comunicaciones","Est. reading time":"4 minutes"},"schema":{"@context":"https:\/\/schema.org","@graph":[{"@type":"Article","@id":"https:\/\/profonanpe.org.pe\/gobierno-regional-de-loreto-y-ministerio-del-ambiente-definen-acciones-con-miras-a-fortalecer-la-gestion-y-con\/#article","isPartOf":{"@id":"https:\/\/profonanpe.org.pe\/gobierno-regional-de-loreto-y-ministerio-del-ambiente-definen-acciones-con-miras-a-fortalecer-la-gestion-y-con\/"},"author":{"name":"Comunicaciones","@id":"https:\/\/profonanpe.org.pe\/#\/schema\/person\/6240c1280fa0faa493147e00b333ed6d"},"headline":"Gobierno Regional de Loreto y Ministerio del Ambiente definen acciones con miras a fortalecer la gesti\u00f3n y conservaci\u00f3n del Sitio Ramsar Abanico del Pastaza","datePublished":"2024-05-09T10:58:43+00:00","dateModified":"2025-01-31T17:52:35+00:00","mainEntityOfPage":{"@id":"https:\/\/profonanpe.org.pe\/gobierno-regional-de-loreto-y-ministerio-del-ambiente-definen-acciones-con-miras-a-fortalecer-la-gestion-y-con\/"},"wordCount":664,"publisher":{"@id":"https:\/\/profonanpe.org.pe\/#organization"},"image":{"@id":"https:\/\/profonanpe.org.pe\/gobierno-regional-de-loreto-y-ministerio-del-ambiente-definen-acciones-con-miras-a-fortalecer-la-gestion-y-con\/#primaryimage"},"thumbnailUrl":"https:\/\/profonanpe.org.pe\/wp-content\/uploads\/2024\/05\/abanico-re.png","articleSection":["Columnas"],"inLanguage":"en-US"},{"@type":"WebPage","@id":"https:\/\/profonanpe.org.pe\/gobierno-regional-de-loreto-y-ministerio-del-ambiente-definen-acciones-con-miras-a-fortalecer-la-gestion-y-con\/","url":"https:\/\/profonanpe.org.pe\/gobierno-regional-de-loreto-y-ministerio-del-ambiente-definen-acciones-con-miras-a-fortalecer-la-gestion-y-con\/","name":"Regional Government of Loreto and Ministry of Environment define actions to strengthen management and conservation of the Abanico del Pastaza Ramsar Site","isPartOf":{"@id":"https:\/\/profonanpe.org.pe\/#website"},"primaryImageOfPage":{"@id":"https:\/\/profonanpe.org.pe\/gobierno-regional-de-loreto-y-ministerio-del-ambiente-definen-acciones-con-miras-a-fortalecer-la-gestion-y-con\/#primaryimage"},"image":{"@id":"https:\/\/profonanpe.org.pe\/gobierno-regional-de-loreto-y-ministerio-del-ambiente-definen-acciones-con-miras-a-fortalecer-la-gestion-y-con\/#primaryimage"},"thumbnailUrl":"https:\/\/profonanpe.org.pe\/wp-content\/uploads\/2024\/05\/abanico-re.png","datePublished":"2024-05-09T10:58:43+00:00","dateModified":"2025-01-31T17:52:35+00:00","breadcrumb":{"@id":"https:\/\/profonanpe.org.pe\/gobierno-regional-de-loreto-y-ministerio-del-ambiente-definen-acciones-con-miras-a-fortalecer-la-gestion-y-con\/#breadcrumb"},"inLanguage":"en-US","potentialAction":[{"@type":"ReadAction","target":["https:\/\/profonanpe.org.pe\/gobierno-regional-de-loreto-y-ministerio-del-ambiente-definen-acciones-con-miras-a-fortalecer-la-gestion-y-con\/"]}]},{"@type":"ImageObject","inLanguage":"en-US","@id":"https:\/\/profonanpe.org.pe\/gobierno-regional-de-loreto-y-ministerio-del-ambiente-definen-acciones-con-miras-a-fortalecer-la-gestion-y-con\/#primaryimage","url":"https:\/\/profonanpe.org.pe\/wp-content\/uploads\/2024\/05\/abanico-re.png","contentUrl":"https:\/\/profonanpe.org.pe\/wp-content\/uploads\/2024\/05\/abanico-re.png","width":1501,"height":1000},{"@type":"BreadcrumbList","@id":"https:\/\/profonanpe.org.pe\/gobierno-regional-de-loreto-y-ministerio-del-ambiente-definen-acciones-con-miras-a-fortalecer-la-gestion-y-con\/#breadcrumb","itemListElement":[{"@type":"ListItem","position":1,"name":"Portada","item":"https:\/\/profonanpe.org.pe\/"},{"@type":"ListItem","position":2,"name":"Gobierno Regional de Loreto y Ministerio del Ambiente definen acciones con miras a fortalecer la gesti\u00f3n y conservaci\u00f3n del Sitio Ramsar Abanico del Pastaza"}]},{"@type":"WebSite","@id":"https:\/\/profonanpe.org.pe\/#website","url":"https:\/\/profonanpe.org.pe\/","name":"Profonanpe","description":"","publisher":{"@id":"https:\/\/profonanpe.org.pe\/#organization"},"potentialAction":[{"@type":"SearchAction","target":{"@type":"EntryPoint","urlTemplate":"https:\/\/profonanpe.org.pe\/?s={search_term_string}"},"query-input":{"@type":"PropertyValueSpecification","valueRequired":true,"valueName":"search_term_string"}}],"inLanguage":"en-US"},{"@type":"Organization","@id":"https:\/\/profonanpe.org.pe\/#organization","name":"Profonanpe","url":"https:\/\/profonanpe.org.pe\/","logo":{"@type":"ImageObject","inLanguage":"en-US","@id":"https:\/\/profonanpe.org.pe\/#\/schema\/logo\/image\/","url":"https:\/\/profonanpe.org.pe\/wp-content\/uploads\/2020\/10\/Snippet-Profonanpe-v2.jpg","contentUrl":"https:\/\/profonanpe.org.pe\/wp-content\/uploads\/2020\/10\/Snippet-Profonanpe-v2.jpg","width":524,"height":274,"caption":"Profonanpe"},"image":{"@id":"https:\/\/profonanpe.org.pe\/#\/schema\/logo\/image\/"}},{"@type":"Person","@id":"https:\/\/profonanpe.org.pe\/#\/schema\/person\/6240c1280fa0faa493147e00b333ed6d","name":"Communications","url":"https:\/\/profonanpe.org.pe\/en\/author\/comunicaciones-profonanpe\/"}]}},"_links":{"self":[{"href":"https:\/\/profonanpe.org.pe\/en\/wp-json\/wp\/v2\/posts\/35180","targetHints":{"allow":["GET"]}}],"collection":[{"href":"https:\/\/profonanpe.org.pe\/en\/wp-json\/wp\/v2\/posts"}],"about":[{"href":"https:\/\/profonanpe.org.pe\/en\/wp-json\/wp\/v2\/types\/post"}],"author":[{"embeddable":true,"href":"https:\/\/profonanpe.org.pe\/en\/wp-json\/wp\/v2\/users\/16"}],"replies":[{"embeddable":true,"href":"https:\/\/profonanpe.org.pe\/en\/wp-json\/wp\/v2\/comments?post=35180"}],"version-history":[{"count":0,"href":"https:\/\/profonanpe.org.pe\/en\/wp-json\/wp\/v2\/posts\/35180\/revisions"}],"wp:featuredmedia":[{"embeddable":true,"href":"https:\/\/profonanpe.org.pe\/en\/wp-json\/wp\/v2\/media\/35182"}],"wp:attachment":[{"href":"https:\/\/profonanpe.org.pe\/en\/wp-json\/wp\/v2\/media?parent=35180"}],"wp:term":[{"taxonomy":"category","embeddable":true,"href":"https:\/\/profonanpe.org.pe\/en\/wp-json\/wp\/v2\/categories?post=35180"},{"taxonomy":"post_tag","embeddable":true,"href":"https:\/\/profonanpe.org.pe\/en\/wp-json\/wp\/v2\/tags?post=35180"}],"curies":[{"name":"wp","href":"https:\/\/api.w.org\/{rel}","templated":true}]}}