{"id":34044,"date":"2024-03-14T09:41:53","date_gmt":"2024-03-14T14:41:53","guid":{"rendered":"https:\/\/profonanpe.org.pe\/?p=34044"},"modified":"2025-01-31T13:11:26","modified_gmt":"2025-01-31T18:11:26","slug":"inter-american-development-bank-and-profonanpe-call-for-companies-interested-in-participating-in-the-voluntary-carbon-market","status":"publish","type":"post","link":"https:\/\/profonanpe.org.pe\/en\/el-banco-interamericano-de-desarrollo-y-profonanpe-convocan-a-empresas-interesadas-en-participar-en-el-mercado-voluntario-de-carbono\/","title":{"rendered":"Inter-American Development Bank and Profonanpe call for companies interested in participating in the Voluntary Carbon Market"},"content":{"rendered":"<p><span style=\"font-weight: 400;\">On Tuesday, March 12, the \u201cABC REDD+ Projects\u201d workshop was held, bringing together private-sector stakeholders and embassy representatives to delve deeper into projects for Reducing Emissions from Deforestation and Forest Degradation (REDD+) and explore opportunities in the voluntary carbon market. During the event, a practical overview of the \u201cCore Carbon Principles\u201d was provided, and the Ministry of the Environment\u2019s Carbon Footprint was presented, during which experiences regarding the implementation of corporate sustainability strategies were shared.<\/span><\/p>\n<p>&nbsp;<\/p>\n<p><span style=\"font-weight: 400;\">Milagros Sandoval, Director General of Climate Change and Desertification at the Ministry of the Environment, gave an introduction to the Ministry\u2019s REDD+ projects and the regulations governing the country\u2019s carbon markets, as well as the importance of forest conservation in mitigating climate change.\u00a0<\/span><\/p>\n<p>&nbsp;<\/p>\n<figure id=\"attachment_34048\" aria-describedby=\"caption-attachment-34048\" style=\"width: 800px\" class=\"wp-caption aligncenter\"><img fetchpriority=\"high\" decoding=\"async\" class=\"size-large wp-image-34048\" src=\"https:\/\/profonanpe.org.pe\/wp-content\/uploads\/2024\/03\/IMG_5352-1024x683.jpg\" alt=\"\" width=\"800\" height=\"534\" srcset=\"https:\/\/profonanpe.org.pe\/wp-content\/uploads\/2024\/03\/IMG_5352-1024x683.jpg 1024w, https:\/\/profonanpe.org.pe\/wp-content\/uploads\/2024\/03\/IMG_5352-300x200.jpg 300w, https:\/\/profonanpe.org.pe\/wp-content\/uploads\/2024\/03\/IMG_5352-768x512.jpg 768w, https:\/\/profonanpe.org.pe\/wp-content\/uploads\/2024\/03\/IMG_5352-1536x1024.jpg 1536w, https:\/\/profonanpe.org.pe\/wp-content\/uploads\/2024\/03\/IMG_5352-2048x1365.jpg 2048w, https:\/\/profonanpe.org.pe\/wp-content\/uploads\/2024\/03\/IMG_5352-scaled.jpg 1600w\" sizes=\"(max-width: 800px) 100vw, 800px\" \/><figcaption id=\"caption-attachment-34048\" class=\"wp-caption-text\">\u201cWe can work on incentives to preserve that forest and promote the sustainability of indigenous communities in coordination with various stakeholders, particularly the private sector,\u201d said Milagros Sandoval<\/figcaption><\/figure>\n<p>&nbsp;<\/p>\n<p><span style=\"font-weight: 400;\">Building on the above, Carlos Fern\u00e1ndez, Representative of the General Directorate of Climate Change at the Ministry of the Environment, highlighted the importance of the National Strategy on Forests and Climate Change, as well as the REDD+ Safeguards and Forest Cover Monitoring, as pillars for the successful implementation of REDD+. He also highlighted how REDD+ projects benefit local communities by providing economic opportunities, food security, and climate resilience, using innovation and technology to effectively combat deforestation while fulfilling international commitments.<\/span><\/p>\n<p>&nbsp;<\/p>\n<figure id=\"attachment_34049\" aria-describedby=\"caption-attachment-34049\" style=\"width: 800px\" class=\"wp-caption aligncenter\"><img decoding=\"async\" class=\"size-large wp-image-34049\" src=\"https:\/\/profonanpe.org.pe\/wp-content\/uploads\/2024\/03\/IMG_5412-1024x683.jpg\" alt=\"\" width=\"800\" height=\"534\" srcset=\"https:\/\/profonanpe.org.pe\/wp-content\/uploads\/2024\/03\/IMG_5412-1024x683.jpg 1024w, https:\/\/profonanpe.org.pe\/wp-content\/uploads\/2024\/03\/IMG_5412-300x200.jpg 300w, https:\/\/profonanpe.org.pe\/wp-content\/uploads\/2024\/03\/IMG_5412-768x512.jpg 768w, https:\/\/profonanpe.org.pe\/wp-content\/uploads\/2024\/03\/IMG_5412-1536x1024.jpg 1536w, https:\/\/profonanpe.org.pe\/wp-content\/uploads\/2024\/03\/IMG_5412-2048x1365.jpg 2048w, https:\/\/profonanpe.org.pe\/wp-content\/uploads\/2024\/03\/IMG_5412-scaled.jpg 1600w\" sizes=\"(max-width: 800px) 100vw, 800px\" \/><figcaption id=\"caption-attachment-34049\" class=\"wp-caption-text\">Carlos Fern\u00e1ndez, Representative of the General Directorate of Climate Change at the Ministry of the Environment<\/figcaption><\/figure>\n<p>&nbsp;<\/p>\n<p class=\"translation-block\"><span style=\"font-weight: 400\">Stefanie Delgado, Director of Investment Portfolio Management at Profonanpe, and V\u00edctor Vera, CEO of Pachamama, focused their presentation on the characteristics of integrity and quality in the voluntary carbon market, highlighting the importance of ensuring the credibility and effectiveness of the carbon credits generated, as well as knowing and understanding the various guidelines established at the international level. \u201c<\/span><i><span style=\"font-weight: 400\">These new integrity principles, the Core Carbon Principles (CCPs), are being integrated into the main international standards currently in force. The expectation is that credits issued with this seal in the future will achieve a higher value in the voluntary market,\u201d<\/span><\/i><span style=\"font-weight: 400\">Stefanie emphasized.<\/span><\/p>\n<p>&nbsp;<\/p>\n<figure id=\"attachment_34050\" aria-describedby=\"caption-attachment-34050\" style=\"width: 800px\" class=\"wp-caption aligncenter\"><img decoding=\"async\" class=\"size-large wp-image-34050\" src=\"https:\/\/profonanpe.org.pe\/wp-content\/uploads\/2024\/03\/IMG_5522-1024x683.jpg\" alt=\"\" width=\"800\" height=\"534\" srcset=\"https:\/\/profonanpe.org.pe\/wp-content\/uploads\/2024\/03\/IMG_5522-1024x683.jpg 1024w, https:\/\/profonanpe.org.pe\/wp-content\/uploads\/2024\/03\/IMG_5522-300x200.jpg 300w, https:\/\/profonanpe.org.pe\/wp-content\/uploads\/2024\/03\/IMG_5522-768x512.jpg 768w, https:\/\/profonanpe.org.pe\/wp-content\/uploads\/2024\/03\/IMG_5522-1536x1024.jpg 1536w, https:\/\/profonanpe.org.pe\/wp-content\/uploads\/2024\/03\/IMG_5522-2048x1365.jpg 2048w, https:\/\/profonanpe.org.pe\/wp-content\/uploads\/2024\/03\/IMG_5522-scaled.jpg 1600w\" sizes=\"(max-width: 800px) 100vw, 800px\" \/><figcaption id=\"caption-attachment-34050\" class=\"wp-caption-text\">Stefanie Delgado, Director of Investment Portfolio Management at Profonanpe<\/figcaption><\/figure>\n<p>&nbsp;<\/p>\n<p><span style=\"font-weight: 400;\">An opportunity for dialogue was also created, where, through an interactive exercise, participants were able to evaluate investments in REDD+ projects using a business case study.<\/span><\/p>\n<p>&nbsp;<\/p>\n<div id=\"metaslider-id-34047\" style=\"width: 100%; margin: 0 auto;\" class=\"ml-slider-3-107-0 metaslider metaslider-flex metaslider-34047 ml-slider ms-theme-default nav-hidden\" role=\"region\" aria-label=\"RED Projects\" data-height=\"300\" data-width=\"800\">\n    <div id=\"metaslider_container_34047\">\n        <div id=\"metaslider_34047\" class=\"flexslider\">\n            <ul class='slides'>\n                <li style=\"display: block; width: 100%;\" class=\"slide-34059 ms-image\" aria-roledescription=\"slide\" data-date=\"2024-03-14 09:32:32\" data-filename=\"IMG_5434-scaled.jpg\" data-slide-type=\"image\"><img loading=\"lazy\" decoding=\"async\" width=\"1600\" height=\"1067\" src=\"https:\/\/profonanpe.org.pe\/wp-content\/uploads\/2024\/03\/IMG_5434-scaled.jpg\" class=\"slider-34047 slide-34059 msDefaultImage\" alt=\"\" rel=\"\" title=\"IMG_5434\" srcset=\"https:\/\/profonanpe.org.pe\/wp-content\/uploads\/2024\/03\/IMG_5434-scaled.jpg 1600w, https:\/\/profonanpe.org.pe\/wp-content\/uploads\/2024\/03\/IMG_5434-300x200.jpg 300w, https:\/\/profonanpe.org.pe\/wp-content\/uploads\/2024\/03\/IMG_5434-1024x683.jpg 1024w, https:\/\/profonanpe.org.pe\/wp-content\/uploads\/2024\/03\/IMG_5434-768x512.jpg 768w, https:\/\/profonanpe.org.pe\/wp-content\/uploads\/2024\/03\/IMG_5434-1536x1024.jpg 1536w, https:\/\/profonanpe.org.pe\/wp-content\/uploads\/2024\/03\/IMG_5434-2048x1365.jpg 2048w\" sizes=\"(max-width: 1600px) 100vw, 1600px\" \/><\/li>\n                <li style=\"display: none; width: 100%;\" class=\"slide-34060 ms-image\" aria-roledescription=\"slide\" data-date=\"2024-03-14 09:32:32\" data-filename=\"IMG_5551-scaled.jpg\" data-slide-type=\"image\"><img loading=\"lazy\" decoding=\"async\" width=\"1600\" height=\"1067\" src=\"https:\/\/profonanpe.org.pe\/wp-content\/uploads\/2024\/03\/IMG_5551-scaled.jpg\" class=\"slider-34047 slide-34060 msDefaultImage\" alt=\"\" rel=\"\" title=\"IMG_5551\" srcset=\"https:\/\/profonanpe.org.pe\/wp-content\/uploads\/2024\/03\/IMG_5551-scaled.jpg 1600w, https:\/\/profonanpe.org.pe\/wp-content\/uploads\/2024\/03\/IMG_5551-300x200.jpg 300w, https:\/\/profonanpe.org.pe\/wp-content\/uploads\/2024\/03\/IMG_5551-1024x683.jpg 1024w, https:\/\/profonanpe.org.pe\/wp-content\/uploads\/2024\/03\/IMG_5551-768x512.jpg 768w, https:\/\/profonanpe.org.pe\/wp-content\/uploads\/2024\/03\/IMG_5551-1536x1024.jpg 1536w, https:\/\/profonanpe.org.pe\/wp-content\/uploads\/2024\/03\/IMG_5551-2048x1365.jpg 2048w\" sizes=\"(max-width: 1600px) 100vw, 1600px\" \/><\/li>\n                <li style=\"display: none; width: 100%;\" class=\"slide-34061 ms-image\" aria-roledescription=\"slide\" data-date=\"2024-03-14 09:32:32\" data-filename=\"IMG_5557-scaled.jpg\" data-slide-type=\"image\"><img loading=\"lazy\" decoding=\"async\" width=\"1600\" height=\"1067\" src=\"https:\/\/profonanpe.org.pe\/wp-content\/uploads\/2024\/03\/IMG_5557-scaled.jpg\" class=\"slider-34047 slide-34061 msDefaultImage\" alt=\"\" rel=\"\" title=\"IMG_5557\" srcset=\"https:\/\/profonanpe.org.pe\/wp-content\/uploads\/2024\/03\/IMG_5557-scaled.jpg 1600w, https:\/\/profonanpe.org.pe\/wp-content\/uploads\/2024\/03\/IMG_5557-300x200.jpg 300w, https:\/\/profonanpe.org.pe\/wp-content\/uploads\/2024\/03\/IMG_5557-1024x683.jpg 1024w, https:\/\/profonanpe.org.pe\/wp-content\/uploads\/2024\/03\/IMG_5557-768x512.jpg 768w, https:\/\/profonanpe.org.pe\/wp-content\/uploads\/2024\/03\/IMG_5557-1536x1024.jpg 1536w, https:\/\/profonanpe.org.pe\/wp-content\/uploads\/2024\/03\/IMG_5557-2048x1365.jpg 2048w\" sizes=\"(max-width: 1600px) 100vw, 1600px\" \/><\/li>\n                <li style=\"display: none; width: 100%;\" class=\"slide-34062 ms-image\" aria-roledescription=\"slide\" data-date=\"2024-03-14 09:32:32\" data-filename=\"IMG_5574-scaled.jpg\" data-slide-type=\"image\"><img loading=\"lazy\" decoding=\"async\" width=\"1600\" height=\"1067\" src=\"https:\/\/profonanpe.org.pe\/wp-content\/uploads\/2024\/03\/IMG_5574-scaled.jpg\" class=\"slider-34047 slide-34062 msDefaultImage\" alt=\"\" rel=\"\" title=\"IMG_5574\" srcset=\"https:\/\/profonanpe.org.pe\/wp-content\/uploads\/2024\/03\/IMG_5574-scaled.jpg 1600w, https:\/\/profonanpe.org.pe\/wp-content\/uploads\/2024\/03\/IMG_5574-300x200.jpg 300w, https:\/\/profonanpe.org.pe\/wp-content\/uploads\/2024\/03\/IMG_5574-1024x683.jpg 1024w, https:\/\/profonanpe.org.pe\/wp-content\/uploads\/2024\/03\/IMG_5574-768x512.jpg 768w, https:\/\/profonanpe.org.pe\/wp-content\/uploads\/2024\/03\/IMG_5574-1536x1024.jpg 1536w, https:\/\/profonanpe.org.pe\/wp-content\/uploads\/2024\/03\/IMG_5574-2048x1365.jpg 2048w\" sizes=\"(max-width: 1600px) 100vw, 1600px\" \/><\/li>\n                <li style=\"display: none; width: 100%;\" class=\"slide-34063 ms-image\" aria-roledescription=\"slide\" data-date=\"2024-03-14 09:32:32\" data-filename=\"IMG_5579-scaled.jpg\" data-slide-type=\"image\"><img loading=\"lazy\" decoding=\"async\" width=\"1600\" height=\"1067\" src=\"https:\/\/profonanpe.org.pe\/wp-content\/uploads\/2024\/03\/IMG_5579-scaled.jpg\" class=\"slider-34047 slide-34063 msDefaultImage\" alt=\"\" rel=\"\" title=\"IMG_5579\" srcset=\"https:\/\/profonanpe.org.pe\/wp-content\/uploads\/2024\/03\/IMG_5579-scaled.jpg 1600w, https:\/\/profonanpe.org.pe\/wp-content\/uploads\/2024\/03\/IMG_5579-300x200.jpg 300w, https:\/\/profonanpe.org.pe\/wp-content\/uploads\/2024\/03\/IMG_5579-1024x683.jpg 1024w, https:\/\/profonanpe.org.pe\/wp-content\/uploads\/2024\/03\/IMG_5579-768x512.jpg 768w, https:\/\/profonanpe.org.pe\/wp-content\/uploads\/2024\/03\/IMG_5579-1536x1024.jpg 1536w, https:\/\/profonanpe.org.pe\/wp-content\/uploads\/2024\/03\/IMG_5579-2048x1365.jpg 2048w\" sizes=\"(max-width: 1600px) 100vw, 1600px\" \/><\/li>\n                <li style=\"display: none; width: 100%;\" class=\"slide-34058 ms-image\" aria-roledescription=\"slide\" data-date=\"2024-03-14 09:32:31\" data-filename=\"IMG_5299-scaled.jpg\" data-slide-type=\"image\"><img loading=\"lazy\" decoding=\"async\" width=\"1600\" height=\"1067\" src=\"https:\/\/profonanpe.org.pe\/wp-content\/uploads\/2024\/03\/IMG_5299-scaled.jpg\" class=\"slider-34047 slide-34058 msDefaultImage\" alt=\"\" rel=\"\" title=\"IMG_5299\" srcset=\"https:\/\/profonanpe.org.pe\/wp-content\/uploads\/2024\/03\/IMG_5299-scaled.jpg 1600w, https:\/\/profonanpe.org.pe\/wp-content\/uploads\/2024\/03\/IMG_5299-300x200.jpg 300w, https:\/\/profonanpe.org.pe\/wp-content\/uploads\/2024\/03\/IMG_5299-1024x683.jpg 1024w, https:\/\/profonanpe.org.pe\/wp-content\/uploads\/2024\/03\/IMG_5299-768x512.jpg 768w, https:\/\/profonanpe.org.pe\/wp-content\/uploads\/2024\/03\/IMG_5299-1536x1024.jpg 1536w, https:\/\/profonanpe.org.pe\/wp-content\/uploads\/2024\/03\/IMG_5299-2048x1365.jpg 2048w\" sizes=\"(max-width: 1600px) 100vw, 1600px\" \/><\/li>\n            <\/ul>\n        <\/div>\n        \n    <\/div>\n<\/div>\n<p>&nbsp;<\/p>\n<p><span style=\"font-weight: 400;\">The event concluded with a panel discussion on practical experiences in implementing \u201cLa Huella de Carbono,\u201d a tool developed by the Ministry of the Environment that recognizes effective measurement and management of carbon emissions. The panel was moderated by Milagros Sandoval, alongside Thomas Duncan, President of the Business Sustainability Commission of the Lima Chamber of Commerce, and David Garc\u00eda, Environmental Strategy Manager at Credicorp. Both experts shared perspectives and best practices on measuring and managing the carbon footprint in the business sector, highlighting the importance of environmental responsibility in corporate decision-making.<\/span><\/p>\n<p>&nbsp;<\/p>\n<figure id=\"attachment_34052\" aria-describedby=\"caption-attachment-34052\" style=\"width: 800px\" class=\"wp-caption aligncenter\"><img loading=\"lazy\" decoding=\"async\" class=\"size-large wp-image-34052\" src=\"https:\/\/profonanpe.org.pe\/wp-content\/uploads\/2024\/03\/IMG_5670-1024x683.jpg\" alt=\"\" width=\"800\" height=\"534\" srcset=\"https:\/\/profonanpe.org.pe\/wp-content\/uploads\/2024\/03\/IMG_5670-1024x683.jpg 1024w, https:\/\/profonanpe.org.pe\/wp-content\/uploads\/2024\/03\/IMG_5670-300x200.jpg 300w, https:\/\/profonanpe.org.pe\/wp-content\/uploads\/2024\/03\/IMG_5670-768x512.jpg 768w, https:\/\/profonanpe.org.pe\/wp-content\/uploads\/2024\/03\/IMG_5670-1536x1024.jpg 1536w, https:\/\/profonanpe.org.pe\/wp-content\/uploads\/2024\/03\/IMG_5670-2048x1365.jpg 2048w, https:\/\/profonanpe.org.pe\/wp-content\/uploads\/2024\/03\/IMG_5670-scaled.jpg 1600w\" sizes=\"(max-width: 800px) 100vw, 800px\" \/><figcaption id=\"caption-attachment-34052\" class=\"wp-caption-text\">Thomas Duncan, Chair of the Business Sustainability Commission of the Lima Chamber of Commerce; Milagros Sandoval, Director General of Climate Change and Desertification at the Ministry of the Environment; and David Garc\u00eda, Environmental Strategy Manager at Credicorp<\/figcaption><\/figure>\n<p>&nbsp;<\/p>\n<p><span style=\"font-weight: 400;\">The \u201cABC REDD+ Projects\u201d workshop provided a unique opportunity to introduce the private sector to the opportunities and challenges of the voluntary carbon market, in partnership with environmental funds and government institutions, in the fight against climate change and the conservation of natural resources.<\/span><\/p>","protected":false},"excerpt":{"rendered":"<p>Este martes 12 de marzo se desarroll\u00f3 el taller \u00abABC Proyectos REDD+\u00bb, que reuni\u00f3 a actores del sector privado y representantes de embajadas, para profundizar en los proyectos para la Reducci\u00f3n de Emisiones derivadas de la Deforestaci\u00f3n y Degradaci\u00f3n de los bosques (REDD+) y explorar las oportunidades del Mercado Voluntario de Carbono. Durante la jornada, [&hellip;]<\/p>\n","protected":false},"author":16,"featured_media":34046,"comment_status":"closed","ping_status":"open","sticky":false,"template":"","format":"standard","meta":{"_acf_changed":false,"footnotes":""},"categories":[593,92],"tags":[552,587,589,600,266],"class_list":["post-34044","post","type-post","status-publish","format-standard","has-post-thumbnail","hentry","category-593","category-noticias","tag-fondo-privado-ambiental","tag-mercados-de-carbono","tag-mercados-voluntarios-de-carbono","tag-bionegocios","tag-conservacion"],"acf":[],"yoast_head":"<!-- This site is optimized with the Yoast SEO plugin v27.4 - https:\/\/yoast.com\/product\/yoast-seo-wordpress\/ -->\n<title>El Banco Interamericano de Desarrollo y Profonanpe convocan a empresas interesadas en participar en el Mercado Voluntario de Carbono - Profonanpe<\/title>\n<meta name=\"description\" content=\"&quot;ABC Proyectos REDD+&quot; busca acercar mecanismos del Mercado Voluntario de Carbono a empresas interesadas, destacando la importancia de la conservaci\u00f3n forestal y la integridad en este mercado.\" \/>\n<meta name=\"robots\" content=\"index, follow, max-snippet:-1, max-image-preview:large, max-video-preview:-1\" \/>\n<link rel=\"canonical\" href=\"https:\/\/profonanpe.org.pe\/en\/inter-american-development-bank-and-profonanpe-call-for-companies-interested-in-participating-in-the-voluntary-carbon-market\/\" \/>\n<meta property=\"og:locale\" content=\"en_US\" \/>\n<meta property=\"og:type\" content=\"article\" \/>\n<meta property=\"og:title\" content=\"El Banco Interamericano de Desarrollo y Profonanpe convocan a empresas interesadas en participar en el Mercado Voluntario de Carbono - Profonanpe\" \/>\n<meta property=\"og:description\" content=\"&quot;ABC Proyectos REDD+&quot; busca acercar mecanismos del Mercado Voluntario de Carbono a empresas interesadas, destacando la importancia de la conservaci\u00f3n forestal y la integridad en este mercado.\" \/>\n<meta property=\"og:url\" content=\"https:\/\/profonanpe.org.pe\/en\/inter-american-development-bank-and-profonanpe-call-for-companies-interested-in-participating-in-the-voluntary-carbon-market\/\" \/>\n<meta property=\"og:site_name\" content=\"Profonanpe\" \/>\n<meta property=\"article:published_time\" content=\"2024-03-14T14:41:53+00:00\" \/>\n<meta property=\"article:modified_time\" content=\"2025-01-31T18:11:26+00:00\" \/>\n<meta property=\"og:image\" content=\"https:\/\/profonanpe.org.pe\/wp-content\/uploads\/2024\/03\/IMG_5688-scaled-e1710426276877.jpg\" \/>\n\t<meta property=\"og:image:width\" content=\"1600\" \/>\n\t<meta property=\"og:image:height\" content=\"1066\" \/>\n\t<meta property=\"og:image:type\" content=\"image\/jpeg\" \/>\n<meta name=\"author\" content=\"Comunicaciones\" \/>\n<meta name=\"twitter:card\" content=\"summary_large_image\" \/>\n<meta name=\"twitter:label1\" content=\"Written by\" \/>\n\t<meta name=\"twitter:data1\" content=\"Comunicaciones\" \/>\n\t<meta name=\"twitter:label2\" content=\"Est. reading time\" \/>\n\t<meta name=\"twitter:data2\" content=\"4 minutes\" \/>\n<script type=\"application\/ld+json\" class=\"yoast-schema-graph\">{\"@context\":\"https:\\\/\\\/schema.org\",\"@graph\":[{\"@type\":\"Article\",\"@id\":\"https:\\\/\\\/profonanpe.org.pe\\\/el-banco-interamericano-de-desarrollo-y-profonanpe-convocan-a-empresas-interesadas-en-participar-en-el-mercado-voluntario-de-carbono\\\/#article\",\"isPartOf\":{\"@id\":\"https:\\\/\\\/profonanpe.org.pe\\\/el-banco-interamericano-de-desarrollo-y-profonanpe-convocan-a-empresas-interesadas-en-participar-en-el-mercado-voluntario-de-carbono\\\/\"},\"author\":{\"name\":\"Comunicaciones\",\"@id\":\"https:\\\/\\\/profonanpe.org.pe\\\/#\\\/schema\\\/person\\\/6240c1280fa0faa493147e00b333ed6d\"},\"headline\":\"El Banco Interamericano de Desarrollo y Profonanpe convocan a empresas interesadas en participar en el Mercado Voluntario de Carbono\",\"datePublished\":\"2024-03-14T14:41:53+00:00\",\"dateModified\":\"2025-01-31T18:11:26+00:00\",\"mainEntityOfPage\":{\"@id\":\"https:\\\/\\\/profonanpe.org.pe\\\/el-banco-interamericano-de-desarrollo-y-profonanpe-convocan-a-empresas-interesadas-en-participar-en-el-mercado-voluntario-de-carbono\\\/\"},\"wordCount\":724,\"publisher\":{\"@id\":\"https:\\\/\\\/profonanpe.org.pe\\\/#organization\"},\"image\":{\"@id\":\"https:\\\/\\\/profonanpe.org.pe\\\/el-banco-interamericano-de-desarrollo-y-profonanpe-convocan-a-empresas-interesadas-en-participar-en-el-mercado-voluntario-de-carbono\\\/#primaryimage\"},\"thumbnailUrl\":\"https:\\\/\\\/profonanpe.org.pe\\\/wp-content\\\/uploads\\\/2024\\\/03\\\/IMG_5688-scaled-e1710426276877.jpg\",\"keywords\":[\"fondo privado ambiental\",\"mercados de carbono\",\"mercados voluntarios de carbono\",\"bionegocios\",\"conservaci\u00f3n\"],\"articleSection\":[\"2024\",\"Noticias\"],\"inLanguage\":\"en-US\"},{\"@type\":\"WebPage\",\"@id\":\"https:\\\/\\\/profonanpe.org.pe\\\/el-banco-interamericano-de-desarrollo-y-profonanpe-convocan-a-empresas-interesadas-en-participar-en-el-mercado-voluntario-de-carbono\\\/\",\"url\":\"https:\\\/\\\/profonanpe.org.pe\\\/el-banco-interamericano-de-desarrollo-y-profonanpe-convocan-a-empresas-interesadas-en-participar-en-el-mercado-voluntario-de-carbono\\\/\",\"name\":\"El Banco Interamericano de Desarrollo y Profonanpe convocan a empresas interesadas en participar en el Mercado Voluntario de Carbono - Profonanpe\",\"isPartOf\":{\"@id\":\"https:\\\/\\\/profonanpe.org.pe\\\/#website\"},\"primaryImageOfPage\":{\"@id\":\"https:\\\/\\\/profonanpe.org.pe\\\/el-banco-interamericano-de-desarrollo-y-profonanpe-convocan-a-empresas-interesadas-en-participar-en-el-mercado-voluntario-de-carbono\\\/#primaryimage\"},\"image\":{\"@id\":\"https:\\\/\\\/profonanpe.org.pe\\\/el-banco-interamericano-de-desarrollo-y-profonanpe-convocan-a-empresas-interesadas-en-participar-en-el-mercado-voluntario-de-carbono\\\/#primaryimage\"},\"thumbnailUrl\":\"https:\\\/\\\/profonanpe.org.pe\\\/wp-content\\\/uploads\\\/2024\\\/03\\\/IMG_5688-scaled-e1710426276877.jpg\",\"datePublished\":\"2024-03-14T14:41:53+00:00\",\"dateModified\":\"2025-01-31T18:11:26+00:00\",\"description\":\"\\\"ABC Proyectos REDD+\\\" busca acercar mecanismos del Mercado Voluntario de Carbono a empresas interesadas, destacando la importancia de la conservaci\u00f3n forestal y la integridad en este mercado.\",\"breadcrumb\":{\"@id\":\"https:\\\/\\\/profonanpe.org.pe\\\/el-banco-interamericano-de-desarrollo-y-profonanpe-convocan-a-empresas-interesadas-en-participar-en-el-mercado-voluntario-de-carbono\\\/#breadcrumb\"},\"inLanguage\":\"en-US\",\"potentialAction\":[{\"@type\":\"ReadAction\",\"target\":[\"https:\\\/\\\/profonanpe.org.pe\\\/el-banco-interamericano-de-desarrollo-y-profonanpe-convocan-a-empresas-interesadas-en-participar-en-el-mercado-voluntario-de-carbono\\\/\"]}]},{\"@type\":\"ImageObject\",\"inLanguage\":\"en-US\",\"@id\":\"https:\\\/\\\/profonanpe.org.pe\\\/el-banco-interamericano-de-desarrollo-y-profonanpe-convocan-a-empresas-interesadas-en-participar-en-el-mercado-voluntario-de-carbono\\\/#primaryimage\",\"url\":\"https:\\\/\\\/profonanpe.org.pe\\\/wp-content\\\/uploads\\\/2024\\\/03\\\/IMG_5688-scaled-e1710426276877.jpg\",\"contentUrl\":\"https:\\\/\\\/profonanpe.org.pe\\\/wp-content\\\/uploads\\\/2024\\\/03\\\/IMG_5688-scaled-e1710426276877.jpg\",\"width\":1600,\"height\":1066},{\"@type\":\"BreadcrumbList\",\"@id\":\"https:\\\/\\\/profonanpe.org.pe\\\/el-banco-interamericano-de-desarrollo-y-profonanpe-convocan-a-empresas-interesadas-en-participar-en-el-mercado-voluntario-de-carbono\\\/#breadcrumb\",\"itemListElement\":[{\"@type\":\"ListItem\",\"position\":1,\"name\":\"Portada\",\"item\":\"https:\\\/\\\/profonanpe.org.pe\\\/\"},{\"@type\":\"ListItem\",\"position\":2,\"name\":\"El Banco Interamericano de Desarrollo y Profonanpe convocan a empresas interesadas en participar en el Mercado Voluntario de Carbono\"}]},{\"@type\":\"WebSite\",\"@id\":\"https:\\\/\\\/profonanpe.org.pe\\\/#website\",\"url\":\"https:\\\/\\\/profonanpe.org.pe\\\/\",\"name\":\"Profonanpe\",\"description\":\"\",\"publisher\":{\"@id\":\"https:\\\/\\\/profonanpe.org.pe\\\/#organization\"},\"potentialAction\":[{\"@type\":\"SearchAction\",\"target\":{\"@type\":\"EntryPoint\",\"urlTemplate\":\"https:\\\/\\\/profonanpe.org.pe\\\/?s={search_term_string}\"},\"query-input\":{\"@type\":\"PropertyValueSpecification\",\"valueRequired\":true,\"valueName\":\"search_term_string\"}}],\"inLanguage\":\"en-US\"},{\"@type\":\"Organization\",\"@id\":\"https:\\\/\\\/profonanpe.org.pe\\\/#organization\",\"name\":\"Profonanpe\",\"url\":\"https:\\\/\\\/profonanpe.org.pe\\\/\",\"logo\":{\"@type\":\"ImageObject\",\"inLanguage\":\"en-US\",\"@id\":\"https:\\\/\\\/profonanpe.org.pe\\\/#\\\/schema\\\/logo\\\/image\\\/\",\"url\":\"https:\\\/\\\/profonanpe.org.pe\\\/wp-content\\\/uploads\\\/2020\\\/10\\\/Snippet-Profonanpe-v2.jpg\",\"contentUrl\":\"https:\\\/\\\/profonanpe.org.pe\\\/wp-content\\\/uploads\\\/2020\\\/10\\\/Snippet-Profonanpe-v2.jpg\",\"width\":524,\"height\":274,\"caption\":\"Profonanpe\"},\"image\":{\"@id\":\"https:\\\/\\\/profonanpe.org.pe\\\/#\\\/schema\\\/logo\\\/image\\\/\"}},{\"@type\":\"Person\",\"@id\":\"https:\\\/\\\/profonanpe.org.pe\\\/#\\\/schema\\\/person\\\/6240c1280fa0faa493147e00b333ed6d\",\"name\":\"Comunicaciones\",\"url\":\"https:\\\/\\\/profonanpe.org.pe\\\/en\\\/author\\\/comunicaciones-profonanpe\\\/\"}]}<\/script>\n<!-- \/ Yoast SEO plugin. -->","yoast_head_json":{"title":"Inter-American Development Bank and Profonanpe call for companies interested in participating in the Voluntary Carbon Market","description":"\u201cABC REDD+ Projects\u201d aims to introduce interested companies to mechanisms of the voluntary carbon market, highlighting the importance of forest conservation and market integrity","robots":{"index":"index","follow":"follow","max-snippet":"max-snippet:-1","max-image-preview":"max-image-preview:large","max-video-preview":"max-video-preview:-1"},"canonical":"https:\/\/profonanpe.org.pe\/en\/inter-american-development-bank-and-profonanpe-call-for-companies-interested-in-participating-in-the-voluntary-carbon-market\/","og_locale":"en_US","og_type":"article","og_title":"El Banco Interamericano de Desarrollo y Profonanpe convocan a empresas interesadas en participar en el Mercado Voluntario de Carbono - Profonanpe","og_description":"\"ABC Proyectos REDD+\" busca acercar mecanismos del Mercado Voluntario de Carbono a empresas interesadas, destacando la importancia de la conservaci\u00f3n forestal y la integridad en este mercado.","og_url":"https:\/\/profonanpe.org.pe\/en\/inter-american-development-bank-and-profonanpe-call-for-companies-interested-in-participating-in-the-voluntary-carbon-market\/","og_site_name":"Profonanpe","article_published_time":"2024-03-14T14:41:53+00:00","article_modified_time":"2025-01-31T18:11:26+00:00","og_image":[{"width":1600,"height":1066,"url":"https:\/\/profonanpe.org.pe\/wp-content\/uploads\/2024\/03\/IMG_5688-scaled-e1710426276877.jpg","type":"image\/jpeg"}],"author":"Comunicaciones","twitter_card":"summary_large_image","twitter_misc":{"Written by":"Comunicaciones","Est. reading time":"4 minutes"},"schema":{"@context":"https:\/\/schema.org","@graph":[{"@type":"Article","@id":"https:\/\/profonanpe.org.pe\/el-banco-interamericano-de-desarrollo-y-profonanpe-convocan-a-empresas-interesadas-en-participar-en-el-mercado-voluntario-de-carbono\/#article","isPartOf":{"@id":"https:\/\/profonanpe.org.pe\/el-banco-interamericano-de-desarrollo-y-profonanpe-convocan-a-empresas-interesadas-en-participar-en-el-mercado-voluntario-de-carbono\/"},"author":{"name":"Comunicaciones","@id":"https:\/\/profonanpe.org.pe\/#\/schema\/person\/6240c1280fa0faa493147e00b333ed6d"},"headline":"El Banco Interamericano de Desarrollo y Profonanpe convocan a empresas interesadas en participar en el Mercado Voluntario de Carbono","datePublished":"2024-03-14T14:41:53+00:00","dateModified":"2025-01-31T18:11:26+00:00","mainEntityOfPage":{"@id":"https:\/\/profonanpe.org.pe\/el-banco-interamericano-de-desarrollo-y-profonanpe-convocan-a-empresas-interesadas-en-participar-en-el-mercado-voluntario-de-carbono\/"},"wordCount":724,"publisher":{"@id":"https:\/\/profonanpe.org.pe\/#organization"},"image":{"@id":"https:\/\/profonanpe.org.pe\/el-banco-interamericano-de-desarrollo-y-profonanpe-convocan-a-empresas-interesadas-en-participar-en-el-mercado-voluntario-de-carbono\/#primaryimage"},"thumbnailUrl":"https:\/\/profonanpe.org.pe\/wp-content\/uploads\/2024\/03\/IMG_5688-scaled-e1710426276877.jpg","keywords":["fondo privado ambiental","mercados de carbono","mercados voluntarios de carbono","bionegocios","conservaci\u00f3n"],"articleSection":["2024","Noticias"],"inLanguage":"en-US"},{"@type":"WebPage","@id":"https:\/\/profonanpe.org.pe\/el-banco-interamericano-de-desarrollo-y-profonanpe-convocan-a-empresas-interesadas-en-participar-en-el-mercado-voluntario-de-carbono\/","url":"https:\/\/profonanpe.org.pe\/el-banco-interamericano-de-desarrollo-y-profonanpe-convocan-a-empresas-interesadas-en-participar-en-el-mercado-voluntario-de-carbono\/","name":"Inter-American Development Bank and Profonanpe call for companies interested in participating in the Voluntary Carbon Market","isPartOf":{"@id":"https:\/\/profonanpe.org.pe\/#website"},"primaryImageOfPage":{"@id":"https:\/\/profonanpe.org.pe\/el-banco-interamericano-de-desarrollo-y-profonanpe-convocan-a-empresas-interesadas-en-participar-en-el-mercado-voluntario-de-carbono\/#primaryimage"},"image":{"@id":"https:\/\/profonanpe.org.pe\/el-banco-interamericano-de-desarrollo-y-profonanpe-convocan-a-empresas-interesadas-en-participar-en-el-mercado-voluntario-de-carbono\/#primaryimage"},"thumbnailUrl":"https:\/\/profonanpe.org.pe\/wp-content\/uploads\/2024\/03\/IMG_5688-scaled-e1710426276877.jpg","datePublished":"2024-03-14T14:41:53+00:00","dateModified":"2025-01-31T18:11:26+00:00","description":"\u201cABC REDD+ Projects\u201d aims to introduce interested companies to mechanisms of the voluntary carbon market, highlighting the importance of forest conservation and market integrity","breadcrumb":{"@id":"https:\/\/profonanpe.org.pe\/el-banco-interamericano-de-desarrollo-y-profonanpe-convocan-a-empresas-interesadas-en-participar-en-el-mercado-voluntario-de-carbono\/#breadcrumb"},"inLanguage":"en-US","potentialAction":[{"@type":"ReadAction","target":["https:\/\/profonanpe.org.pe\/el-banco-interamericano-de-desarrollo-y-profonanpe-convocan-a-empresas-interesadas-en-participar-en-el-mercado-voluntario-de-carbono\/"]}]},{"@type":"ImageObject","inLanguage":"en-US","@id":"https:\/\/profonanpe.org.pe\/el-banco-interamericano-de-desarrollo-y-profonanpe-convocan-a-empresas-interesadas-en-participar-en-el-mercado-voluntario-de-carbono\/#primaryimage","url":"https:\/\/profonanpe.org.pe\/wp-content\/uploads\/2024\/03\/IMG_5688-scaled-e1710426276877.jpg","contentUrl":"https:\/\/profonanpe.org.pe\/wp-content\/uploads\/2024\/03\/IMG_5688-scaled-e1710426276877.jpg","width":1600,"height":1066},{"@type":"BreadcrumbList","@id":"https:\/\/profonanpe.org.pe\/el-banco-interamericano-de-desarrollo-y-profonanpe-convocan-a-empresas-interesadas-en-participar-en-el-mercado-voluntario-de-carbono\/#breadcrumb","itemListElement":[{"@type":"ListItem","position":1,"name":"Portada","item":"https:\/\/profonanpe.org.pe\/"},{"@type":"ListItem","position":2,"name":"El Banco Interamericano de Desarrollo y Profonanpe convocan a empresas interesadas en participar en el Mercado Voluntario de Carbono"}]},{"@type":"WebSite","@id":"https:\/\/profonanpe.org.pe\/#website","url":"https:\/\/profonanpe.org.pe\/","name":"Profonanpe","description":"","publisher":{"@id":"https:\/\/profonanpe.org.pe\/#organization"},"potentialAction":[{"@type":"SearchAction","target":{"@type":"EntryPoint","urlTemplate":"https:\/\/profonanpe.org.pe\/?s={search_term_string}"},"query-input":{"@type":"PropertyValueSpecification","valueRequired":true,"valueName":"search_term_string"}}],"inLanguage":"en-US"},{"@type":"Organization","@id":"https:\/\/profonanpe.org.pe\/#organization","name":"Profonanpe","url":"https:\/\/profonanpe.org.pe\/","logo":{"@type":"ImageObject","inLanguage":"en-US","@id":"https:\/\/profonanpe.org.pe\/#\/schema\/logo\/image\/","url":"https:\/\/profonanpe.org.pe\/wp-content\/uploads\/2020\/10\/Snippet-Profonanpe-v2.jpg","contentUrl":"https:\/\/profonanpe.org.pe\/wp-content\/uploads\/2020\/10\/Snippet-Profonanpe-v2.jpg","width":524,"height":274,"caption":"Profonanpe"},"image":{"@id":"https:\/\/profonanpe.org.pe\/#\/schema\/logo\/image\/"}},{"@type":"Person","@id":"https:\/\/profonanpe.org.pe\/#\/schema\/person\/6240c1280fa0faa493147e00b333ed6d","name":"Communications","url":"https:\/\/profonanpe.org.pe\/en\/author\/comunicaciones-profonanpe\/"}]}},"_links":{"self":[{"href":"https:\/\/profonanpe.org.pe\/en\/wp-json\/wp\/v2\/posts\/34044","targetHints":{"allow":["GET"]}}],"collection":[{"href":"https:\/\/profonanpe.org.pe\/en\/wp-json\/wp\/v2\/posts"}],"about":[{"href":"https:\/\/profonanpe.org.pe\/en\/wp-json\/wp\/v2\/types\/post"}],"author":[{"embeddable":true,"href":"https:\/\/profonanpe.org.pe\/en\/wp-json\/wp\/v2\/users\/16"}],"replies":[{"embeddable":true,"href":"https:\/\/profonanpe.org.pe\/en\/wp-json\/wp\/v2\/comments?post=34044"}],"version-history":[{"count":0,"href":"https:\/\/profonanpe.org.pe\/en\/wp-json\/wp\/v2\/posts\/34044\/revisions"}],"wp:featuredmedia":[{"embeddable":true,"href":"https:\/\/profonanpe.org.pe\/en\/wp-json\/wp\/v2\/media\/34046"}],"wp:attachment":[{"href":"https:\/\/profonanpe.org.pe\/en\/wp-json\/wp\/v2\/media?parent=34044"}],"wp:term":[{"taxonomy":"category","embeddable":true,"href":"https:\/\/profonanpe.org.pe\/en\/wp-json\/wp\/v2\/categories?post=34044"},{"taxonomy":"post_tag","embeddable":true,"href":"https:\/\/profonanpe.org.pe\/en\/wp-json\/wp\/v2\/tags?post=34044"}],"curies":[{"name":"wp","href":"https:\/\/api.w.org\/{rel}","templated":true}]}}