{"id":33221,"date":"2024-02-01T10:55:23","date_gmt":"2024-02-01T15:55:23","guid":{"rendered":"https:\/\/profonanpe.org.pe\/?p=33221"},"modified":"2025-01-31T13:31:10","modified_gmt":"2025-01-31T18:31:10","slug":"piura-tumbes-lambayeque-and-la-libertad-join-the-dry-forest-project-on-the-northern-coast-of-peru","status":"publish","type":"post","link":"https:\/\/profonanpe.org.pe\/en\/piura-tumbes-lambayeque-y-la-libertad-se-integran-al-proyecto-bosque-seco-de-la-costa-norte-del-peru\/","title":{"rendered":"Piura, Tumbes, Lambayeque and La Libertad join Peru's Northern Coast Dry Forest Project"},"content":{"rendered":"<p><b>Lima, January 2024.<\/b><span style=\"font-weight: 400;\"> In order to strengthen the impact of the \u00abDry Forest of the Northern Coast of Peru\u00bb project, the first working meetings were held with stakeholders actively involved in dry forest sustainability and restoration processes in the regions of Piura, Tumbes, Lambayeque and La Libertad. These meetings sought the active participation of various stakeholders, such as regional governments, conservation organizations, universities and representatives of rural communities, to whom general actions planned for the project implementation period were presented.<\/span><\/p>\n<p>&nbsp;<\/p>\n<p><span style=\"font-weight: 400;\">\u201cThis 2024 is a key year for the project, due to the probability of the occurrence of the El Ni\u00f1o phenomenon. This scenario requires us to act with a sense of urgency to take advantage of the rains to benefit the dry forests. The spaces for socialization and the strengthening of alliances that we are creating in these meetings allow us to adapt and strengthen the plans and contribute significantly to the objectives of conservation and restoration of the dry forests,\u201d said Sergio Lazo, technical coordinator of the project.<\/span><\/p>\n<p>&nbsp;<\/p>\n<div id=\"metaslider-id-33224\" style=\"width: 100%; margin: 0 auto;\" class=\"ml-slider-3-107-0 metaslider metaslider-flex metaslider-33224 ml-slider ms-theme-default nav-hidden\" role=\"region\" aria-label=\"New Slideshow\" data-height=\"300\" data-width=\"800\">\n    <div id=\"metaslider_container_33224\">\n        <div id=\"metaslider_33224\" class=\"flexslider\">\n            <ul class='slides'>\n                <li style=\"display: block; width: 100%;\" class=\"slide-33237 ms-image\" aria-roledescription=\"slide\" data-date=\"2024-02-01 10:54:05\" data-filename=\"WhatsApp-Image-2024-02-01-at-10.40.53-AM-3.jpeg\" data-slide-type=\"image\"><img fetchpriority=\"high\" decoding=\"async\" width=\"1600\" height=\"720\" src=\"https:\/\/profonanpe.org.pe\/wp-content\/uploads\/2024\/02\/WhatsApp-Image-2024-02-01-at-10.40.53-AM-3.jpeg\" class=\"slider-33224 slide-33237 msDefaultImage\" alt=\"\" rel=\"\" title=\"WhatsApp Image 2024-02-01 at 10.40.53 AM (3)\" srcset=\"https:\/\/profonanpe.org.pe\/wp-content\/uploads\/2024\/02\/WhatsApp-Image-2024-02-01-at-10.40.53-AM-3.jpeg 1600w, https:\/\/profonanpe.org.pe\/wp-content\/uploads\/2024\/02\/WhatsApp-Image-2024-02-01-at-10.40.53-AM-3-300x135.jpeg 300w, https:\/\/profonanpe.org.pe\/wp-content\/uploads\/2024\/02\/WhatsApp-Image-2024-02-01-at-10.40.53-AM-3-1024x461.jpeg 1024w, https:\/\/profonanpe.org.pe\/wp-content\/uploads\/2024\/02\/WhatsApp-Image-2024-02-01-at-10.40.53-AM-3-768x346.jpeg 768w, https:\/\/profonanpe.org.pe\/wp-content\/uploads\/2024\/02\/WhatsApp-Image-2024-02-01-at-10.40.53-AM-3-1536x691.jpeg 1536w\" sizes=\"(max-width: 1600px) 100vw, 1600px\" \/><\/li>\n                <li style=\"display: none; width: 100%;\" class=\"slide-33238 ms-image\" aria-roledescription=\"slide\" data-date=\"2024-02-01 10:54:05\" data-filename=\"WhatsApp-Image-2024-02-01-at-10.37.24-AM-1.jpeg\" data-slide-type=\"image\"><img decoding=\"async\" width=\"861\" height=\"622\" src=\"https:\/\/profonanpe.org.pe\/wp-content\/uploads\/2024\/02\/WhatsApp-Image-2024-02-01-at-10.37.24-AM-1.jpeg\" class=\"slider-33224 slide-33238 msDefaultImage\" alt=\"\" rel=\"\" title=\"WhatsApp Image 2024-02-01 at 10.37.24 AM (1)\" srcset=\"https:\/\/profonanpe.org.pe\/wp-content\/uploads\/2024\/02\/WhatsApp-Image-2024-02-01-at-10.37.24-AM-1.jpeg 861w, https:\/\/profonanpe.org.pe\/wp-content\/uploads\/2024\/02\/WhatsApp-Image-2024-02-01-at-10.37.24-AM-1-300x217.jpeg 300w, https:\/\/profonanpe.org.pe\/wp-content\/uploads\/2024\/02\/WhatsApp-Image-2024-02-01-at-10.37.24-AM-1-768x555.jpeg 768w\" sizes=\"(max-width: 861px) 100vw, 861px\" \/><\/li>\n                <li style=\"display: none; width: 100%;\" class=\"slide-33239 ms-image\" aria-roledescription=\"slide\" data-date=\"2024-02-01 10:54:05\" data-filename=\"WhatsApp-Image-2024-02-01-at-10.40.53-AM.jpeg\" data-slide-type=\"image\"><img decoding=\"async\" width=\"1600\" height=\"1200\" src=\"https:\/\/profonanpe.org.pe\/wp-content\/uploads\/2024\/02\/WhatsApp-Image-2024-02-01-at-10.40.53-AM.jpeg\" class=\"slider-33224 slide-33239 msDefaultImage\" alt=\"\" rel=\"\" title=\"WhatsApp Image 2024-02-01 at 10.40.53 AM\" srcset=\"https:\/\/profonanpe.org.pe\/wp-content\/uploads\/2024\/02\/WhatsApp-Image-2024-02-01-at-10.40.53-AM.jpeg 1600w, https:\/\/profonanpe.org.pe\/wp-content\/uploads\/2024\/02\/WhatsApp-Image-2024-02-01-at-10.40.53-AM-300x225.jpeg 300w, https:\/\/profonanpe.org.pe\/wp-content\/uploads\/2024\/02\/WhatsApp-Image-2024-02-01-at-10.40.53-AM-1024x768.jpeg 1024w, https:\/\/profonanpe.org.pe\/wp-content\/uploads\/2024\/02\/WhatsApp-Image-2024-02-01-at-10.40.53-AM-768x576.jpeg 768w, https:\/\/profonanpe.org.pe\/wp-content\/uploads\/2024\/02\/WhatsApp-Image-2024-02-01-at-10.40.53-AM-1536x1152.jpeg 1536w\" sizes=\"(max-width: 1600px) 100vw, 1600px\" \/><\/li>\n                <li style=\"display: none; width: 100%;\" class=\"slide-33240 ms-image\" aria-roledescription=\"slide\" data-date=\"2024-02-01 10:54:05\" data-filename=\"WhatsApp-Image-2024-02-01-at-10.40.51-AM.jpeg\" data-slide-type=\"image\"><img loading=\"lazy\" decoding=\"async\" width=\"1599\" height=\"1200\" src=\"https:\/\/profonanpe.org.pe\/wp-content\/uploads\/2024\/02\/WhatsApp-Image-2024-02-01-at-10.40.51-AM.jpeg\" class=\"slider-33224 slide-33240 msDefaultImage\" alt=\"\" rel=\"\" title=\"WhatsApp Image 2024-02-01 at 10.40.51 AM\" srcset=\"https:\/\/profonanpe.org.pe\/wp-content\/uploads\/2024\/02\/WhatsApp-Image-2024-02-01-at-10.40.51-AM.jpeg 1599w, https:\/\/profonanpe.org.pe\/wp-content\/uploads\/2024\/02\/WhatsApp-Image-2024-02-01-at-10.40.51-AM-300x225.jpeg 300w, https:\/\/profonanpe.org.pe\/wp-content\/uploads\/2024\/02\/WhatsApp-Image-2024-02-01-at-10.40.51-AM-1024x768.jpeg 1024w, https:\/\/profonanpe.org.pe\/wp-content\/uploads\/2024\/02\/WhatsApp-Image-2024-02-01-at-10.40.51-AM-768x576.jpeg 768w, https:\/\/profonanpe.org.pe\/wp-content\/uploads\/2024\/02\/WhatsApp-Image-2024-02-01-at-10.40.51-AM-1536x1153.jpeg 1536w\" sizes=\"(max-width: 1599px) 100vw, 1599px\" \/><\/li>\n                <li style=\"display: none; width: 100%;\" class=\"slide-33241 ms-image\" aria-roledescription=\"slide\" data-date=\"2024-02-01 10:54:06\" data-filename=\"IMG20240111130645-scaled.jpg\" data-slide-type=\"image\"><img loading=\"lazy\" decoding=\"async\" width=\"1600\" height=\"901\" src=\"https:\/\/profonanpe.org.pe\/wp-content\/uploads\/2024\/02\/IMG20240111130645-scaled.jpg\" class=\"slider-33224 slide-33241 msDefaultImage\" alt=\"\" rel=\"\" title=\"IMG20240111130645\" srcset=\"https:\/\/profonanpe.org.pe\/wp-content\/uploads\/2024\/02\/IMG20240111130645-scaled.jpg 1600w, https:\/\/profonanpe.org.pe\/wp-content\/uploads\/2024\/02\/IMG20240111130645-300x169.jpg 300w, https:\/\/profonanpe.org.pe\/wp-content\/uploads\/2024\/02\/IMG20240111130645-1024x576.jpg 1024w, https:\/\/profonanpe.org.pe\/wp-content\/uploads\/2024\/02\/IMG20240111130645-768x432.jpg 768w, https:\/\/profonanpe.org.pe\/wp-content\/uploads\/2024\/02\/IMG20240111130645-1536x864.jpg 1536w, https:\/\/profonanpe.org.pe\/wp-content\/uploads\/2024\/02\/IMG20240111130645-2048x1153.jpg 2048w\" sizes=\"(max-width: 1600px) 100vw, 1600px\" \/><\/li>\n                <li style=\"display: none; width: 100%;\" class=\"slide-33242 ms-image\" aria-roledescription=\"slide\" data-date=\"2024-02-01 10:54:06\" data-filename=\"IMG20240110114809-scaled.jpg\" data-slide-type=\"image\"><img loading=\"lazy\" decoding=\"async\" width=\"1600\" height=\"901\" src=\"https:\/\/profonanpe.org.pe\/wp-content\/uploads\/2024\/02\/IMG20240110114809-scaled.jpg\" class=\"slider-33224 slide-33242 msDefaultImage\" alt=\"\" rel=\"\" title=\"IMG20240110114809\" srcset=\"https:\/\/profonanpe.org.pe\/wp-content\/uploads\/2024\/02\/IMG20240110114809-scaled.jpg 1600w, https:\/\/profonanpe.org.pe\/wp-content\/uploads\/2024\/02\/IMG20240110114809-300x169.jpg 300w, https:\/\/profonanpe.org.pe\/wp-content\/uploads\/2024\/02\/IMG20240110114809-1024x576.jpg 1024w, https:\/\/profonanpe.org.pe\/wp-content\/uploads\/2024\/02\/IMG20240110114809-768x432.jpg 768w, https:\/\/profonanpe.org.pe\/wp-content\/uploads\/2024\/02\/IMG20240110114809-1536x864.jpg 1536w, https:\/\/profonanpe.org.pe\/wp-content\/uploads\/2024\/02\/IMG20240110114809-2048x1153.jpg 2048w\" sizes=\"(max-width: 1600px) 100vw, 1600px\" \/><\/li>\n                <li style=\"display: none; width: 100%;\" class=\"slide-33243 ms-image\" aria-roledescription=\"slide\" data-date=\"2024-02-01 10:54:06\" data-filename=\"IMG20240110112648-scaled.jpg\" data-slide-type=\"image\"><img loading=\"lazy\" decoding=\"async\" width=\"1600\" height=\"901\" src=\"https:\/\/profonanpe.org.pe\/wp-content\/uploads\/2024\/02\/IMG20240110112648-scaled.jpg\" class=\"slider-33224 slide-33243 msDefaultImage\" alt=\"\" rel=\"\" title=\"IMG20240110112648\" srcset=\"https:\/\/profonanpe.org.pe\/wp-content\/uploads\/2024\/02\/IMG20240110112648-scaled.jpg 1600w, https:\/\/profonanpe.org.pe\/wp-content\/uploads\/2024\/02\/IMG20240110112648-300x169.jpg 300w, https:\/\/profonanpe.org.pe\/wp-content\/uploads\/2024\/02\/IMG20240110112648-1024x576.jpg 1024w, https:\/\/profonanpe.org.pe\/wp-content\/uploads\/2024\/02\/IMG20240110112648-768x432.jpg 768w, https:\/\/profonanpe.org.pe\/wp-content\/uploads\/2024\/02\/IMG20240110112648-1536x864.jpg 1536w, https:\/\/profonanpe.org.pe\/wp-content\/uploads\/2024\/02\/IMG20240110112648-2048x1153.jpg 2048w\" sizes=\"(max-width: 1600px) 100vw, 1600px\" \/><\/li>\n                <li style=\"display: none; width: 100%;\" class=\"slide-33244 ms-image\" aria-roledescription=\"slide\" data-date=\"2024-02-01 10:54:06\" data-filename=\"IMG20240118175111-scaled.jpg\" data-slide-type=\"image\"><img loading=\"lazy\" decoding=\"async\" width=\"1600\" height=\"1205\" src=\"https:\/\/profonanpe.org.pe\/wp-content\/uploads\/2024\/02\/IMG20240118175111-scaled.jpg\" class=\"slider-33224 slide-33244 msDefaultImage\" alt=\"\" rel=\"\" title=\"IMG20240118175111\" srcset=\"https:\/\/profonanpe.org.pe\/wp-content\/uploads\/2024\/02\/IMG20240118175111-scaled.jpg 1600w, https:\/\/profonanpe.org.pe\/wp-content\/uploads\/2024\/02\/IMG20240118175111-300x226.jpg 300w, https:\/\/profonanpe.org.pe\/wp-content\/uploads\/2024\/02\/IMG20240118175111-1024x771.jpg 1024w, https:\/\/profonanpe.org.pe\/wp-content\/uploads\/2024\/02\/IMG20240118175111-768x578.jpg 768w, https:\/\/profonanpe.org.pe\/wp-content\/uploads\/2024\/02\/IMG20240118175111-1536x1157.jpg 1536w, https:\/\/profonanpe.org.pe\/wp-content\/uploads\/2024\/02\/IMG20240118175111-2048x1542.jpg 2048w\" sizes=\"(max-width: 1600px) 100vw, 1600px\" \/><\/li>\n                <li style=\"display: none; width: 100%;\" class=\"slide-33245 ms-image\" aria-roledescription=\"slide\" data-date=\"2024-02-01 10:54:06\" data-filename=\"Tumbes-1-scaled.jpg\" data-slide-type=\"image\"><img loading=\"lazy\" decoding=\"async\" width=\"1600\" height=\"901\" src=\"https:\/\/profonanpe.org.pe\/wp-content\/uploads\/2024\/02\/Tumbes-1-scaled.jpg\" class=\"slider-33224 slide-33245 msDefaultImage\" alt=\"\" rel=\"\" title=\"Tumbes (1)\" srcset=\"https:\/\/profonanpe.org.pe\/wp-content\/uploads\/2024\/02\/Tumbes-1-scaled.jpg 1600w, https:\/\/profonanpe.org.pe\/wp-content\/uploads\/2024\/02\/Tumbes-1-300x169.jpg 300w, https:\/\/profonanpe.org.pe\/wp-content\/uploads\/2024\/02\/Tumbes-1-1024x576.jpg 1024w, https:\/\/profonanpe.org.pe\/wp-content\/uploads\/2024\/02\/Tumbes-1-768x432.jpg 768w, https:\/\/profonanpe.org.pe\/wp-content\/uploads\/2024\/02\/Tumbes-1-1536x864.jpg 1536w, https:\/\/profonanpe.org.pe\/wp-content\/uploads\/2024\/02\/Tumbes-1-2048x1153.jpg 2048w\" sizes=\"(max-width: 1600px) 100vw, 1600px\" \/><\/li>\n                <li style=\"display: none; width: 100%;\" class=\"slide-33246 ms-image\" aria-roledescription=\"slide\" data-date=\"2024-02-01 10:54:06\" data-filename=\"Piura-2-scaled.jpg\" data-slide-type=\"image\"><img loading=\"lazy\" decoding=\"async\" width=\"1600\" height=\"901\" src=\"https:\/\/profonanpe.org.pe\/wp-content\/uploads\/2024\/02\/Piura-2-scaled.jpg\" class=\"slider-33224 slide-33246 msDefaultImage\" alt=\"\" rel=\"\" title=\"Piura (2)\" srcset=\"https:\/\/profonanpe.org.pe\/wp-content\/uploads\/2024\/02\/Piura-2-scaled.jpg 1600w, https:\/\/profonanpe.org.pe\/wp-content\/uploads\/2024\/02\/Piura-2-300x169.jpg 300w, https:\/\/profonanpe.org.pe\/wp-content\/uploads\/2024\/02\/Piura-2-1024x576.jpg 1024w, https:\/\/profonanpe.org.pe\/wp-content\/uploads\/2024\/02\/Piura-2-768x432.jpg 768w, https:\/\/profonanpe.org.pe\/wp-content\/uploads\/2024\/02\/Piura-2-1536x864.jpg 1536w, https:\/\/profonanpe.org.pe\/wp-content\/uploads\/2024\/02\/Piura-2-2048x1153.jpg 2048w\" sizes=\"(max-width: 1600px) 100vw, 1600px\" \/><\/li>\n                <li style=\"display: none; width: 100%;\" class=\"slide-33247 ms-image\" aria-roledescription=\"slide\" data-date=\"2024-02-01 10:54:06\" data-filename=\"La-Libertad-2-scaled.jpg\" data-slide-type=\"image\"><img loading=\"lazy\" decoding=\"async\" width=\"1600\" height=\"1205\" src=\"https:\/\/profonanpe.org.pe\/wp-content\/uploads\/2024\/02\/La-Libertad-2-scaled.jpg\" class=\"slider-33224 slide-33247 msDefaultImage\" alt=\"\" rel=\"\" title=\"La Libertad (2)\" srcset=\"https:\/\/profonanpe.org.pe\/wp-content\/uploads\/2024\/02\/La-Libertad-2-scaled.jpg 1600w, https:\/\/profonanpe.org.pe\/wp-content\/uploads\/2024\/02\/La-Libertad-2-300x226.jpg 300w, https:\/\/profonanpe.org.pe\/wp-content\/uploads\/2024\/02\/La-Libertad-2-1024x771.jpg 1024w, https:\/\/profonanpe.org.pe\/wp-content\/uploads\/2024\/02\/La-Libertad-2-768x578.jpg 768w, https:\/\/profonanpe.org.pe\/wp-content\/uploads\/2024\/02\/La-Libertad-2-1536x1157.jpg 1536w, https:\/\/profonanpe.org.pe\/wp-content\/uploads\/2024\/02\/La-Libertad-2-2048x1542.jpg 2048w\" sizes=\"(max-width: 1600px) 100vw, 1600px\" \/><\/li>\n                <li style=\"display: none; width: 100%;\" class=\"slide-33248 ms-image\" aria-roledescription=\"slide\" data-date=\"2024-02-01 10:54:06\" data-filename=\"Chilayo-2-scaled.jpg\" data-slide-type=\"image\"><img loading=\"lazy\" decoding=\"async\" width=\"1600\" height=\"1205\" src=\"https:\/\/profonanpe.org.pe\/wp-content\/uploads\/2024\/02\/Chilayo-2-scaled.jpg\" class=\"slider-33224 slide-33248 msDefaultImage\" alt=\"\" rel=\"\" title=\"Chilayo (2)\" srcset=\"https:\/\/profonanpe.org.pe\/wp-content\/uploads\/2024\/02\/Chilayo-2-scaled.jpg 1600w, https:\/\/profonanpe.org.pe\/wp-content\/uploads\/2024\/02\/Chilayo-2-300x226.jpg 300w, https:\/\/profonanpe.org.pe\/wp-content\/uploads\/2024\/02\/Chilayo-2-1024x771.jpg 1024w, https:\/\/profonanpe.org.pe\/wp-content\/uploads\/2024\/02\/Chilayo-2-768x578.jpg 768w, https:\/\/profonanpe.org.pe\/wp-content\/uploads\/2024\/02\/Chilayo-2-1536x1157.jpg 1536w, https:\/\/profonanpe.org.pe\/wp-content\/uploads\/2024\/02\/Chilayo-2-2048x1542.jpg 2048w\" sizes=\"(max-width: 1600px) 100vw, 1600px\" \/><\/li>\n            <\/ul>\n        <\/div>\n        \n    <\/div>\n<\/div>\n<p>&nbsp;<\/p>\n<p><span style=\"font-weight: 400;\">Taking advantage of the strengthening of alliances in these meetings and in anticipation of the upcoming rains brought by the El Ni\u00f1o phenomenon in the northern region of Peru, the \u00abBosque Seco\u00bb project was integrated into the contingency proposal led by the National Forestry and Wildlife Service - SERFOR, the Regional Government of Lambayeque, the San Francisco de Salas Rural Community and the Bosque de Pomac Historic Sanctuary of SERNANP. Key actions were identified to take advantage of the rainfall and begin the process of restoring the local ecosystem and the protected natural area.<\/span><\/p>\n<p>&nbsp;<\/p>\n<p><iframe title=\"Recovery of the forests of the #costanorte \ud83c\udf33\u2728.\" width=\"800\" height=\"450\" src=\"https:\/\/www.youtube.com\/embed\/6hrERXbZhFQ?feature=oembed\" frameborder=\"0\" allow=\"accelerometer; autoplay; clipboard-write; encrypted-media; gyroscope; picture-in-picture; web-share\" referrerpolicy=\"strict-origin-when-cross-origin\" allowfullscreen><\/iframe><\/p>\n<h4><\/h4>\n<h4><b>About the project \u201cDry Forest of the Northern Coast of Peru\u201d.\u201d<\/b><\/h4>\n<p>&nbsp;<\/p>\n<p><span style=\"font-weight: 400;\">Dry forest ecosystems are crucial for climate change adaptation and mitigation, as they harbor great biological diversity and provide essential ecosystem services for local communities.<\/span><\/p>\n<p>&nbsp;<\/p>\n<p><span style=\"font-weight: 400;\">The \u201cDry Forest of the Northern Coast of Peru\u201d project is an initiative financed by the Global Environment Facility (GEF) and executed by the Ministry of the Environment. It is supported by the Ministry of Agrarian Development and Irrigation, FAO, IUCN and Profonanpe. <\/span><a href=\"https:\/\/profonanpe.org.pe\/en\/bosqueseco\/\"><span style=\"font-weight: 400;\">Learn more here<\/span><\/a><span style=\"font-weight: 400;\">.<\/span><\/p>","protected":false},"excerpt":{"rendered":"<p>Lima, enero de 2024. Con el objetivo de fortalecer el impacto del proyecto \u00abBosque Seco de la Costa Norte del Per\u00fa\u00bb, se realizaron las primeras reuniones de trabajo con los actores que participan activamente en procesos de sostenibilidad y restauraci\u00f3n del bosque seco en las regiones de Piura, Tumbes, Lambayeque y La Libertad. Estos encuentros [&hellip;]<\/p>\n","protected":false},"author":16,"featured_media":33223,"comment_status":"closed","ping_status":"open","sticky":false,"template":"","format":"standard","meta":{"_acf_changed":false,"footnotes":""},"categories":[593,92],"tags":[527,600,266,310,324,326,492,494,520,522],"class_list":["post-33221","post","type-post","status-publish","format-standard","has-post-thumbnail","hentry","category-593","category-noticias","tag-cambio-climatico","tag-bionegocios","tag-conservacion","tag-financiamiento","tag-proyectos","tag-sostenibilidad","tag-amazonia","tag-economia-sostenible","tag-finanzas-ambientales","tag-medio-ambiente"],"acf":[],"yoast_head":"<!-- This site is optimized with the Yoast SEO plugin v27.4 - https:\/\/yoast.com\/product\/yoast-seo-wordpress\/ -->\n<title>Piura, Tumbes, Lambayeque y La Libertad se integran al proyecto Bosque Seco de la Costa Norte del Per\u00fa - Profonanpe<\/title>\n<meta name=\"description\" content=\"Mediante espacios de socializaci\u00f3n y di\u00e1logo con actores clave de las 4 regiones, se fortalecen los planes de acci\u00f3n para el 2024.\" \/>\n<meta name=\"robots\" content=\"index, follow, max-snippet:-1, max-image-preview:large, max-video-preview:-1\" \/>\n<link rel=\"canonical\" href=\"https:\/\/profonanpe.org.pe\/en\/piura-tumbes-lambayeque-and-la-libertad-join-the-dry-forest-project-on-the-northern-coast-of-peru\/\" \/>\n<meta property=\"og:locale\" content=\"en_US\" \/>\n<meta property=\"og:type\" content=\"article\" \/>\n<meta property=\"og:title\" content=\"Piura, Tumbes, Lambayeque y La Libertad se integran al proyecto Bosque Seco de la Costa Norte del Per\u00fa - Profonanpe\" \/>\n<meta property=\"og:description\" content=\"Mediante espacios de socializaci\u00f3n y di\u00e1logo con actores clave de las 4 regiones, se fortalecen los planes de acci\u00f3n para el 2024.\" \/>\n<meta property=\"og:url\" content=\"https:\/\/profonanpe.org.pe\/en\/piura-tumbes-lambayeque-and-la-libertad-join-the-dry-forest-project-on-the-northern-coast-of-peru\/\" \/>\n<meta property=\"og:site_name\" content=\"Profonanpe\" \/>\n<meta property=\"article:published_time\" content=\"2024-02-01T15:55:23+00:00\" \/>\n<meta property=\"article:modified_time\" content=\"2025-01-31T18:31:10+00:00\" \/>\n<meta property=\"og:image\" content=\"https:\/\/profonanpe.org.pe\/wp-content\/uploads\/2024\/02\/Principal-scaled.jpg\" \/>\n\t<meta property=\"og:image:width\" content=\"1600\" \/>\n\t<meta property=\"og:image:height\" content=\"901\" \/>\n\t<meta property=\"og:image:type\" content=\"image\/jpeg\" \/>\n<meta name=\"author\" content=\"Comunicaciones\" \/>\n<meta name=\"twitter:card\" content=\"summary_large_image\" \/>\n<meta name=\"twitter:label1\" content=\"Written by\" \/>\n\t<meta name=\"twitter:data1\" content=\"Comunicaciones\" \/>\n\t<meta name=\"twitter:label2\" content=\"Est. reading time\" \/>\n\t<meta name=\"twitter:data2\" content=\"2 minutes\" \/>\n<script type=\"application\/ld+json\" class=\"yoast-schema-graph\">{\"@context\":\"https:\\\/\\\/schema.org\",\"@graph\":[{\"@type\":\"Article\",\"@id\":\"https:\\\/\\\/profonanpe.org.pe\\\/piura-tumbes-lambayeque-y-la-libertad-se-integran-al-proyecto-bosque-seco-de-la-costa-norte-del-peru\\\/#article\",\"isPartOf\":{\"@id\":\"https:\\\/\\\/profonanpe.org.pe\\\/piura-tumbes-lambayeque-y-la-libertad-se-integran-al-proyecto-bosque-seco-de-la-costa-norte-del-peru\\\/\"},\"author\":{\"name\":\"Comunicaciones\",\"@id\":\"https:\\\/\\\/profonanpe.org.pe\\\/#\\\/schema\\\/person\\\/6240c1280fa0faa493147e00b333ed6d\"},\"headline\":\"Piura, Tumbes, Lambayeque y La Libertad se integran al proyecto Bosque Seco de la Costa Norte del Per\u00fa\",\"datePublished\":\"2024-02-01T15:55:23+00:00\",\"dateModified\":\"2025-01-31T18:31:10+00:00\",\"mainEntityOfPage\":{\"@id\":\"https:\\\/\\\/profonanpe.org.pe\\\/piura-tumbes-lambayeque-y-la-libertad-se-integran-al-proyecto-bosque-seco-de-la-costa-norte-del-peru\\\/\"},\"wordCount\":412,\"publisher\":{\"@id\":\"https:\\\/\\\/profonanpe.org.pe\\\/#organization\"},\"image\":{\"@id\":\"https:\\\/\\\/profonanpe.org.pe\\\/piura-tumbes-lambayeque-y-la-libertad-se-integran-al-proyecto-bosque-seco-de-la-costa-norte-del-peru\\\/#primaryimage\"},\"thumbnailUrl\":\"https:\\\/\\\/profonanpe.org.pe\\\/wp-content\\\/uploads\\\/2024\\\/02\\\/Principal-scaled.jpg\",\"keywords\":[\"cambio climatico\",\"bionegocios\",\"conservaci\u00f3n\",\"financiamiento\",\"proyectos\",\"sostenibilidad\",\"Amazon\u00eda\",\"Econom\u00eda Sostenible\",\"Finanzas Ambientales\",\"Medio ambiente\"],\"articleSection\":[\"2024\",\"Noticias\"],\"inLanguage\":\"en-US\"},{\"@type\":\"WebPage\",\"@id\":\"https:\\\/\\\/profonanpe.org.pe\\\/piura-tumbes-lambayeque-y-la-libertad-se-integran-al-proyecto-bosque-seco-de-la-costa-norte-del-peru\\\/\",\"url\":\"https:\\\/\\\/profonanpe.org.pe\\\/piura-tumbes-lambayeque-y-la-libertad-se-integran-al-proyecto-bosque-seco-de-la-costa-norte-del-peru\\\/\",\"name\":\"Piura, Tumbes, Lambayeque y La Libertad se integran al proyecto Bosque Seco de la Costa Norte del Per\u00fa - Profonanpe\",\"isPartOf\":{\"@id\":\"https:\\\/\\\/profonanpe.org.pe\\\/#website\"},\"primaryImageOfPage\":{\"@id\":\"https:\\\/\\\/profonanpe.org.pe\\\/piura-tumbes-lambayeque-y-la-libertad-se-integran-al-proyecto-bosque-seco-de-la-costa-norte-del-peru\\\/#primaryimage\"},\"image\":{\"@id\":\"https:\\\/\\\/profonanpe.org.pe\\\/piura-tumbes-lambayeque-y-la-libertad-se-integran-al-proyecto-bosque-seco-de-la-costa-norte-del-peru\\\/#primaryimage\"},\"thumbnailUrl\":\"https:\\\/\\\/profonanpe.org.pe\\\/wp-content\\\/uploads\\\/2024\\\/02\\\/Principal-scaled.jpg\",\"datePublished\":\"2024-02-01T15:55:23+00:00\",\"dateModified\":\"2025-01-31T18:31:10+00:00\",\"description\":\"Mediante espacios de socializaci\u00f3n y di\u00e1logo con actores clave de las 4 regiones, se fortalecen los planes de acci\u00f3n para el 2024.\",\"breadcrumb\":{\"@id\":\"https:\\\/\\\/profonanpe.org.pe\\\/piura-tumbes-lambayeque-y-la-libertad-se-integran-al-proyecto-bosque-seco-de-la-costa-norte-del-peru\\\/#breadcrumb\"},\"inLanguage\":\"en-US\",\"potentialAction\":[{\"@type\":\"ReadAction\",\"target\":[\"https:\\\/\\\/profonanpe.org.pe\\\/piura-tumbes-lambayeque-y-la-libertad-se-integran-al-proyecto-bosque-seco-de-la-costa-norte-del-peru\\\/\"]}]},{\"@type\":\"ImageObject\",\"inLanguage\":\"en-US\",\"@id\":\"https:\\\/\\\/profonanpe.org.pe\\\/piura-tumbes-lambayeque-y-la-libertad-se-integran-al-proyecto-bosque-seco-de-la-costa-norte-del-peru\\\/#primaryimage\",\"url\":\"https:\\\/\\\/profonanpe.org.pe\\\/wp-content\\\/uploads\\\/2024\\\/02\\\/Principal-scaled.jpg\",\"contentUrl\":\"https:\\\/\\\/profonanpe.org.pe\\\/wp-content\\\/uploads\\\/2024\\\/02\\\/Principal-scaled.jpg\",\"width\":1600,\"height\":901},{\"@type\":\"BreadcrumbList\",\"@id\":\"https:\\\/\\\/profonanpe.org.pe\\\/piura-tumbes-lambayeque-y-la-libertad-se-integran-al-proyecto-bosque-seco-de-la-costa-norte-del-peru\\\/#breadcrumb\",\"itemListElement\":[{\"@type\":\"ListItem\",\"position\":1,\"name\":\"Portada\",\"item\":\"https:\\\/\\\/profonanpe.org.pe\\\/\"},{\"@type\":\"ListItem\",\"position\":2,\"name\":\"Piura, Tumbes, Lambayeque y La Libertad se integran al proyecto Bosque Seco de la Costa Norte del Per\u00fa\"}]},{\"@type\":\"WebSite\",\"@id\":\"https:\\\/\\\/profonanpe.org.pe\\\/#website\",\"url\":\"https:\\\/\\\/profonanpe.org.pe\\\/\",\"name\":\"Profonanpe\",\"description\":\"\",\"publisher\":{\"@id\":\"https:\\\/\\\/profonanpe.org.pe\\\/#organization\"},\"potentialAction\":[{\"@type\":\"SearchAction\",\"target\":{\"@type\":\"EntryPoint\",\"urlTemplate\":\"https:\\\/\\\/profonanpe.org.pe\\\/?s={search_term_string}\"},\"query-input\":{\"@type\":\"PropertyValueSpecification\",\"valueRequired\":true,\"valueName\":\"search_term_string\"}}],\"inLanguage\":\"en-US\"},{\"@type\":\"Organization\",\"@id\":\"https:\\\/\\\/profonanpe.org.pe\\\/#organization\",\"name\":\"Profonanpe\",\"url\":\"https:\\\/\\\/profonanpe.org.pe\\\/\",\"logo\":{\"@type\":\"ImageObject\",\"inLanguage\":\"en-US\",\"@id\":\"https:\\\/\\\/profonanpe.org.pe\\\/#\\\/schema\\\/logo\\\/image\\\/\",\"url\":\"https:\\\/\\\/profonanpe.org.pe\\\/wp-content\\\/uploads\\\/2020\\\/10\\\/Snippet-Profonanpe-v2.jpg\",\"contentUrl\":\"https:\\\/\\\/profonanpe.org.pe\\\/wp-content\\\/uploads\\\/2020\\\/10\\\/Snippet-Profonanpe-v2.jpg\",\"width\":524,\"height\":274,\"caption\":\"Profonanpe\"},\"image\":{\"@id\":\"https:\\\/\\\/profonanpe.org.pe\\\/#\\\/schema\\\/logo\\\/image\\\/\"}},{\"@type\":\"Person\",\"@id\":\"https:\\\/\\\/profonanpe.org.pe\\\/#\\\/schema\\\/person\\\/6240c1280fa0faa493147e00b333ed6d\",\"name\":\"Comunicaciones\",\"url\":\"https:\\\/\\\/profonanpe.org.pe\\\/en\\\/author\\\/comunicaciones-profonanpe\\\/\"}]}<\/script>\n<!-- \/ Yoast SEO plugin. -->","yoast_head_json":{"title":"Piura, Tumbes, Lambayeque and La Libertad join the Dry Forest of the Northern Coast of Peru project - Profonanpe","description":"Through spaces for socialization and dialogue with key stakeholders in the 4 regions, the action plans for 2024 are being strengthened.","robots":{"index":"index","follow":"follow","max-snippet":"max-snippet:-1","max-image-preview":"max-image-preview:large","max-video-preview":"max-video-preview:-1"},"canonical":"https:\/\/profonanpe.org.pe\/en\/piura-tumbes-lambayeque-and-la-libertad-join-the-dry-forest-project-on-the-northern-coast-of-peru\/","og_locale":"en_US","og_type":"article","og_title":"Piura, Tumbes, Lambayeque y La Libertad se integran al proyecto Bosque Seco de la Costa Norte del Per\u00fa - Profonanpe","og_description":"Mediante espacios de socializaci\u00f3n y di\u00e1logo con actores clave de las 4 regiones, se fortalecen los planes de acci\u00f3n para el 2024.","og_url":"https:\/\/profonanpe.org.pe\/en\/piura-tumbes-lambayeque-and-la-libertad-join-the-dry-forest-project-on-the-northern-coast-of-peru\/","og_site_name":"Profonanpe","article_published_time":"2024-02-01T15:55:23+00:00","article_modified_time":"2025-01-31T18:31:10+00:00","og_image":[{"width":1600,"height":901,"url":"https:\/\/profonanpe.org.pe\/wp-content\/uploads\/2024\/02\/Principal-scaled.jpg","type":"image\/jpeg"}],"author":"Comunicaciones","twitter_card":"summary_large_image","twitter_misc":{"Written by":"Comunicaciones","Est. reading time":"2 minutes"},"schema":{"@context":"https:\/\/schema.org","@graph":[{"@type":"Article","@id":"https:\/\/profonanpe.org.pe\/piura-tumbes-lambayeque-y-la-libertad-se-integran-al-proyecto-bosque-seco-de-la-costa-norte-del-peru\/#article","isPartOf":{"@id":"https:\/\/profonanpe.org.pe\/piura-tumbes-lambayeque-y-la-libertad-se-integran-al-proyecto-bosque-seco-de-la-costa-norte-del-peru\/"},"author":{"name":"Comunicaciones","@id":"https:\/\/profonanpe.org.pe\/#\/schema\/person\/6240c1280fa0faa493147e00b333ed6d"},"headline":"Piura, Tumbes, Lambayeque y La Libertad se integran al proyecto Bosque Seco de la Costa Norte del Per\u00fa","datePublished":"2024-02-01T15:55:23+00:00","dateModified":"2025-01-31T18:31:10+00:00","mainEntityOfPage":{"@id":"https:\/\/profonanpe.org.pe\/piura-tumbes-lambayeque-y-la-libertad-se-integran-al-proyecto-bosque-seco-de-la-costa-norte-del-peru\/"},"wordCount":412,"publisher":{"@id":"https:\/\/profonanpe.org.pe\/#organization"},"image":{"@id":"https:\/\/profonanpe.org.pe\/piura-tumbes-lambayeque-y-la-libertad-se-integran-al-proyecto-bosque-seco-de-la-costa-norte-del-peru\/#primaryimage"},"thumbnailUrl":"https:\/\/profonanpe.org.pe\/wp-content\/uploads\/2024\/02\/Principal-scaled.jpg","keywords":["cambio climatico","bionegocios","conservaci\u00f3n","financiamiento","proyectos","sostenibilidad","Amazon\u00eda","Econom\u00eda Sostenible","Finanzas Ambientales","Medio ambiente"],"articleSection":["2024","Noticias"],"inLanguage":"en-US"},{"@type":"WebPage","@id":"https:\/\/profonanpe.org.pe\/piura-tumbes-lambayeque-y-la-libertad-se-integran-al-proyecto-bosque-seco-de-la-costa-norte-del-peru\/","url":"https:\/\/profonanpe.org.pe\/piura-tumbes-lambayeque-y-la-libertad-se-integran-al-proyecto-bosque-seco-de-la-costa-norte-del-peru\/","name":"Piura, Tumbes, Lambayeque and La Libertad join the Dry Forest of the Northern Coast of Peru project - Profonanpe","isPartOf":{"@id":"https:\/\/profonanpe.org.pe\/#website"},"primaryImageOfPage":{"@id":"https:\/\/profonanpe.org.pe\/piura-tumbes-lambayeque-y-la-libertad-se-integran-al-proyecto-bosque-seco-de-la-costa-norte-del-peru\/#primaryimage"},"image":{"@id":"https:\/\/profonanpe.org.pe\/piura-tumbes-lambayeque-y-la-libertad-se-integran-al-proyecto-bosque-seco-de-la-costa-norte-del-peru\/#primaryimage"},"thumbnailUrl":"https:\/\/profonanpe.org.pe\/wp-content\/uploads\/2024\/02\/Principal-scaled.jpg","datePublished":"2024-02-01T15:55:23+00:00","dateModified":"2025-01-31T18:31:10+00:00","description":"Through spaces for socialization and dialogue with key stakeholders in the 4 regions, the action plans for 2024 are being strengthened.","breadcrumb":{"@id":"https:\/\/profonanpe.org.pe\/piura-tumbes-lambayeque-y-la-libertad-se-integran-al-proyecto-bosque-seco-de-la-costa-norte-del-peru\/#breadcrumb"},"inLanguage":"en-US","potentialAction":[{"@type":"ReadAction","target":["https:\/\/profonanpe.org.pe\/piura-tumbes-lambayeque-y-la-libertad-se-integran-al-proyecto-bosque-seco-de-la-costa-norte-del-peru\/"]}]},{"@type":"ImageObject","inLanguage":"en-US","@id":"https:\/\/profonanpe.org.pe\/piura-tumbes-lambayeque-y-la-libertad-se-integran-al-proyecto-bosque-seco-de-la-costa-norte-del-peru\/#primaryimage","url":"https:\/\/profonanpe.org.pe\/wp-content\/uploads\/2024\/02\/Principal-scaled.jpg","contentUrl":"https:\/\/profonanpe.org.pe\/wp-content\/uploads\/2024\/02\/Principal-scaled.jpg","width":1600,"height":901},{"@type":"BreadcrumbList","@id":"https:\/\/profonanpe.org.pe\/piura-tumbes-lambayeque-y-la-libertad-se-integran-al-proyecto-bosque-seco-de-la-costa-norte-del-peru\/#breadcrumb","itemListElement":[{"@type":"ListItem","position":1,"name":"Portada","item":"https:\/\/profonanpe.org.pe\/"},{"@type":"ListItem","position":2,"name":"Piura, Tumbes, Lambayeque y La Libertad se integran al proyecto Bosque Seco de la Costa Norte del Per\u00fa"}]},{"@type":"WebSite","@id":"https:\/\/profonanpe.org.pe\/#website","url":"https:\/\/profonanpe.org.pe\/","name":"Profonanpe","description":"","publisher":{"@id":"https:\/\/profonanpe.org.pe\/#organization"},"potentialAction":[{"@type":"SearchAction","target":{"@type":"EntryPoint","urlTemplate":"https:\/\/profonanpe.org.pe\/?s={search_term_string}"},"query-input":{"@type":"PropertyValueSpecification","valueRequired":true,"valueName":"search_term_string"}}],"inLanguage":"en-US"},{"@type":"Organization","@id":"https:\/\/profonanpe.org.pe\/#organization","name":"Profonanpe","url":"https:\/\/profonanpe.org.pe\/","logo":{"@type":"ImageObject","inLanguage":"en-US","@id":"https:\/\/profonanpe.org.pe\/#\/schema\/logo\/image\/","url":"https:\/\/profonanpe.org.pe\/wp-content\/uploads\/2020\/10\/Snippet-Profonanpe-v2.jpg","contentUrl":"https:\/\/profonanpe.org.pe\/wp-content\/uploads\/2020\/10\/Snippet-Profonanpe-v2.jpg","width":524,"height":274,"caption":"Profonanpe"},"image":{"@id":"https:\/\/profonanpe.org.pe\/#\/schema\/logo\/image\/"}},{"@type":"Person","@id":"https:\/\/profonanpe.org.pe\/#\/schema\/person\/6240c1280fa0faa493147e00b333ed6d","name":"Communications","url":"https:\/\/profonanpe.org.pe\/en\/author\/comunicaciones-profonanpe\/"}]}},"_links":{"self":[{"href":"https:\/\/profonanpe.org.pe\/en\/wp-json\/wp\/v2\/posts\/33221","targetHints":{"allow":["GET"]}}],"collection":[{"href":"https:\/\/profonanpe.org.pe\/en\/wp-json\/wp\/v2\/posts"}],"about":[{"href":"https:\/\/profonanpe.org.pe\/en\/wp-json\/wp\/v2\/types\/post"}],"author":[{"embeddable":true,"href":"https:\/\/profonanpe.org.pe\/en\/wp-json\/wp\/v2\/users\/16"}],"replies":[{"embeddable":true,"href":"https:\/\/profonanpe.org.pe\/en\/wp-json\/wp\/v2\/comments?post=33221"}],"version-history":[{"count":0,"href":"https:\/\/profonanpe.org.pe\/en\/wp-json\/wp\/v2\/posts\/33221\/revisions"}],"wp:featuredmedia":[{"embeddable":true,"href":"https:\/\/profonanpe.org.pe\/en\/wp-json\/wp\/v2\/media\/33223"}],"wp:attachment":[{"href":"https:\/\/profonanpe.org.pe\/en\/wp-json\/wp\/v2\/media?parent=33221"}],"wp:term":[{"taxonomy":"category","embeddable":true,"href":"https:\/\/profonanpe.org.pe\/en\/wp-json\/wp\/v2\/categories?post=33221"},{"taxonomy":"post_tag","embeddable":true,"href":"https:\/\/profonanpe.org.pe\/en\/wp-json\/wp\/v2\/tags?post=33221"}],"curies":[{"name":"wp","href":"https:\/\/api.w.org\/{rel}","templated":true}]}}