{"id":10000,"date":"2020-11-20T10:52:57","date_gmt":"2020-11-20T15:52:57","guid":{"rendered":"https:\/\/profonanpe.org.pe\/?p=10000"},"modified":"2022-03-10T16:50:34","modified_gmt":"2022-03-10T21:50:34","slug":"guardaparques-nuestra-historia","status":"publish","type":"post","link":"https:\/\/profonanpe.org.pe\/en\/guardaparques-nuestra-historia\/","title":{"rendered":"Park Rangers: Our story"},"content":{"rendered":"<p><span style=\"font-weight: 400;\">In Park Rangers: Our Story, every Thursday we will learn a different conservation story, told by its protagonists: the park rangers of the natural protected l areas of our country, who have taken on the difficult task of ensuring the protection of our natural resources and respect for our communities. All of this with the objective of conserving our natural heritage and biodiversity for future generations.<\/span><\/p>\n<p>&nbsp;<\/p>\n<p><span style=\"font-weight: 400;\">In the first episode, we learned the story of Flor de Mar\u00eda Huarca, a 27-year-old park ranger in the Machiguenga Communal Reserve, located in the department of Cusco. Like many other park rangers, she divides her duties between permanent control and monitoring, and environmental education.<\/span><\/p>\n<p>&nbsp;<\/p>\n<p><img fetchpriority=\"high\" decoding=\"async\" class=\"alignnone wp-image-10002\" src=\"https:\/\/profonanpe.org.pe\/wp-content\/uploads\/2020\/11\/Flor-y-guardaparques-300x169.jpeg\" alt=\"\" width=\"969\" height=\"546\" srcset=\"https:\/\/profonanpe.org.pe\/wp-content\/uploads\/2020\/11\/Flor-y-guardaparques-300x169.jpeg 300w, https:\/\/profonanpe.org.pe\/wp-content\/uploads\/2020\/11\/Flor-y-guardaparques-600x338.jpeg 600w, https:\/\/profonanpe.org.pe\/wp-content\/uploads\/2020\/11\/Flor-y-guardaparques-1024x576.jpeg 1024w, https:\/\/profonanpe.org.pe\/wp-content\/uploads\/2020\/11\/Flor-y-guardaparques-768x432.jpeg 768w, https:\/\/profonanpe.org.pe\/wp-content\/uploads\/2020\/11\/Flor-y-guardaparques.jpeg 1280w\" sizes=\"(max-width: 969px) 100vw, 969px\" \/><\/p>\n<p><span style=\"color: #999999;\"><em>Flor de Maria Huarca, in environmental campaigns, in the Machiguenga Communal Reserve.<\/em><\/span><\/p>\n<p>&nbsp;<\/p>\n<p><span style=\"font-weight: 400;\">In the second episode, we follow C\u00e9sar Navarro, a park ranger with more than 25 years of experience, who has worked in the Pacaya Samiria National Reserve and is now in the Alto Mayo Protected Forest. Deeply committed to conservation, many of these guardians of nature have found in the activities with children a space to share their love for nature and encourage the proposal of sustainable actions for the care of the environment. They work every day to build Peru, a task in which we can all be agents of change.<\/span><\/p>\n<p>&nbsp;<\/p>\n<p><img decoding=\"async\" class=\"alignnone wp-image-10003\" src=\"https:\/\/profonanpe.org.pe\/wp-content\/uploads\/2020\/11\/EDUCACION-AMBIENTAL-1-300x169.jpg\" alt=\"\" width=\"978\" height=\"551\" srcset=\"https:\/\/profonanpe.org.pe\/wp-content\/uploads\/2020\/11\/EDUCACION-AMBIENTAL-1-300x169.jpg 300w, https:\/\/profonanpe.org.pe\/wp-content\/uploads\/2020\/11\/EDUCACION-AMBIENTAL-1-scaled-600x338.jpg 600w, https:\/\/profonanpe.org.pe\/wp-content\/uploads\/2020\/11\/EDUCACION-AMBIENTAL-1-1024x577.jpg 1024w, https:\/\/profonanpe.org.pe\/wp-content\/uploads\/2020\/11\/EDUCACION-AMBIENTAL-1-768x433.jpg 768w, https:\/\/profonanpe.org.pe\/wp-content\/uploads\/2020\/11\/EDUCACION-AMBIENTAL-1-1536x865.jpg 1536w, https:\/\/profonanpe.org.pe\/wp-content\/uploads\/2020\/11\/EDUCACION-AMBIENTAL-1-2048x1154.jpg 2048w\" sizes=\"(max-width: 978px) 100vw, 978px\" \/><\/p>\n<p><span style=\"color: #999999;\"><em>C\u00e9sar Navarro, in environmental education activities, in the Alto Mayo Protection Forest.<\/em><\/span><\/p>\n<p>&nbsp;<\/p>\n<p><span style=\"font-weight: 400;\">We invite you to join us in our next episodes through Spotify, every Thursday at 8 a.m. Let\u2019s listen to the voices of our park rangers, the heroes and heroines of our nature! Find us at: https:\/\/spoti.fi\/3mQUPkO<\/span><\/p>\n<p>&nbsp;<\/p>","protected":false},"excerpt":{"rendered":"<p>En Guardaparques: Nuestra historia, conoceremos cada jueves una historia de conservaci\u00f3n distinta, relatada por sus propios protagonistas: los y las guardaparques de las \u00e1reas naturales protegidas de nuestro pa\u00eds, quienes han asumido la dif\u00edcil tarea de velar por la protecci\u00f3n de nuestros recursos naturales y el respeto a nuestras comunidades. Todo ello con el objetivo [&hellip;]<\/p>\n","protected":false},"author":160,"featured_media":10016,"comment_status":"open","ping_status":"open","sticky":false,"template":"","format":"standard","meta":{"_acf_changed":false,"footnotes":""},"categories":[92,421],"tags":[],"class_list":["post-10000","post","type-post","status-publish","format-standard","has-post-thumbnail","hentry","category-noticias","category-421"],"acf":[],"yoast_head":"<!-- This site is optimized with the Yoast SEO plugin v27.4 - https:\/\/yoast.com\/product\/yoast-seo-wordpress\/ -->\n<title>Guardaparques: Nuestra historia - Profonanpe<\/title>\n<meta name=\"robots\" content=\"index, follow, max-snippet:-1, max-image-preview:large, max-video-preview:-1\" \/>\n<link rel=\"canonical\" href=\"https:\/\/profonanpe.org.pe\/en\/guardaparques-nuestra-historia\/\" \/>\n<meta property=\"og:locale\" content=\"en_US\" \/>\n<meta property=\"og:type\" content=\"article\" \/>\n<meta property=\"og:title\" content=\"Guardaparques: Nuestra historia - Profonanpe\" \/>\n<meta property=\"og:description\" content=\"En Guardaparques: Nuestra historia, conoceremos cada jueves una historia de conservaci\u00f3n distinta, relatada por sus propios protagonistas: los y las guardaparques de las \u00e1reas naturales protegidas de nuestro pa\u00eds, quienes han asumido la dif\u00edcil tarea de velar por la protecci\u00f3n de nuestros recursos naturales y el respeto a nuestras comunidades. Todo ello con el objetivo [&hellip;]\" \/>\n<meta property=\"og:url\" content=\"https:\/\/profonanpe.org.pe\/en\/guardaparques-nuestra-historia\/\" \/>\n<meta property=\"og:site_name\" content=\"Profonanpe\" \/>\n<meta property=\"article:published_time\" content=\"2020-11-20T15:52:57+00:00\" \/>\n<meta property=\"article:modified_time\" content=\"2022-03-10T21:50:34+00:00\" \/>\n<meta property=\"og:image\" content=\"https:\/\/profonanpe.org.pe\/wp-content\/uploads\/2020\/11\/banner-twitter.png\" \/>\n\t<meta property=\"og:image:width\" content=\"1024\" \/>\n\t<meta property=\"og:image:height\" content=\"512\" \/>\n\t<meta property=\"og:image:type\" content=\"image\/png\" \/>\n<meta name=\"author\" content=\"Arpynet\" \/>\n<meta name=\"twitter:card\" content=\"summary_large_image\" \/>\n<meta name=\"twitter:label1\" content=\"Written by\" \/>\n\t<meta name=\"twitter:data1\" content=\"Arpynet\" \/>\n\t<meta name=\"twitter:label2\" content=\"Est. reading time\" \/>\n\t<meta name=\"twitter:data2\" content=\"2 minutes\" \/>\n<script type=\"application\/ld+json\" class=\"yoast-schema-graph\">{\"@context\":\"https:\\\/\\\/schema.org\",\"@graph\":[{\"@type\":\"Article\",\"@id\":\"https:\\\/\\\/profonanpe.org.pe\\\/guardaparques-nuestra-historia\\\/#article\",\"isPartOf\":{\"@id\":\"https:\\\/\\\/profonanpe.org.pe\\\/guardaparques-nuestra-historia\\\/\"},\"author\":{\"name\":\"Arpynet\",\"@id\":\"https:\\\/\\\/profonanpe.org.pe\\\/#\\\/schema\\\/person\\\/79fad12520ef387d50a66cff92c7947d\"},\"headline\":\"Guardaparques: Nuestra historia\",\"datePublished\":\"2020-11-20T15:52:57+00:00\",\"dateModified\":\"2022-03-10T21:50:34+00:00\",\"mainEntityOfPage\":{\"@id\":\"https:\\\/\\\/profonanpe.org.pe\\\/guardaparques-nuestra-historia\\\/\"},\"wordCount\":311,\"commentCount\":0,\"publisher\":{\"@id\":\"https:\\\/\\\/profonanpe.org.pe\\\/#organization\"},\"image\":{\"@id\":\"https:\\\/\\\/profonanpe.org.pe\\\/guardaparques-nuestra-historia\\\/#primaryimage\"},\"thumbnailUrl\":\"https:\\\/\\\/profonanpe.org.pe\\\/wp-content\\\/uploads\\\/2020\\\/11\\\/banner-twitter.png\",\"articleSection\":[\"Noticias\",\"2020\"],\"inLanguage\":\"en-US\",\"potentialAction\":[{\"@type\":\"CommentAction\",\"name\":\"Comment\",\"target\":[\"https:\\\/\\\/profonanpe.org.pe\\\/guardaparques-nuestra-historia\\\/#respond\"]}]},{\"@type\":\"WebPage\",\"@id\":\"https:\\\/\\\/profonanpe.org.pe\\\/guardaparques-nuestra-historia\\\/\",\"url\":\"https:\\\/\\\/profonanpe.org.pe\\\/guardaparques-nuestra-historia\\\/\",\"name\":\"Guardaparques: Nuestra historia - Profonanpe\",\"isPartOf\":{\"@id\":\"https:\\\/\\\/profonanpe.org.pe\\\/#website\"},\"primaryImageOfPage\":{\"@id\":\"https:\\\/\\\/profonanpe.org.pe\\\/guardaparques-nuestra-historia\\\/#primaryimage\"},\"image\":{\"@id\":\"https:\\\/\\\/profonanpe.org.pe\\\/guardaparques-nuestra-historia\\\/#primaryimage\"},\"thumbnailUrl\":\"https:\\\/\\\/profonanpe.org.pe\\\/wp-content\\\/uploads\\\/2020\\\/11\\\/banner-twitter.png\",\"datePublished\":\"2020-11-20T15:52:57+00:00\",\"dateModified\":\"2022-03-10T21:50:34+00:00\",\"breadcrumb\":{\"@id\":\"https:\\\/\\\/profonanpe.org.pe\\\/guardaparques-nuestra-historia\\\/#breadcrumb\"},\"inLanguage\":\"en-US\",\"potentialAction\":[{\"@type\":\"ReadAction\",\"target\":[\"https:\\\/\\\/profonanpe.org.pe\\\/guardaparques-nuestra-historia\\\/\"]}]},{\"@type\":\"ImageObject\",\"inLanguage\":\"en-US\",\"@id\":\"https:\\\/\\\/profonanpe.org.pe\\\/guardaparques-nuestra-historia\\\/#primaryimage\",\"url\":\"https:\\\/\\\/profonanpe.org.pe\\\/wp-content\\\/uploads\\\/2020\\\/11\\\/banner-twitter.png\",\"contentUrl\":\"https:\\\/\\\/profonanpe.org.pe\\\/wp-content\\\/uploads\\\/2020\\\/11\\\/banner-twitter.png\",\"width\":1024,\"height\":512},{\"@type\":\"BreadcrumbList\",\"@id\":\"https:\\\/\\\/profonanpe.org.pe\\\/guardaparques-nuestra-historia\\\/#breadcrumb\",\"itemListElement\":[{\"@type\":\"ListItem\",\"position\":1,\"name\":\"Portada\",\"item\":\"https:\\\/\\\/profonanpe.org.pe\\\/\"},{\"@type\":\"ListItem\",\"position\":2,\"name\":\"Guardaparques: Nuestra historia\"}]},{\"@type\":\"WebSite\",\"@id\":\"https:\\\/\\\/profonanpe.org.pe\\\/#website\",\"url\":\"https:\\\/\\\/profonanpe.org.pe\\\/\",\"name\":\"Profonanpe\",\"description\":\"\",\"publisher\":{\"@id\":\"https:\\\/\\\/profonanpe.org.pe\\\/#organization\"},\"potentialAction\":[{\"@type\":\"SearchAction\",\"target\":{\"@type\":\"EntryPoint\",\"urlTemplate\":\"https:\\\/\\\/profonanpe.org.pe\\\/?s={search_term_string}\"},\"query-input\":{\"@type\":\"PropertyValueSpecification\",\"valueRequired\":true,\"valueName\":\"search_term_string\"}}],\"inLanguage\":\"en-US\"},{\"@type\":\"Organization\",\"@id\":\"https:\\\/\\\/profonanpe.org.pe\\\/#organization\",\"name\":\"Profonanpe\",\"url\":\"https:\\\/\\\/profonanpe.org.pe\\\/\",\"logo\":{\"@type\":\"ImageObject\",\"inLanguage\":\"en-US\",\"@id\":\"https:\\\/\\\/profonanpe.org.pe\\\/#\\\/schema\\\/logo\\\/image\\\/\",\"url\":\"https:\\\/\\\/profonanpe.org.pe\\\/wp-content\\\/uploads\\\/2020\\\/10\\\/Snippet-Profonanpe-v2.jpg\",\"contentUrl\":\"https:\\\/\\\/profonanpe.org.pe\\\/wp-content\\\/uploads\\\/2020\\\/10\\\/Snippet-Profonanpe-v2.jpg\",\"width\":524,\"height\":274,\"caption\":\"Profonanpe\"},\"image\":{\"@id\":\"https:\\\/\\\/profonanpe.org.pe\\\/#\\\/schema\\\/logo\\\/image\\\/\"}},{\"@type\":\"Person\",\"@id\":\"https:\\\/\\\/profonanpe.org.pe\\\/#\\\/schema\\\/person\\\/79fad12520ef387d50a66cff92c7947d\",\"name\":\"Arpynet\",\"url\":\"https:\\\/\\\/profonanpe.org.pe\\\/en\\\/author\\\/arpynet\\\/\"}]}<\/script>\n<!-- \/ Yoast SEO plugin. -->","yoast_head_json":{"title":"Guardaparques: Nuestra historia - Profonanpe","robots":{"index":"index","follow":"follow","max-snippet":"max-snippet:-1","max-image-preview":"max-image-preview:large","max-video-preview":"max-video-preview:-1"},"canonical":"https:\/\/profonanpe.org.pe\/en\/guardaparques-nuestra-historia\/","og_locale":"en_US","og_type":"article","og_title":"Guardaparques: Nuestra historia - Profonanpe","og_description":"En Guardaparques: Nuestra historia, conoceremos cada jueves una historia de conservaci\u00f3n distinta, relatada por sus propios protagonistas: los y las guardaparques de las \u00e1reas naturales protegidas de nuestro pa\u00eds, quienes han asumido la dif\u00edcil tarea de velar por la protecci\u00f3n de nuestros recursos naturales y el respeto a nuestras comunidades. Todo ello con el objetivo [&hellip;]","og_url":"https:\/\/profonanpe.org.pe\/en\/guardaparques-nuestra-historia\/","og_site_name":"Profonanpe","article_published_time":"2020-11-20T15:52:57+00:00","article_modified_time":"2022-03-10T21:50:34+00:00","og_image":[{"width":1024,"height":512,"url":"https:\/\/profonanpe.org.pe\/wp-content\/uploads\/2020\/11\/banner-twitter.png","type":"image\/png"}],"author":"Arpynet","twitter_card":"summary_large_image","twitter_misc":{"Written by":"Arpynet","Est. reading time":"2 minutes"},"schema":{"@context":"https:\/\/schema.org","@graph":[{"@type":"Article","@id":"https:\/\/profonanpe.org.pe\/guardaparques-nuestra-historia\/#article","isPartOf":{"@id":"https:\/\/profonanpe.org.pe\/guardaparques-nuestra-historia\/"},"author":{"name":"Arpynet","@id":"https:\/\/profonanpe.org.pe\/#\/schema\/person\/79fad12520ef387d50a66cff92c7947d"},"headline":"Guardaparques: Nuestra historia","datePublished":"2020-11-20T15:52:57+00:00","dateModified":"2022-03-10T21:50:34+00:00","mainEntityOfPage":{"@id":"https:\/\/profonanpe.org.pe\/guardaparques-nuestra-historia\/"},"wordCount":311,"commentCount":0,"publisher":{"@id":"https:\/\/profonanpe.org.pe\/#organization"},"image":{"@id":"https:\/\/profonanpe.org.pe\/guardaparques-nuestra-historia\/#primaryimage"},"thumbnailUrl":"https:\/\/profonanpe.org.pe\/wp-content\/uploads\/2020\/11\/banner-twitter.png","articleSection":["Noticias","2020"],"inLanguage":"en-US","potentialAction":[{"@type":"CommentAction","name":"Comment","target":["https:\/\/profonanpe.org.pe\/guardaparques-nuestra-historia\/#respond"]}]},{"@type":"WebPage","@id":"https:\/\/profonanpe.org.pe\/guardaparques-nuestra-historia\/","url":"https:\/\/profonanpe.org.pe\/guardaparques-nuestra-historia\/","name":"Guardaparques: Nuestra historia - Profonanpe","isPartOf":{"@id":"https:\/\/profonanpe.org.pe\/#website"},"primaryImageOfPage":{"@id":"https:\/\/profonanpe.org.pe\/guardaparques-nuestra-historia\/#primaryimage"},"image":{"@id":"https:\/\/profonanpe.org.pe\/guardaparques-nuestra-historia\/#primaryimage"},"thumbnailUrl":"https:\/\/profonanpe.org.pe\/wp-content\/uploads\/2020\/11\/banner-twitter.png","datePublished":"2020-11-20T15:52:57+00:00","dateModified":"2022-03-10T21:50:34+00:00","breadcrumb":{"@id":"https:\/\/profonanpe.org.pe\/guardaparques-nuestra-historia\/#breadcrumb"},"inLanguage":"en-US","potentialAction":[{"@type":"ReadAction","target":["https:\/\/profonanpe.org.pe\/guardaparques-nuestra-historia\/"]}]},{"@type":"ImageObject","inLanguage":"en-US","@id":"https:\/\/profonanpe.org.pe\/guardaparques-nuestra-historia\/#primaryimage","url":"https:\/\/profonanpe.org.pe\/wp-content\/uploads\/2020\/11\/banner-twitter.png","contentUrl":"https:\/\/profonanpe.org.pe\/wp-content\/uploads\/2020\/11\/banner-twitter.png","width":1024,"height":512},{"@type":"BreadcrumbList","@id":"https:\/\/profonanpe.org.pe\/guardaparques-nuestra-historia\/#breadcrumb","itemListElement":[{"@type":"ListItem","position":1,"name":"Portada","item":"https:\/\/profonanpe.org.pe\/"},{"@type":"ListItem","position":2,"name":"Guardaparques: Nuestra historia"}]},{"@type":"WebSite","@id":"https:\/\/profonanpe.org.pe\/#website","url":"https:\/\/profonanpe.org.pe\/","name":"Profonanpe","description":"","publisher":{"@id":"https:\/\/profonanpe.org.pe\/#organization"},"potentialAction":[{"@type":"SearchAction","target":{"@type":"EntryPoint","urlTemplate":"https:\/\/profonanpe.org.pe\/?s={search_term_string}"},"query-input":{"@type":"PropertyValueSpecification","valueRequired":true,"valueName":"search_term_string"}}],"inLanguage":"en-US"},{"@type":"Organization","@id":"https:\/\/profonanpe.org.pe\/#organization","name":"Profonanpe","url":"https:\/\/profonanpe.org.pe\/","logo":{"@type":"ImageObject","inLanguage":"en-US","@id":"https:\/\/profonanpe.org.pe\/#\/schema\/logo\/image\/","url":"https:\/\/profonanpe.org.pe\/wp-content\/uploads\/2020\/10\/Snippet-Profonanpe-v2.jpg","contentUrl":"https:\/\/profonanpe.org.pe\/wp-content\/uploads\/2020\/10\/Snippet-Profonanpe-v2.jpg","width":524,"height":274,"caption":"Profonanpe"},"image":{"@id":"https:\/\/profonanpe.org.pe\/#\/schema\/logo\/image\/"}},{"@type":"Person","@id":"https:\/\/profonanpe.org.pe\/#\/schema\/person\/79fad12520ef387d50a66cff92c7947d","name":"Comunicaciones","url":"https:\/\/profonanpe.org.pe\/en\/author\/arpynet\/"}]}},"_links":{"self":[{"href":"https:\/\/profonanpe.org.pe\/en\/wp-json\/wp\/v2\/posts\/10000","targetHints":{"allow":["GET"]}}],"collection":[{"href":"https:\/\/profonanpe.org.pe\/en\/wp-json\/wp\/v2\/posts"}],"about":[{"href":"https:\/\/profonanpe.org.pe\/en\/wp-json\/wp\/v2\/types\/post"}],"author":[{"embeddable":true,"href":"https:\/\/profonanpe.org.pe\/en\/wp-json\/wp\/v2\/users\/160"}],"replies":[{"embeddable":true,"href":"https:\/\/profonanpe.org.pe\/en\/wp-json\/wp\/v2\/comments?post=10000"}],"version-history":[{"count":0,"href":"https:\/\/profonanpe.org.pe\/en\/wp-json\/wp\/v2\/posts\/10000\/revisions"}],"wp:featuredmedia":[{"embeddable":true,"href":"https:\/\/profonanpe.org.pe\/en\/wp-json\/wp\/v2\/media\/10016"}],"wp:attachment":[{"href":"https:\/\/profonanpe.org.pe\/en\/wp-json\/wp\/v2\/media?parent=10000"}],"wp:term":[{"taxonomy":"category","embeddable":true,"href":"https:\/\/profonanpe.org.pe\/en\/wp-json\/wp\/v2\/categories?post=10000"},{"taxonomy":"post_tag","embeddable":true,"href":"https:\/\/profonanpe.org.pe\/en\/wp-json\/wp\/v2\/tags?post=10000"}],"curies":[{"name":"wp","href":"https:\/\/api.w.org\/{rel}","templated":true}]}}